{"id":300590,"date":"2025-08-06T14:44:21","date_gmt":"2025-08-06T14:44:21","guid":{"rendered":"https:\/\/www.europesays.com\/fr\/300590\/"},"modified":"2025-08-06T14:44:21","modified_gmt":"2025-08-06T14:44:21","slug":"que-faire-ce-week-end-dans-le-var-les-festivites-du-8-au-10-aout-var","status":"publish","type":"post","link":"https:\/\/www.europesays.com\/fr\/300590\/","title":{"rendered":"Que faire ce week-end dans le Var ? Les festivit\u00e9s du 8 au 10 ao\u00fbt &#8211; Var"},"content":{"rendered":"<p>Ce week-end, le Var s\u2019embrase au rythme des concerts, projections en plein air, feux d\u2019artifice et f\u00eates populaires\u202f! Du vendredi 8 au dimanche 10 ao\u00fbt, villages et stations baln\u00e9aires rivalisent d\u2019animations pour tous les go\u00fbts\u202f: cin\u00e9ma sous les \u00e9toiles \u00e0 Cotignac, soir\u00e9es musicales et march\u00e9s nocturnes sur le littoral, th\u00e9\u00e2tre en bord de mer \u00e0 La Seyne, f\u00eate votive \u00e0 Ollioules, ou encore spectacles pyrotechniques grandioses \u00e0 Saint-Cyr-sur-Mer. Entre gourmandises locales, artisanat, musique live et atmosph\u00e8re estivale, voici notre s\u00e9lection des rendez-vous \u00e0 ne pas manquer pour profiter pleinement de l\u2019\u00e9t\u00e9 varois.<\/p>\n<p>&#13;<\/p>\n<p><strong>En attendant le weekend, d\u00e9couvrez \u00e9galement les temps forts de la semaine !<\/strong><\/p>\n<p> &#13;<\/p>\n<p>\t\t\t\tOn fait quoi ce week-end dans le Var ?\u00a0&#13;<\/p>\n<p>\u00a0<\/p>\n<p>&#13;<br \/>\nLe 8 ao\u00fbt \u00e0 Cotignac : <strong>Cin\u00e9 plein air<\/strong> avec Les Toiles du Sud&#13;<\/p>\n<p style=\"margin-left: 30px;\">Le Festival des Toiles du Sud propose des rendez-vous dans un lieu magique, un th\u00e9\u00e2tre en plein air de 350 places, le th\u00e9\u00e2tre du Rocher, nich\u00e9 au creux d\u2019un site naturel exceptionnel\u2026<\/p>\n<p>&#13;<\/p>\n<p style=\"margin-left: 30px;\"><strong>Vendredi 8 ao\u00fbt &#8211; Th\u00e9\u00e2tre du Rocher, Cotignac<\/strong><br \/>&gt;21h30 : Projection du film Moi qui t&rsquo;aimais (avant premi\u00e8re) sous titre en anglais<\/p>\n<p>&#13;<\/p>\n<p>\t<a href=\"https:\/\/www.frequence-sud.fr\/m\/art-34286-les_toiles_du_sud__cotignac\" rel=\"nofollow noopener\" target=\"_blank\"><\/p>\n<p>               <img decoding=\"async\" src=\"https:\/\/www.europesays.com\/fr\/wp-content\/uploads\/2025\/08\/a34286.jpg\" alt=\"Les Toiles du Sud \" border=\"0\" class=\"ph_200\" loading=\"lazy\"\/><\/p>\n<p>     <\/a>   <\/p>\n<p> \u00a0&#13;<br \/>\nVendredi 8 ao\u00fbt &#8211; <strong>Soir\u00e9es gratuites<\/strong> \u00e0 Saint Cyr sur Mer&#13;<\/p>\n<p style=\"margin-left: 30px;\">La place Portalis \u00e0 Saint-Cyr-sur-Mer devient le coeur battant des soir\u00e9es d&rsquo;\u00e9t\u00e9, avec une s\u00e9rie de concerts gratuits \u00e0 ciel ouvert, organis\u00e9s tous les mercredis et vendredis de juillet et ao\u00fbt.<br \/><strong style=\"letter-spacing: 0.01em;\" data-start=\"1657\" data-end=\"1676\">Vendredi 8 ao\u00fbt<\/strong>\u00a0\u2013\u00a0DJ Fab\u00a0: soir\u00e9e g\u00e9ante 100 % ann\u00e9es 80<\/p>\n<p>&#13;<\/p>\n<p>\u00a0  <\/p>\n<p> &#13;<\/p>\n<p>\u00a0<\/p>\n<p>&#13;<\/p>\n<p>\u00a0<\/p>\n<p>&#13;<br \/>\nVendredi 8 ao\u00fbt\u00a0&#8211; Le Festival du Chapeau \u00e0\u00a0La Seyne sur Mer&#13;<\/p>\n<p style=\"margin-left: 30px;\">Du samedi 2 au vendredi 8 ao\u00fbt, le Fort Balaguier ouvre chaque soir ses portes \u00e0 21h pour une parenth\u00e8se th\u00e9\u00e2trale singuli\u00e8re et conviviale. Pour 6\u202f\u20ac, les spectateurs sont invit\u00e9s \u00e0 d\u00e9couvrir sept pi\u00e8ces aux tonalit\u00e9s vari\u00e9es \u2014 de la com\u00e9die absurde \u00e0 la satire politique en passant par le th\u00e9\u00e2tre engag\u00e9. Un rendez-vous accessible (gratuit pour les moins de 12 ans), dans un lieu magique entre mer et histoire.<\/p>\n<p>&#13;<\/p>\n<p style=\"margin-left: 30px;\">\u00a0<\/p>\n<p>&#13;<\/p>\n<p> &#13;<br \/>\nVendredi 8 ao\u00fbt &#8211; <strong>Les Escales Toulonnaises<\/strong> et ses animations gratuites&#13;<\/p>\n<p style=\"margin-left: 30px;\">Derni\u00e8re escale Toulonnaise \u00e0 Toulon ce vendredi avec au programme\u00a0musique live march\u00e9 de cr\u00e9ateurs jeux en plein air saveurs gourmandes et ambiance estivale jusqu&rsquo;\u00e0 la nuit.<\/p>\n<p>&#13;<\/p>\n<p>\u00a0  <\/p>\n<p>\t<a href=\"https:\/\/www.frequence-sud.fr\/m\/art-103591-les_escales_toulonnaises_toulon\" rel=\"nofollow noopener\" target=\"_blank\"><\/p>\n<p>               <img decoding=\"async\" src=\"https:\/\/www.europesays.com\/fr\/wp-content\/uploads\/2025\/07\/a103591.jpg\" alt=\"Les Escales Toulonnaises\" border=\"0\" class=\"ph_200\" loading=\"lazy\"\/><\/p>\n<p>     <\/a>   <\/p>\n<p> &#13;<\/p>\n<p>\u00a0<\/p>\n<p>&#13;<br \/>\nVendredi 8 ao\u00fbt &#8211; <strong>Boutiques en nocturne<\/strong> et <strong>feu d&rsquo;artifice<\/strong> \u00e0 Bandol&#13;<\/p>\n<p style=\"margin-left: 30px;\">Les commer\u00e7ants de la ville, en partenariat avec Bandol Tourisme et le Casino Partouche, lancent l\u2019initiative Bandol en Nocturne\u2026 Au programme :\u00a0faire ses emplettes \u00e0 la nuit tomb\u00e9e en profitant du march\u00e9 nocturne et des boutiques de Bandol ouvertes en nocturne. En prime,\u00a0le Casino de jeux Partouche, situ\u00e9 au bout du port, offrira un feu d&rsquo;artifice !<\/p>\n<p>&#13;<\/p>\n<p> &#13;<\/p>\n<p>\u00a0<\/p>\n<p>&#13;<br \/>\nVendredi 8 ao\u00fbt &#8211;<strong>\u00a0Les nuit\u00e9es artisanales<\/strong>\u00a0\u00e0 La Londe les Maures&#13;<\/p>\n<p style=\"margin-left: 30px;\">\u00a0Les nuit\u00e9es artisanales &amp; shopping vous accueillent toute la saison au centre-ville avenues Albert Roux ou Georges Clemenceau \u00e0 la Londe les Maures chaque vendredi soir de 18h \u00e0 23h.<\/p>\n<p>&#13;<\/p>\n<p> &#13;<\/p>\n<p>\u00a0<\/p>\n<p>&#13;<br \/>\nDu vendredi 8 au dimanche 10 ao\u00fbt &#8211;<strong>\u00a0Festival Si on chantait<\/strong> \u00e0 Bandol&#13;<\/p>\n<p style=\"margin-left: 30px;\">Du 8 au 10 ao\u00fbt 2025, la ville de Bandol accueille le festival \u00a0\u00bb Si on chantait ! \u00ab\u00a0, <strong>un \u00e9v\u00e9nement gratuit<\/strong>, festif et interg\u00e9n\u00e9rationnel qui va faire vibrer le quai Charles de Gaulle chaque soir d\u00e8s 21h.<\/p>\n<p>&#13;<\/p>\n<p> &#13;<br \/>\nDu 8 au 14 ao\u00fbt &#8211;\u00a0<strong>F\u00eate foraine<\/strong> \u00e0 Saint-Aygulf\u00a0&#13;<\/p>\n<p style=\"margin-left: 30px;\">L&rsquo;\u00e9t\u00e9 bat son plein \u00e0 Saint-Aygulf, et avec lui revient l&rsquo;un des temps forts les plus attendus de la saison : la F\u00eate foraine, du vendredi 8 ao\u00fbt au jeudi 14 ao\u00fbt 2025, sur la place de la Poste.<\/p>\n<p>&#13;<\/p>\n<p> &#13;<\/p>\n<p style=\"margin-left: 30px;\">\u00a0<\/p>\n<p>&#13;<br \/>\nDu 8 au 10 ao\u00fbt &#8211; <strong>F\u00eate votive de la Saint-Laurent\u00a0<\/strong>\u00e0 Ollioules&#13;<\/p>\n<p style=\"margin-left: 30px;\">Ollioules est en f\u00eate du 8 au 10 ao\u00fbt pour c\u00e9l\u00e9brer la Saint Laurent, concerts et spectacles gratuits sont au programme des festivit\u00e9s !<\/p>\n<p>&#13;<\/p>\n<p> &#13;<br \/>\nSamedi 9 ao\u00fbt &#8211;\u00a0<strong>Feu d&rsquo;artifice et spectacle de drones<\/strong> \u00e0 Saint-Cyr-sur-Mer&#13;<\/p>\n<p style=\"margin-left: 30px;\">Saint-Cyr sur Mer f\u00eate cette ann\u00e9e ses 200 ans. Un grand spectacle avec feu d&rsquo;artifice, drones et laser est annonc\u00e9 le samedi 9 ao\u00fbt dans la baie des Lecques.<\/p>\n<p>&#13;<\/p>\n<p>\u00a0  <\/p>\n<p> &#13;<br \/>\nSamedi 9 ao\u00fbt &#8211;\u00a0<strong>Chim\u00e8ne Badi<\/strong> en concert gratuit \u00e0 Vidauban&#13;<\/p>\n<p style=\"margin-left: 30px;\">La chanteuse fran\u00e7aise \u00e0 la voix exceptionnelle interpr\u00e9tera tous ses tubes pour une prestation m\u00ealant vari\u00e9t\u00e9, pop, soul, chanson et gospel, le 9 ao\u00fbt \u00e0 21h30 sur la place de la Mairie.<\/p>\n<p>&#13;<\/p>\n<p> &#13;<\/p>\n<p class=\"pink2\" style=\"margin-left: 30px;\">\u00a0<\/p>\n<p>&#13;<br \/>\nDimanche 10 ao\u00fbt &#8211;\u00a0\u00a0<strong>Fr\u00e9jus Reggae Festival\u00a0<\/strong>&#13;<\/p>\n<p style=\"margin-left: 30px;\">Un festival familial exceptionnel, d\u00e9di\u00e9 aux passionn\u00e9s de reggae et \u00e0 la mise en avant des talents locaux. Cet \u00e9v\u00e9nement promet une exp\u00e9rience inoubliable m\u00ealant d\u00e9couvertes musicales, performances live, ambiance conviviale et d\u00e9gustation de saveurs locales.<\/p>\n<p>&#13;<\/p>\n<p>\t<a href=\"https:\/\/www.frequence-sud.fr\/m\/art-105395-frejus_reggae_festival__frejus\" rel=\"nofollow noopener\" target=\"_blank\"><\/p>\n<p>               <img decoding=\"async\" src=\"https:\/\/www.europesays.com\/fr\/wp-content\/uploads\/2025\/08\/a105395.jpg\" alt=\"Fr\u00e9jus Reggae Festival \" border=\"0\" class=\"ph_200\" loading=\"lazy\"\/><\/p>\n<p>     <\/a>   <\/p>\n<p> &#13;<\/p>\n<p>\u00a0<\/p>\n<p>&#13;<br \/>\n&#13;<br \/>\n<strong>Les March\u00e9s Nocturnes du weekend<\/strong>&#13;<\/p>\n<p> \u00a0&#13;<br \/>\n&#13;<br \/>\nF\u00eates foraines et f\u00eates locales cette semaine\u00a0&#13;<\/p>\n<p> \u00a0&#13;<br \/>\n&#13;<br \/>\n\u00a0Les cin\u00e9s plein air de la semaine\u00a0&#13;<br \/>\n&#13;<\/p>\n<p> \u00a0&#13;<br \/>\n&#13;<\/p>\n<p>\u00a0<\/p>\n<p>&#13;<br \/>\nC\u00f4t\u00e9 loisirs et festivit\u00e9s du week-end dans le Var&#13;<br \/>\nAiguines<br \/>\n\t\t\t\t Aups<br \/>\n\t\t\t\t Bandol<br \/>Barjols<br \/>\n\t\t\t\t Bormes-les-Mimosas<br \/>\n\t\t\t\t Brignoles<br \/>\n\t\t\t\t Carnoules<br \/>\n\t\t\t\t Carqueiranne<br \/>\n\t\t\t\t Cavalaire-sur-Mer<br \/>Cogolin<br \/>\n\t\t\t\t Collobri\u00e8res<br \/>\n\t\t\t\t Cuers<br \/>\n\t\t\t\t Draguignan<br \/>\n\t\t\t\t Fayence<br \/>\n\t\t\t\t Figani\u00e8res<br \/>\n\t\t\t\t Flassans-sur-Issole<br \/>\n\t\t\t\t Flayosc<br \/>\n\t\t\t\t Fr\u00e9jus<br \/>Gassin<br \/>\n\t\t\t\t Grimaud<br \/>\n\t\t\t\t Hy\u00e8res<br \/>\n\t\t\t\t La Crau<br \/>La Croix-Valmer<br \/>\n\t\t\t\t La Farl\u00e8de<br \/>\n\t\t\t\t La Garde<br \/>\n\t\t\t\t La Londe-les-Maures<br \/>\n\t\t\t\t La Seyne-sur-Mer<br \/>La Valette-du-Var<br \/>\n\t\t\t\t Le Beausset<br \/>\n\t\t\t\t Le Castellet<br \/>\n\t\t\t\t Le Lavandou<br \/>Le Luc<br \/>Le Pradet <br \/>\n\t\t\t\t Lorgues<br \/>\n\t\t\t\t Montauroux<br \/>\n\t\t\t\t Nans-les-Pins<br \/>\n\t\t\t\t Nice<br \/>\n\t\t\t\t Ollioules<br \/>Pignans<br \/>\n\t\t\t\t Ramatuelle<br \/>\n\t\t\t\t Roquebrune-sur-Argens<br \/>\n\t\t\t\t Saint-Cyr-sur-Mer<br \/>Saint-Mandrier-sur-Mer<br \/>\n\t\t\t\t Saint-Maximin-la-Sainte-Baume<br \/>\n\t\t\t\t Saint-Rapha\u00ebl<br \/>\n\t\t\t\t Sainte-Maxime<br \/>\n\t\t\t\t Sanary-sur-Mer<br \/>\n\t\t\t\t Signes<br \/>\n\t\t\t\t Six-Fours-les-Plages<br \/>\n\t\t\t\t Solli\u00e8s-Pont<br \/>\n\t\t\t\t Toulon<br \/>&#13;<\/p>\n<p>\u00a0<\/p>\n<p>&#13;<br \/>\nEn avant les expositions !&#13;<br \/>\nAiguines<br \/>\n\t\t\t\t Bormes-les-Mimosas<br \/>\n\t\t\t\t Collobri\u00e8res<br \/>\n\t\t\t\t Draguignan<br \/>\n\t\t\t\t Hy\u00e8res<br \/>\n\t\t\t\t La Croix-Valmer<br \/>\n\t\t\t\t La Seyne-sur-Mer<br \/>\n\t\t\t\t Le Lavandou<br \/>Nice<br \/>Ollioules<br \/>Pierrefeu-du-Var<br \/>\n\t\t\t\t Roquebrune-sur-Argens<br \/>\n\t\t\t\t Saint-Rapha\u00ebl<br \/>\n\t\t\t\t Saint-Tropez<br \/>\n\t\t\t\t Toulon<br \/>&#13;<\/p>\n<p>\u00a0<\/p>\n<p>&#13;<br \/>\n<a href=\"https:\/\/www.europesays.com\/fr\/wp-content\/uploads\/2025\/05\/4804.jpg\" data-fancybox=\"gallery\" class=\"grouped_elements\" rel=\"example_group\"><img decoding=\"async\" src=\"https:\/\/www.europesays.com\/fr\/wp-content\/uploads\/2025\/05\/4804.jpg\" class=\"include_img\" loading=\"lazy\"\/><\/a>&#13;<\/p>\n<p>\u00a0<\/p>\n<p>&#13;<br \/>\nLes spectacles du week-end\u00a0&#13;<\/p>\n<p>Entre com\u00e9dies hilarantes, pi\u00e8ces de th\u00e9\u00e2tre et concerts&#8230;ce week-end vous vous devriez rire et en prendre plein les oreilles.\u00a0<\/p>\n<p>Aiguines<br \/>\n\t\t\t\t Carnoules<br \/>\n\t\t\t\t Cavalaire-sur-Mer<br \/>Cuers<br \/>\n\t\t\t\t Draguignan<br \/>\n\t\t\t\t Fayence<br \/>\n\t\t\t\t Flassans-sur-Issole<br \/>\n\t\t\t\t Flayosc<br \/>\n\t\t\t\t La Croix-Valmer<br \/>\n\t\t\t\t La Farl\u00e8de<br \/>\n\t\t\t\t La Seyne-sur-Mer<br \/>Le Beausset<br \/>\n\t\t\t\t Le Castellet<br \/>\n\t\t\t\t Le Luc<br \/>\n\t\t\t\t Le Pradet <br \/>\n\t\t\t\t Montauroux<br \/>\n\t\t\t\t Nans-les-Pins<br \/>\n\t\t\t\t Nice<br \/>Pierrefeu-du-Var<br \/>\n\t\t\t\t Pignans<br \/>\n\t\t\t\t Ramatuelle<br \/>Roquebrune-sur-Argens<br \/>\n\t\t\t\t Saint-Cyr-sur-Mer<br \/>\n\t\t\t\t Saint-Mandrier-sur-Mer<br \/>\n\t\t\t\t Saint-Rapha\u00ebl<br \/>Sainte-Maxime<br \/>Sanary-sur-Mer<br \/>\n\t\t\t\t Six-Fours-les-Plages<br \/>\n\t\t\t\t Solli\u00e8s-Pont<br \/>\n\t\t\t\t &#13;<br \/>\n<a href=\"https:\/\/www.europesays.com\/fr\/wp-content\/uploads\/2025\/04\/5034.jpg\" data-fancybox=\"gallery\" class=\"grouped_elements\" rel=\"example_group\"><img decoding=\"async\" src=\"https:\/\/www.europesays.com\/fr\/wp-content\/uploads\/2025\/04\/5034.jpg\" class=\"include_img\" loading=\"lazy\"\/><\/a>&#13;<\/p>\n<p>\u00a0<\/p>\n<p>&#13;<br \/>\nDe belles balades dans le Var ce week-end&#13;<\/p>\n<p><strong>&gt;\u00a0<a href=\"https:\/\/www.frequence-sud.fr\/balades-nature.php\" rel=\"nofollow noopener\" target=\"_blank\">https:\/\/www.frequence-sud.fr\/balades-nature.php<\/a><\/strong><\/p>\n<p>&#13;<\/p>\n<p>On profite du soleil et des massifs encore ouverts pour faire de belles balades nature dans le Var.<\/p>\n<p>&#13;<\/p>\n<p> \u00a0  <\/p>\n<p> \u00a0  <\/p>\n<p> \u00a0  <\/p>\n<p> \u00a0  <\/p>\n<p> \u00a0  <\/p>\n<p> &#13;<br \/>\n\u00a0<\/p>\n","protected":false},"excerpt":{"rendered":"Ce week-end, le Var s\u2019embrase au rythme des concerts, projections en plein air, feux d\u2019artifice et f\u00eates populaires\u202f!&hellip;\n","protected":false},"author":2,"featured_media":300591,"comment_status":"","ping_status":"","sticky":false,"template":"","format":"standard","meta":{"footnotes":""},"categories":[9619],"tags":[1111,11,1777,674,1011,27,12,882,25,2310],"class_list":{"0":"post-300590","1":"post","2":"type-post","3":"status-publish","4":"format-standard","5":"has-post-thumbnail","7":"category-toulon","8":"tag-actu","9":"tag-actualites","10":"tag-eu","11":"tag-europe","12":"tag-fr","13":"tag-france","14":"tag-news","15":"tag-provence-alpes-cote-dazur","16":"tag-republique-francaise","17":"tag-toulon"},"share_on_mastodon":{"url":"https:\/\/pubeurope.com\/@fr\/114982359374501442","error":""},"_links":{"self":[{"href":"https:\/\/www.europesays.com\/fr\/wp-json\/wp\/v2\/posts\/300590","targetHints":{"allow":["GET"]}}],"collection":[{"href":"https:\/\/www.europesays.com\/fr\/wp-json\/wp\/v2\/posts"}],"about":[{"href":"https:\/\/www.europesays.com\/fr\/wp-json\/wp\/v2\/types\/post"}],"author":[{"embeddable":true,"href":"https:\/\/www.europesays.com\/fr\/wp-json\/wp\/v2\/users\/2"}],"replies":[{"embeddable":true,"href":"https:\/\/www.europesays.com\/fr\/wp-json\/wp\/v2\/comments?post=300590"}],"version-history":[{"count":0,"href":"https:\/\/www.europesays.com\/fr\/wp-json\/wp\/v2\/posts\/300590\/revisions"}],"wp:featuredmedia":[{"embeddable":true,"href":"https:\/\/www.europesays.com\/fr\/wp-json\/wp\/v2\/media\/300591"}],"wp:attachment":[{"href":"https:\/\/www.europesays.com\/fr\/wp-json\/wp\/v2\/media?parent=300590"}],"wp:term":[{"taxonomy":"category","embeddable":true,"href":"https:\/\/www.europesays.com\/fr\/wp-json\/wp\/v2\/categories?post=300590"},{"taxonomy":"post_tag","embeddable":true,"href":"https:\/\/www.europesays.com\/fr\/wp-json\/wp\/v2\/tags?post=300590"}],"curies":[{"name":"wp","href":"https:\/\/api.w.org\/{rel}","templated":true}]}}