{"id":300592,"date":"2025-08-06T14:45:12","date_gmt":"2025-08-06T14:45:12","guid":{"rendered":"https:\/\/www.europesays.com\/fr\/300592\/"},"modified":"2025-08-06T14:45:12","modified_gmt":"2025-08-06T14:45:12","slug":"cet-ete-le-terminal1-reste-ouvert-pour-sublimer-vos-dejeuners-et-diners-daout","status":"publish","type":"post","link":"https:\/\/www.europesays.com\/fr\/300592\/","title":{"rendered":"cet \u00e9t\u00e9, le Terminal#1 reste ouvert pour sublimer vos d\u00e9jeuners et d\u00eeners d\u2019ao\u00fbt"},"content":{"rendered":"<p>            Par<br \/>\n        <strong><br \/>\n            <a href=\"https:\/\/actu.fr\/auteur\/manon-haddouche\" title=\"Consulter tous les articles de Manon Haddouche\" rel=\"nofollow noopener\" target=\"_blank\">Manon Haddouche<\/a><br \/>\n        <\/strong><\/p>\n<p>        Publi\u00e9 le<\/p>\n<p>            6 ao\u00fbt 2025 \u00e0 16h30        <\/p>\n<p>Ouvert en ao\u00fbt, le <strong>Terminal#1<\/strong> propose de prolonger les saveurs de l\u2019\u00e9t\u00e9.<\/p>\n<p>Une table d\u2019exception\u2026<\/p>\n<p class=\" wall-content\">Situ\u00e9 \u00e0 <strong>Montpellier<\/strong>, le Terminal#1 est <strong>ouvert tout l\u2019\u00e9t\u00e9<\/strong>, y compris au mois d\u2019ao\u00fbt, pour une <strong>parenth\u00e8se culinaire<\/strong> au c\u0153ur de la M\u00e9diterran\u00e9e. Facile d\u2019acc\u00e8s, le restaurant dispose d\u2019un parking priv\u00e9 pour ses clients.\u00a0<\/p>\n<p class=\" wall-content\">L\u2019occasion de profiter d\u2019une terrasse ext\u00e9rieure, ombrag\u00e9e et v\u00e9g\u00e9talis\u00e9e, ainsi que d\u2019une salle int\u00e9rieure climatis\u00e9e, pens\u00e9es pour profiter pleinement du d\u00e9jeuner au d\u00eener, en savourant une cuisine d\u2019exception.\u00a0<\/p>\n<p>    <a href=\"https:\/\/www.google.com\/maps\/embed?pb=!1m18!1m12!1m3!1d2618.7859812113834!2d3.904049875825365!3d43.59207147110509!2m3!1f0!2f0!3f0!3m2!1i1024!2i768!4f13.1!3m3!1m2!1s0x12b6a5602dc84333%3A0xd385f3a3c2cd9d04!2sTerminal%20%231!5e1!3m2!1sfr!2sfr!4v1754156829262!5m2!1sfr!2sfr\" title=\"Ouvrie le lien\" rel=\"nofollow noopener\" target=\"_blank\">Cliquez ici pour visualiser le contenu<\/a><\/p>\n<p>\u2026 o\u00f9 d\u00e9guster la carte estivale<\/p>\n<p class=\" wall-content\">\u00c0 d\u00e9guster et (re)d\u00e9couvrir : la <strong>carte estivale<\/strong>, fra\u00eeche, imagin\u00e9e par Nicolas Faujanet, chef ex\u00e9cutif, en collaboration avec Jacques &amp; Laurent Pourcel. Un v\u00e9ritable voyage autour des produits de saison : textures vari\u00e9es, notes iod\u00e9es, accords v\u00e9g\u00e9taux et associations mettant en valeur la richesse du terroir m\u00e9diterran\u00e9en.\u00a0<\/p>\n<p>Vid\u00e9os : en ce moment sur Actu<br \/>\n    <img   decoding=\"async\" loading=\"lazy\" src=\"https:\/\/www.europesays.com\/fr\/wp-content\/uploads\/2025\/08\/terminal-mai-2025-carte-bellinmegane-charlene-pelut-photographes-98-960x640.jpg\" alt=\"La carte estivale, fra\u00eeche, a \u00e9t\u00e9 imagin\u00e9e par Nicolas Faujanet, chef ex\u00e9cutif, en collaboration avec Jacques &amp; Laurent Pourcel. \" width=\"960\" height=\"640\"\/><br \/>\n    La carte estivale, fra\u00eeche, a \u00e9t\u00e9 imagin\u00e9e par Nicolas Faujanet, chef ex\u00e9cutif, en collaboration avec Jacques &amp; Laurent Pourcel. (\u00a9@bellin.megane \/ Charl\u00e8ne P\u00e9lut Photographes)<\/p>\n<p class=\" wall-content\">Que ce soit autour d\u2019un verre, pour un d\u00e9jeuner en semaine ou un d\u00eener, le Terminal#1 invite \u00e0 une exp\u00e9rience gourmande dans un cadre apaisant et lumineux.<\/p>\n<p><strong>&gt;<\/strong> Pour en savoir plus ou r\u00e9server une table, <a href=\"https:\/\/www.terminalpourcel.com\/la-carte\/\" rel=\"nofollow noopener\" target=\"_blank\">c\u2019est par ici<\/a>.\u00a0<\/p>\n<p class=\" wall-content\">Suivez toute l\u2019actualit\u00e9 de vos villes et m\u00e9dias favoris en vous inscrivant \u00e0 <a href=\"https:\/\/moncompte.actu.fr\" title=\"D\u00e9couvez Mon Actu\" rel=\"nofollow noopener\" data-trk=\"{&quot;cta&quot;:{&quot;action&quot;:&quot;https:\\\/\\\/moncompte.actu.fr&quot;,&quot;category&quot;:&quot;mon compte&quot;,&quot;from&quot;:&quot;article footer&quot;,&quot;name&quot;:&quot;Mon actu&quot;,&quot;type&quot;:&quot;cta&quot;}}\" target=\"_blank\">Mon Actu<\/a>.<\/p>\n","protected":false},"excerpt":{"rendered":"Par Manon Haddouche Publi\u00e9 le 6 ao\u00fbt 2025 \u00e0 16h30 Ouvert en ao\u00fbt, le Terminal#1 propose de prolonger&hellip;\n","protected":false},"author":2,"featured_media":300593,"comment_status":"","ping_status":"","sticky":false,"template":"","format":"standard","meta":{"footnotes":""},"categories":[9599],"tags":[1111,11,1777,674,1011,27,1661,2208,12,2680,25,1340,104],"class_list":{"0":"post-300592","1":"post","2":"type-post","3":"status-publish","4":"format-standard","5":"has-post-thumbnail","7":"category-montpellier","8":"tag-actu","9":"tag-actualites","10":"tag-eu","11":"tag-europe","12":"tag-fr","13":"tag-france","14":"tag-gastronomie","15":"tag-montpellier","16":"tag-news","17":"tag-occitanie","18":"tag-republique-francaise","19":"tag-restaurant","20":"tag-societe"},"share_on_mastodon":{"url":"https:\/\/pubeurope.com\/@fr\/114982363079496485","error":""},"_links":{"self":[{"href":"https:\/\/www.europesays.com\/fr\/wp-json\/wp\/v2\/posts\/300592","targetHints":{"allow":["GET"]}}],"collection":[{"href":"https:\/\/www.europesays.com\/fr\/wp-json\/wp\/v2\/posts"}],"about":[{"href":"https:\/\/www.europesays.com\/fr\/wp-json\/wp\/v2\/types\/post"}],"author":[{"embeddable":true,"href":"https:\/\/www.europesays.com\/fr\/wp-json\/wp\/v2\/users\/2"}],"replies":[{"embeddable":true,"href":"https:\/\/www.europesays.com\/fr\/wp-json\/wp\/v2\/comments?post=300592"}],"version-history":[{"count":0,"href":"https:\/\/www.europesays.com\/fr\/wp-json\/wp\/v2\/posts\/300592\/revisions"}],"wp:featuredmedia":[{"embeddable":true,"href":"https:\/\/www.europesays.com\/fr\/wp-json\/wp\/v2\/media\/300593"}],"wp:attachment":[{"href":"https:\/\/www.europesays.com\/fr\/wp-json\/wp\/v2\/media?parent=300592"}],"wp:term":[{"taxonomy":"category","embeddable":true,"href":"https:\/\/www.europesays.com\/fr\/wp-json\/wp\/v2\/categories?post=300592"},{"taxonomy":"post_tag","embeddable":true,"href":"https:\/\/www.europesays.com\/fr\/wp-json\/wp\/v2\/tags?post=300592"}],"curies":[{"name":"wp","href":"https:\/\/api.w.org\/{rel}","templated":true}]}}