{"id":300598,"date":"2025-08-06T14:52:11","date_gmt":"2025-08-06T14:52:11","guid":{"rendered":"https:\/\/www.europesays.com\/fr\/300598\/"},"modified":"2025-08-06T14:52:11","modified_gmt":"2025-08-06T14:52:11","slug":"grenoble-seance-de-cinema-en-plein-air-a-la-bastille-avec-la-tortue-rouge-ce-jeudi-a-21h","status":"publish","type":"post","link":"https:\/\/www.europesays.com\/fr\/300598\/","title":{"rendered":"Grenoble. S\u00e9ance de cin\u00e9ma en plein air \u00e0 la Bastille avec \u00ab\u00a0La Tortue rouge\u00a0\u00bb, ce jeudi \u00e0 21h"},"content":{"rendered":"<p>Pour cette seconde s\u00e9ance de cin\u00e9ma en plein air, la r\u00e9gie du t\u00e9l\u00e9ph\u00e9rique, en partenariat avec la cin\u00e9math\u00e8que de Grenoble, propose le film d\u2019animation \u00ab\u00a0La Tortue rouge\u00a0\u00bb. Il sera projet\u00e9 depuis la terrasse de la salle Lesdigui\u00e8res sur le mur de la gare du t\u00e9l\u00e9ph\u00e9rique le jeudi 7\u00a0ao\u00fbt, \u00e0 partir de 21h. <\/p>\n<p>Le pitch\u00a0: Un homme \u00e9choue sur une \u00eele d\u00e9serte et tente d\u00e9sesp\u00e9r\u00e9ment de fuir, mais une myst\u00e9rieuse tortue rouge d\u00e9truit ses radeaux. Apr\u00e8s l\u2019avoir attaqu\u00e9e, il d\u00e9couvre qu\u2019elle peut se transformer en femme\u2026 Ce long m\u00e9trage est accessible aux enfants \u00e0 partir de 10 ans, ainsi qu\u2019\u00e0 un public universel car il n\u2019y a aucun dialogue.<\/p>\n<p class=\"note\">R\u00e9servation aupr\u00e8s de la cin\u00e9math\u00e8que de Grenoble. Inscriptions : helloasso.com\/associations\/cinematheque-de-grenoble\/evenements\/projection-en-plein-air-la-tortue-rouge-a-la-bastille-2<\/p>\n","protected":false},"excerpt":{"rendered":"Pour cette seconde s\u00e9ance de cin\u00e9ma en plein air, la r\u00e9gie du t\u00e9l\u00e9ph\u00e9rique, en partenariat avec la cin\u00e9math\u00e8que&hellip;\n","protected":false},"author":2,"featured_media":300599,"comment_status":"","ping_status":"","sticky":false,"template":"","format":"standard","meta":{"footnotes":""},"categories":[9566],"tags":[1111,11,2430,1687,112,1777,674,1011,27,2731,2732,12,25],"class_list":{"0":"post-300598","1":"post","2":"type-post","3":"status-publish","4":"format-standard","5":"has-post-thumbnail","7":"category-grenoble","8":"tag-actu","9":"tag-actualites","10":"tag-auvergne-rhone-alpes","11":"tag-culture-loisirs","12":"tag-edition-grenoble-agglomeration","13":"tag-eu","14":"tag-europe","15":"tag-fr","16":"tag-france","17":"tag-grenoble","18":"tag-grenoble-bassin","19":"tag-news","20":"tag-republique-francaise"},"share_on_mastodon":{"url":"https:\/\/pubeurope.com\/@fr\/114982390649684128","error":""},"_links":{"self":[{"href":"https:\/\/www.europesays.com\/fr\/wp-json\/wp\/v2\/posts\/300598","targetHints":{"allow":["GET"]}}],"collection":[{"href":"https:\/\/www.europesays.com\/fr\/wp-json\/wp\/v2\/posts"}],"about":[{"href":"https:\/\/www.europesays.com\/fr\/wp-json\/wp\/v2\/types\/post"}],"author":[{"embeddable":true,"href":"https:\/\/www.europesays.com\/fr\/wp-json\/wp\/v2\/users\/2"}],"replies":[{"embeddable":true,"href":"https:\/\/www.europesays.com\/fr\/wp-json\/wp\/v2\/comments?post=300598"}],"version-history":[{"count":0,"href":"https:\/\/www.europesays.com\/fr\/wp-json\/wp\/v2\/posts\/300598\/revisions"}],"wp:featuredmedia":[{"embeddable":true,"href":"https:\/\/www.europesays.com\/fr\/wp-json\/wp\/v2\/media\/300599"}],"wp:attachment":[{"href":"https:\/\/www.europesays.com\/fr\/wp-json\/wp\/v2\/media?parent=300598"}],"wp:term":[{"taxonomy":"category","embeddable":true,"href":"https:\/\/www.europesays.com\/fr\/wp-json\/wp\/v2\/categories?post=300598"},{"taxonomy":"post_tag","embeddable":true,"href":"https:\/\/www.europesays.com\/fr\/wp-json\/wp\/v2\/tags?post=300598"}],"curies":[{"name":"wp","href":"https:\/\/api.w.org\/{rel}","templated":true}]}}