{"id":300600,"date":"2025-08-06T14:53:10","date_gmt":"2025-08-06T14:53:10","guid":{"rendered":"https:\/\/www.europesays.com\/fr\/300600\/"},"modified":"2025-08-06T14:53:10","modified_gmt":"2025-08-06T14:53:10","slug":"age-de-52-ans-il-etait-un-sdf-connu-a-rennes","status":"publish","type":"post","link":"https:\/\/www.europesays.com\/fr\/300600\/","title":{"rendered":"\u00e2g\u00e9 de 52 ans, il \u00e9tait un SDF connu \u00e0 Rennes"},"content":{"rendered":"<p>            Par<br \/>\n        <strong><br \/>\n            <a href=\"https:\/\/actu.fr\/auteur\/laurene-fertin\" title=\"Consulter tous les articles de Laur\u00e8ne Fertin\" rel=\"nofollow noopener\" target=\"_blank\">Laur\u00e8ne Fertin<\/a><br \/>\n        <\/strong><\/p>\n<p>        Publi\u00e9 le<\/p>\n<p>            6 ao\u00fbt 2025 \u00e0 16h04        <\/p>\n<p>C\u2019est une triste nouvelle. <a href=\"https:\/\/actu.fr\/bretagne\/rennes_35238\/rennes-un-homme-retrouve-mort-dans-un-parc-en-face-de-l-hotel-de-la-prefecture_62912140.html\" rel=\"nofollow noopener\" target=\"_blank\">L\u2019homme retrouv\u00e9 d\u00e9c\u00e9d\u00e9, lundi 14\u00a0juillet, square de la Motte<\/a> (en face de l\u2019H\u00f4tel de la Pr\u00e9fecture) \u00e0 Rennes, \u00e9tait <strong>un sans domicile fixe<\/strong>, indique Jean-Marie Blin, procureur de la R\u00e9publique adjoint de Rennes, aupr\u00e8s de la r\u00e9daction.<\/p>\n<p class=\" wall-content\">Selon nos informations, il s\u2019agit d\u2019un <strong>SDF<\/strong> connu de la Ville de Rennes, suivi par <strong>diff\u00e9rentes structures sociales<\/strong>\u00a0depuis <strong>une vingtaine d\u2019ann\u00e9es<\/strong>.<\/p>\n<p>Il s\u2019appelait Sana Mane<\/p>\n<p class=\" wall-content\">Sana Mane, <strong>52\u00a0ans<\/strong>, a en effet perdu la vie \u00ab\u2009un ou deux jours avant\u2009\u00bb la d\u00e9couverte de son corps, alors <strong>\u00ab\u2009allong\u00e9 sous un sapin\u2009\u00bb,<\/strong> dans le square de la Motte, le 14\u00a0juillet 2025.<\/p>\n<p class=\" wall-content\">Ce sont <strong>les forces de l\u2019ordre<\/strong> qui l\u2019ont trouv\u00e9 lorsqu\u2019elles effectuaient une ronde de surveillance, alors qu\u2019une garden-party avait lieu au sein de la Pr\u00e9fecture.<\/p>\n<p class=\" wall-content\">Selon <a href=\"https:\/\/annuaire.ille-et-vilaine.fr\/organisme\/15-collectif-dignite-cimetiere-rennes\" rel=\"nofollow noopener\" target=\"_blank\">le Collectif Dignit\u00e9 Cimeti\u00e8re<\/a>, qui assure l\u2019organisation d\u2019obs\u00e8ques dignes et de s\u00e9pultures d\u00e9centes en faveur des personnes isol\u00e9es et\/ou sans ressources, Sana Mane \u00e9tait <strong>connu des services sociaux.<\/strong> \u00ab\u2009On le voyait de temps en temps en r\u00e9alisant des tourn\u00e9es dans la rue\u2009\u00bb, indique-t-on \u00e0 la r\u00e9daction d\u2019<a href=\"https:\/\/actu.fr\/rennes\/\" rel=\"nofollow noopener\" target=\"_blank\">actu Rennes<\/a>. \u00ab\u2009Il \u00e9tait connu \u00e0 Rennes.\u2009\u00bb<\/p>\n<p>Un rapatriement dans son pays d\u2019origine<\/p>\n<p class=\" wall-content\">Selon le procureur adjoint de la R\u00e9publique, \u00ab\u2009aucun indice de l\u2019intervention d\u2019un tiers n\u2019a \u00e9t\u00e9 relev\u00e9\u2009\u00bb sur son corps. En d\u2019autres termes, l\u2019enqu\u00eate n\u2019a pas conclu \u00e0 un meurtre.<\/p>\n<p class=\" wall-content\">La d\u00e9pouille de Sana Mane, <strong>d\u2019origine s\u00e9n\u00e9galaise,<\/strong> a pu \u00eatre <strong>rapatri\u00e9e<\/strong> dans son pays d\u2019origine afin de r\u00e9aliser des <strong>obs\u00e8ques.<\/strong><\/p>\n<p>De nombreuses morts<\/p>\n<p class=\" wall-content\">Ces derni\u00e8res ann\u00e9es, plusieurs SDF ont malheureusement perdu la vie \u00e0 Rennes et sa m\u00e9tropole\u2009: <a href=\"https:\/\/actu.fr\/bretagne\/rennes_35238\/rennes-eddy-est-parti-le-monde-de-la-rue-est-en-deuil_57680367.html\" rel=\"nofollow noopener\" target=\"_blank\"><strong>Eddy<\/strong>, figure de la rue d\u00e9c\u00e9d\u00e9 en f\u00e9vrier\u00a02023 \u00e9tait \u00e2g\u00e9, lui aussi de <strong>52\u00a0ans<\/strong><\/a><strong>.<\/strong><\/p>\n<p class=\" wall-content\">Sans oublier <a href=\"https:\/\/actu.fr\/bretagne\/rennes_35238\/rennes-un-homme-sans-domicile-fixe-a-ete-retrouve-mort-dans-la-rue_56672576.html\" rel=\"nofollow noopener\" target=\"_blank\">un autre homme de 51\u00a0ans, retrouv\u00e9 avenue du G\u00e9n\u00e9ral George S. Patton<\/a> en janvier de la m\u00eame ann\u00e9e, mais aussi <a href=\"https:\/\/actu.fr\/bretagne\/rennes_35238\/rennes-un-homme-sdf-retrouve-mort-au-parc-des-prairies-saint-martin_48981614.html\" rel=\"nofollow noopener\" target=\"_blank\">au parc des prairies Saint-Martin en f\u00e9vrier\u00a02022, <\/a>ou encore la mort de <a href=\"https:\/\/actu.fr\/bretagne\/rennes_35238\/mort-de-daniel-sdf-a-rennes-depuis-2013-la-rue-ca-a-ete-la-descente-aux-enfers_39130606.html\" rel=\"nofollow noopener\" target=\"_blank\"><strong>Daniel<\/strong>, 57\u00a0ans, en f\u00e9vrier\u00a02021<\/a>.<\/p>\n<p class=\" wall-content\">Suivez toute l\u2019actualit\u00e9 de vos villes et m\u00e9dias favoris en vous inscrivant \u00e0 <a href=\"https:\/\/moncompte.actu.fr\" title=\"D\u00e9couvez Mon Actu\" rel=\"nofollow noopener\" data-trk=\"{&quot;cta&quot;:{&quot;action&quot;:&quot;https:\\\/\\\/moncompte.actu.fr&quot;,&quot;category&quot;:&quot;mon compte&quot;,&quot;from&quot;:&quot;article footer&quot;,&quot;name&quot;:&quot;Mon actu&quot;,&quot;type&quot;:&quot;cta&quot;}}\" target=\"_blank\">Mon Actu<\/a>.<\/p>\n","protected":false},"excerpt":{"rendered":"Par Laur\u00e8ne Fertin Publi\u00e9 le 6 ao\u00fbt 2025 \u00e0 16h04 C\u2019est une triste nouvelle. L\u2019homme retrouv\u00e9 d\u00e9c\u00e9d\u00e9, lundi&hellip;\n","protected":false},"author":2,"featured_media":300601,"comment_status":"","ping_status":"","sticky":false,"template":"","format":"standard","meta":{"footnotes":""},"categories":[2821],"tags":[1111,11,829,1777,674,118,1011,27,12,1072,584,25],"class_list":{"0":"post-300600","1":"post","2":"type-post","3":"status-publish","4":"format-standard","5":"has-post-thumbnail","7":"category-rennes","8":"tag-actu","9":"tag-actualites","10":"tag-bretagne","11":"tag-eu","12":"tag-europe","13":"tag-faits-divers","14":"tag-fr","15":"tag-france","16":"tag-news","17":"tag-police","18":"tag-rennes","19":"tag-republique-francaise"},"share_on_mastodon":{"url":"https:\/\/pubeurope.com\/@fr\/114982394538112556","error":""},"_links":{"self":[{"href":"https:\/\/www.europesays.com\/fr\/wp-json\/wp\/v2\/posts\/300600","targetHints":{"allow":["GET"]}}],"collection":[{"href":"https:\/\/www.europesays.com\/fr\/wp-json\/wp\/v2\/posts"}],"about":[{"href":"https:\/\/www.europesays.com\/fr\/wp-json\/wp\/v2\/types\/post"}],"author":[{"embeddable":true,"href":"https:\/\/www.europesays.com\/fr\/wp-json\/wp\/v2\/users\/2"}],"replies":[{"embeddable":true,"href":"https:\/\/www.europesays.com\/fr\/wp-json\/wp\/v2\/comments?post=300600"}],"version-history":[{"count":0,"href":"https:\/\/www.europesays.com\/fr\/wp-json\/wp\/v2\/posts\/300600\/revisions"}],"wp:featuredmedia":[{"embeddable":true,"href":"https:\/\/www.europesays.com\/fr\/wp-json\/wp\/v2\/media\/300601"}],"wp:attachment":[{"href":"https:\/\/www.europesays.com\/fr\/wp-json\/wp\/v2\/media?parent=300600"}],"wp:term":[{"taxonomy":"category","embeddable":true,"href":"https:\/\/www.europesays.com\/fr\/wp-json\/wp\/v2\/categories?post=300600"},{"taxonomy":"post_tag","embeddable":true,"href":"https:\/\/www.europesays.com\/fr\/wp-json\/wp\/v2\/tags?post=300600"}],"curies":[{"name":"wp","href":"https:\/\/api.w.org\/{rel}","templated":true}]}}