{"id":300604,"date":"2025-08-06T14:55:12","date_gmt":"2025-08-06T14:55:12","guid":{"rendered":"https:\/\/www.europesays.com\/fr\/300604\/"},"modified":"2025-08-06T14:55:12","modified_gmt":"2025-08-06T14:55:12","slug":"aeroport-de-strasbourg-entzheim-vols-vers-porto-et-agadir-volotea-remplace-ryanair","status":"publish","type":"post","link":"https:\/\/www.europesays.com\/fr\/300604\/","title":{"rendered":"A\u00e9roport de Strasbourg-Entzheim. Vols vers Porto et Agadir\u00a0: Volotea remplace Ryanair"},"content":{"rendered":"<p>La compagnie low-cost irlandaise Ryanair a annonc\u00e9 il y a tout juste une semaine, le mercredi 30\u00a0juillet <a href=\"https:\/\/www.dna.fr\/economie\/2025\/07\/30\/en-riposte-a-la-taxe-sur-les-billets-ryanair-quitte-les-aeroports-de-strasbourg-bergerac-et-brive\" target=\"_blank\" rel=\"noopener\">qu\u2019elle quittait l\u2019a\u00e9roport de Strasbourg-Entzheim pour protester contre la hausse de la taxe de solidarit\u00e9 sur les billets d\u2019avion<\/a>. En octobre\u00a02025, Ryanair ne sera plus \u00e0 Strasbourg. Cons\u00e9quence\u00a0: les liaisons que la compagnie assurait vers Porto et Agadir disparaissent.<\/p>\n<p>Mais la nature a horreur du vide, l\u2019\u00e9conomie du transport a\u00e9rien aussi sans doute. Car ce mercredi 6\u00a0ao\u00fbt, la compagnie Volotea, tr\u00e8s implant\u00e9e \u00e0 Strasbourg-Entzheim, annonce qu\u2019\u00e0 partir du mois de novembre, elle desservira \u00e0 son tour Porto et Agadir. \u00c0 Entzheim, la compagnie low-cost espagnole desservira ainsi \u00e0 terme 27 destinations vers sept pays.<\/p>\n<p>  Objectif\u00a0: six millions de passagers<\/p>\n<p>La destination Porto sera accessible par vol direct d\u00e8s le 29\u00a0novembre, avec deux vols par semaine, les mardis et vendredis (sauf pendant la p\u00e9riode de No\u00ebl, lors de laquelle ces liaisons seront assur\u00e9es les mardis et samedis). <a href=\"https:\/\/www.dna.fr\/economie\/2022\/11\/10\/volotea-continue-a-desservir-entzheim\" target=\"_blank\" rel=\"noopener\">Volotea assure d\u00e9j\u00e0 des vols vers le Portugal au d\u00e9part de Strasbourg, \u00e0 destination de Faro<\/a>, le chef-lieu de l\u2019Algarve, au sud du pays.<\/p>\n<p>La destination Agadir sera \u00e9galement accessible d\u00e8s le 29\u00a0novembre, \u00e0 raison d\u2019un vol par semaine, le samedi. <a href=\"https:\/\/www.dna.fr\/edition-de-strasbourg\/2019\/07\/13\/volotea-volera-vers-marrakech-et-lanzarote\" target=\"_blank\" rel=\"noopener\">Volotea assure d\u00e9j\u00e0 des liaisons vers la ville imp\u00e9riale de Marrakech<\/a>.<\/p>\n<p>Volotea est implant\u00e9e \u00e0 Strasbourg depuis treize ans. Sa base y est install\u00e9e depuis dix ans. La compagnie pr\u00e9voit de d\u00e9passer les six millions de passagers transport\u00e9s depuis et vers Entzheim. Elle revendique la cr\u00e9ation de plus de 70 emplois directs et pr\u00e8s de 380 emplois indirects \u00e0 cet a\u00e9roport.<\/p>\n","protected":false},"excerpt":{"rendered":"La compagnie low-cost irlandaise Ryanair a annonc\u00e9 il y a tout juste une semaine, le mercredi 30\u00a0juillet qu\u2019elle&hellip;\n","protected":false},"author":2,"featured_media":300605,"comment_status":"","ping_status":"","sticky":false,"template":"","format":"standard","meta":{"footnotes":""},"categories":[2820],"tags":[1111,11,2389,2649,4406,130,33,2880,1777,674,107,1011,27,775,12,25,640,2879,602,2803,216],"class_list":{"0":"post-300604","1":"post","2":"type-post","3":"status-publish","4":"format-standard","5":"has-post-thumbnail","7":"category-strasbourg","8":"tag-actu","9":"tag-actualites","10":"tag-alsace","11":"tag-bas-rhin","12":"tag-commerce-et-services","13":"tag-consommation","14":"tag-economie","15":"tag-edition-strasbourg","16":"tag-eu","17":"tag-europe","18":"tag-fil-info","19":"tag-fr","20":"tag-france","21":"tag-grand-est","22":"tag-news","23":"tag-republique-francaise","24":"tag-strasbourg","25":"tag-strasbourg-ville","26":"tag-tourisme","27":"tag-transport","28":"tag-vie-des-entreprises"},"share_on_mastodon":{"url":"https:\/\/pubeurope.com\/@fr\/114982402446615893","error":""},"_links":{"self":[{"href":"https:\/\/www.europesays.com\/fr\/wp-json\/wp\/v2\/posts\/300604","targetHints":{"allow":["GET"]}}],"collection":[{"href":"https:\/\/www.europesays.com\/fr\/wp-json\/wp\/v2\/posts"}],"about":[{"href":"https:\/\/www.europesays.com\/fr\/wp-json\/wp\/v2\/types\/post"}],"author":[{"embeddable":true,"href":"https:\/\/www.europesays.com\/fr\/wp-json\/wp\/v2\/users\/2"}],"replies":[{"embeddable":true,"href":"https:\/\/www.europesays.com\/fr\/wp-json\/wp\/v2\/comments?post=300604"}],"version-history":[{"count":0,"href":"https:\/\/www.europesays.com\/fr\/wp-json\/wp\/v2\/posts\/300604\/revisions"}],"wp:featuredmedia":[{"embeddable":true,"href":"https:\/\/www.europesays.com\/fr\/wp-json\/wp\/v2\/media\/300605"}],"wp:attachment":[{"href":"https:\/\/www.europesays.com\/fr\/wp-json\/wp\/v2\/media?parent=300604"}],"wp:term":[{"taxonomy":"category","embeddable":true,"href":"https:\/\/www.europesays.com\/fr\/wp-json\/wp\/v2\/categories?post=300604"},{"taxonomy":"post_tag","embeddable":true,"href":"https:\/\/www.europesays.com\/fr\/wp-json\/wp\/v2\/tags?post=300604"}],"curies":[{"name":"wp","href":"https:\/\/api.w.org\/{rel}","templated":true}]}}