{"id":300614,"date":"2025-08-06T15:00:20","date_gmt":"2025-08-06T15:00:20","guid":{"rendered":"https:\/\/www.europesays.com\/fr\/300614\/"},"modified":"2025-08-06T15:00:20","modified_gmt":"2025-08-06T15:00:20","slug":"les-chefs-de-file-lfi-pour-les-municipales-a-nantes-sanctionnes","status":"publish","type":"post","link":"https:\/\/www.europesays.com\/fr\/300614\/","title":{"rendered":"les chefs de file LFI pour les municipales \u00e0 Nantes sanctionn\u00e9s"},"content":{"rendered":"<p>            Par<br \/>\n        <strong><br \/>\n            <a href=\"https:\/\/actu.fr\/auteur\/laure-gentil\" title=\"Consulter tous les articles de Laure Gentil\" rel=\"nofollow noopener\" target=\"_blank\">Laure Gentil<\/a><br \/>\n        <\/strong><\/p>\n<p>        Publi\u00e9 le<\/p>\n<p>            6 ao\u00fbt 2025 \u00e0 16h31        <\/p>\n<p>Rien ne va plus \u00e0 La France Insoumise. Selon une<a href=\"https:\/\/www.ouest-france.fr\/politique\/la-cheffe-de-file-nantaise-des-insoumis-a-ete-suspendue-c1e73cf0-6ef5-11f0-98d0-ec518692189f\" rel=\"nofollow noopener\" target=\"_blank\"> information r\u00e9v\u00e9l\u00e9e par Ouest-France<\/a>, la <a href=\"https:\/\/actu.fr\/pays-de-la-loire\/nantes_44109\/municipales-2026-a-nantes-la-france-insoumise-annonce-ses-deux-chefs-de-file_62408715.html\" rel=\"nofollow noopener\" target=\"_blank\">cheffe de file pour les municipales 2026<\/a> \u00e0 Nantes, <strong>Marina Ferreruela<\/strong> a \u00e9t\u00e9 suspendue pour un an par le Comit\u00e9 de respect des principes et son co\u00e9quipier <strong>William Aucant<\/strong> ainsi que quatre autres militants LFI ont eux re\u00e7u un avertissement.<\/p>\n<p class=\" wall-content\">Cette d\u00e9cision fait suite \u00e0 une accusation de \u00ab\u2009mauvaise gestion\u2009\u00bb d\u2019une affaire de violences sexistes et sexuelles. Dans un<a href=\"https:\/\/blogs.mediapart.fr\/breakgurl\/blog\/160625\/de-militante-victime-quand-la-culture-du-viol-gangrene-la-gauche\" rel=\"nofollow noopener\" target=\"_blank\"> billet publi\u00e9 le 16\u00a0juin dernier sur le Club de M\u00e9diapart<\/a>, <strong>une militante insoumise accusait un autre militant de l\u2019avoir viol\u00e9e<\/strong> et \u00ab\u2009une cadre tr\u00e8s influente du mouvement local\u2009\u00bb d\u2019avoir couvert l\u2019agresseur pr\u00e9sum\u00e9. <a href=\"https:\/\/actu.fr\/pays-de-la-loire\/nantes_44109\/municipales-a-nantes-la-cheffe-de-file-lfi-dement-avoir-protege-un-homme-accuse-de-viol_62827184.html\" rel=\"nofollow noopener\" target=\"_blank\">Cette cadre serait Marina Ferreruela. Une accusation qu\u2019elle avait vivement d\u00e9mentie aupr\u00e8s d\u2019actu Nantes.<\/a><\/p>\n<p>Des \u00ab\u2009dysfonctionnements\u2009\u00bb ou une \u00ab\u2009cabale\u2009\u00bb\u2009?<\/p>\n<p class=\" wall-content\">Contact\u00e9e par\u00a0actu Nantes, Marina Ferreruela d\u00e9ment toujours avoir couvert le violeur pr\u00e9sum\u00e9 et assure avoir suivi la<strong> proc\u00e9dure demand\u00e9e<\/strong> dans ce genre de situation. Selon elle, il s\u2019agit d\u2019une \u00ab\u2009cabale\u2009\u00bb interne \u00e0 son encontre.<\/p>\n<p class=\" wall-content\">Elle d\u00e9nonce dans un communiqu\u00e9 \u00ab\u2009une d\u00e9cision lourde, prise en pleine campagne de diffamation \u00e0 [son] encontre, nourrie par des attaques sexistes, du harc\u00e8lement et des accusations calomnieuses relay\u00e9es dans la presse pour satisfaire des app\u00e9tits personnels\u2009\u00bb.<\/p>\n<blockquote class=\"ac-article-quote wall-content\">\n<p>D\u00e8s septembre 2024, j\u2019ai accueilli la victime, l\u2019ai orient\u00e9e vers des professionnels et saisi imm\u00e9diatement les instances nationales. Le militant mis en cause a \u00e9t\u00e9 suspendu sans d\u00e9lai. J\u2019ai assum\u00e9 mes responsabilit\u00e9s.<\/p>\n<p>    <strong>Marina Ferruela<\/strong>\n            <\/p><\/blockquote>\n<p class=\" wall-content\">\u00ab\u2009Le timing de cette affaire n\u2019est pas neutre. Elle tombe au lendemain du lancement de la campagne municipale, insiste-t-elle.\u2009<strong>C\u2019est une man\u0153uvre<\/strong>.\u00a0\u00bb<\/p>\n<p>\u00ab\u2009C\u2019est d\u00e9gueulasse\u2009\u00bb<\/p>\n<p class=\" wall-content\">Dans un mail, qu\u2019actu Nantes a pu consulter, le Comit\u00e9 de respect des principes parle de \u00ab\u2009dysfonctionnements dans la gestion locale de la saisine VSS\u2009\u00bb et demande aux militants de garder le silence sous peine d\u2019expulsion.<\/p>\n<blockquote class=\"ac-article-quote wall-content\">\n<p>Toute communication publique (r\u00e9seaux sociaux ou presse) remettant en question ces d\u00e9cisions et toute tentative de repr\u00e9sailles sur les personnes \u00e0 l&rsquo;origine de la saisine seront consid\u00e9r\u00e9es comme un acte de rupture avec notre mouvement.<\/p>\n<p>    <strong>Comit\u00e9 de respect des principes de la France Insoumise<\/strong>\n            <\/p><\/blockquote>\n<p class=\" wall-content\">Mais certains militants LFI refusent de se plier aux ordres et ont accept\u00e9 de r\u00e9agir aupr\u00e8s d\u2019actu Nantes, sous couvert <strong>d\u2019anonymat<\/strong>. \u00ab\u2009C\u2019est d\u00e9gueulasse\u2009!\u2009\u00bb, s\u2019indigne l\u2019un d\u2019entre eux. Lui aussi pense \u00e0 une cabale contre Marina Ferreruela. Il se dit choqu\u00e9 par la suspension de la cheffe de file. \u00ab\u2009Elle a accompagn\u00e9 la victime m\u00eame en dehors de son temps militant, elle n\u2019a pas minimis\u00e9 la situation.\u2009\u00bb<\/p>\n<blockquote class=\"ac-article-quote wall-content\">\n<p>J&rsquo;ai per\u00e7u de basses manoeuvres dans le dos pour faire sauter Marina, qui fait de l&rsquo;ombre \u00e0 d&rsquo;autres. Je recherche maintenant d&rsquo;autres endroits pour militer que Nantes.<\/p>\n<p>    <strong>Militant LFI<\/strong>\n            <\/p><\/blockquote>\n<p class=\" wall-content\">Un autre militant, qui fait partie de La France Insoumise depuis longtemps, dit ne plus reconna\u00eetre le \u00ab\u2009mouvement\u2009\u00bb qu\u2019il a rejoint. \u00ab\u2009On se croirait dans un parti politique, soupire-t-il. Il y a une<strong> volont\u00e9 de faire du mal<\/strong>, d\u2019\u00e9jecter Marina Ferreruela\u2009\u00bb. Il pense que les instances de LFI ont pris une d\u00e9cision sans se rendre compte de \u00ab\u2009la r\u00e9alit\u00e9\u2009\u00bb.<\/p>\n<p class=\" wall-content\">Un certain <strong>sexisme<\/strong> pourrait \u00eatre, selon une partisane nantaise de LFI, \u00e0 l\u2019origine de cette suspension. Un petit groupe de militants LFI aurait pour volont\u00e9 de \u00ab\u2009tra\u00eener le nom de Marina [Ferreruela] dans la boue\u2009\u00bb.<\/p>\n<p class=\" wall-content\">Contact\u00e9 par\u00a0actu Nantes, <strong>William Aucant<\/strong> nous a indiqu\u00e9 \u00eatre en cong\u00e9s et n\u2019a pas souhait\u00e9 s\u2019exprimer avant la rentr\u00e9e.<\/p>\n<p class=\" wall-content\">D\u00e9stabilis\u00e9e moralement par l\u2019affaire, Marina Ferrruela qui a elle-m\u00eame \u00e9t\u00e9 \u00ab\u2009concern\u00e9e par des violences sexuelles\u2009\u00bb, assure aupr\u00e8s d\u2019actu Nantes, que malgr\u00e9 cette suspension elle continuera \u00ab\u2009\u00e0 faire de la politique, mais autrement\u2009\u00bb\u2009: \u00ab\u2009Je suis une militante de terrain.\u2009\u00bb<\/p>\n<p class=\" wall-content\">Suivez toute l\u2019actualit\u00e9 de vos villes et m\u00e9dias favoris en vous inscrivant \u00e0 <a href=\"https:\/\/moncompte.actu.fr\" title=\"D\u00e9couvez Mon Actu\" rel=\"nofollow noopener\" data-trk=\"{&quot;cta&quot;:{&quot;action&quot;:&quot;https:\\\/\\\/moncompte.actu.fr&quot;,&quot;category&quot;:&quot;mon compte&quot;,&quot;from&quot;:&quot;article footer&quot;,&quot;name&quot;:&quot;Mon actu&quot;,&quot;type&quot;:&quot;cta&quot;}}\" target=\"_blank\">Mon Actu<\/a>.<\/p>\n<ul class=\"ac-article-tag wall-content\">\n<li><a href=\"https:\/\/actu.fr\/tag\/la-france-insoumise-lfi\" data-trk=\"{&quot;cta&quot;:{&quot;action&quot;:&quot;La France Insoumise (LFI)&quot;,&quot;category&quot;:&quot;tag&quot;,&quot;from&quot;:&quot;article footer&quot;,&quot;name&quot;:&quot;La France Insoumise (LFI)&quot;,&quot;type&quot;:&quot;cta&quot;}}\" rel=\"nofollow noopener\" target=\"_blank\">#La France Insoumise (LFI)<\/a><\/li>\n<\/ul>\n","protected":false},"excerpt":{"rendered":"Par Laure Gentil Publi\u00e9 le 6 ao\u00fbt 2025 \u00e0 16h31 Rien ne va plus \u00e0 La France Insoumise.&hellip;\n","protected":false},"author":2,"featured_media":300615,"comment_status":"","ping_status":"","sticky":false,"template":"","format":"standard","meta":{"footnotes":""},"categories":[2818],"tags":[1111,11,4188,1777,674,1011,27,1023,766,12,2636,316,25],"class_list":{"0":"post-300614","1":"post","2":"type-post","3":"status-publish","4":"format-standard","5":"has-post-thumbnail","7":"category-nantes","8":"tag-actu","9":"tag-actualites","10":"tag-elections-municipales","11":"tag-eu","12":"tag-europe","13":"tag-fr","14":"tag-france","15":"tag-la-france-insoumise-lfi","16":"tag-nantes","17":"tag-news","18":"tag-pays-de-la-loire","19":"tag-politique","20":"tag-republique-francaise"},"share_on_mastodon":{"url":"https:\/\/pubeurope.com\/@fr\/114982422135400571","error":""},"_links":{"self":[{"href":"https:\/\/www.europesays.com\/fr\/wp-json\/wp\/v2\/posts\/300614","targetHints":{"allow":["GET"]}}],"collection":[{"href":"https:\/\/www.europesays.com\/fr\/wp-json\/wp\/v2\/posts"}],"about":[{"href":"https:\/\/www.europesays.com\/fr\/wp-json\/wp\/v2\/types\/post"}],"author":[{"embeddable":true,"href":"https:\/\/www.europesays.com\/fr\/wp-json\/wp\/v2\/users\/2"}],"replies":[{"embeddable":true,"href":"https:\/\/www.europesays.com\/fr\/wp-json\/wp\/v2\/comments?post=300614"}],"version-history":[{"count":0,"href":"https:\/\/www.europesays.com\/fr\/wp-json\/wp\/v2\/posts\/300614\/revisions"}],"wp:featuredmedia":[{"embeddable":true,"href":"https:\/\/www.europesays.com\/fr\/wp-json\/wp\/v2\/media\/300615"}],"wp:attachment":[{"href":"https:\/\/www.europesays.com\/fr\/wp-json\/wp\/v2\/media?parent=300614"}],"wp:term":[{"taxonomy":"category","embeddable":true,"href":"https:\/\/www.europesays.com\/fr\/wp-json\/wp\/v2\/categories?post=300614"},{"taxonomy":"post_tag","embeddable":true,"href":"https:\/\/www.europesays.com\/fr\/wp-json\/wp\/v2\/tags?post=300614"}],"curies":[{"name":"wp","href":"https:\/\/api.w.org\/{rel}","templated":true}]}}