{"id":300618,"date":"2025-08-06T15:02:10","date_gmt":"2025-08-06T15:02:10","guid":{"rendered":"https:\/\/www.europesays.com\/fr\/300618\/"},"modified":"2025-08-06T15:02:10","modified_gmt":"2025-08-06T15:02:10","slug":"la-situation-des-girondins-de-bordeaux-est-terrible","status":"publish","type":"post","link":"https:\/\/www.europesays.com\/fr\/300618\/","title":{"rendered":"\u00abLa situation des Girondins de Bordeaux est terrible\u00bb"},"content":{"rendered":"<p><strong>ENTRETIEN &#8211; <\/strong>\u00c0 l\u2019aube d\u2019une nouvelle saison, l\u2019ic\u00f4ne des Bleus des ann\u00e9es 1970 et 1980 balaie l\u2019actualit\u00e9 du ballon rond.<\/p>\n<p class=\"fig-paragraph\">\u00ab\u00a0Une montagne de muscles. Un mur et un sourire. Une t\u00eate fantastique au Maracan\u00e3 en 1977 face au Br\u00e9sil et une reprise de vol\u00e9e de l\u00e9gende contre la RFA \u00e0 S\u00e9ville en 1982.\u00a0\u00bb. Dans la r\u00e9daction des sports du Figaro, l\u2019un des journalistes les plus exp\u00e9riment\u00e9s garde un souvenir intact de Marius Tr\u00e9sor (75\u00a0ans). Les plus jeunes, eux, le connaissent gr\u00e2ce aux fameuses cartes dites \u00ab\u00a0l\u00e9gendes\u00a0\u00bb ou \u00ab\u00a0classiques\u00a0\u00bb\u00a0<a href=\"http:\/\/www.lefigaro.fr\/secteur\/high-tech\/divorce-de-la-fifa-ea-veut-imposer-sa-nouvelle-marque-de-jeu-video-de-football-20230929\" data-fig-type=\"Article\" data-gtm-custom-categorie=\"navigation\" data-gtm-custom-action=\"crossclick\" data-gtm-custom-label=\"Contextuel\" data-gtm-event=\"customEventSPE\" data-fig-domain=\"LEFIGARO\" target=\"_blank\" rel=\"noopener\">du c\u00e9l\u00e8bre jeu vid\u00e9o Fifa<\/a>.<\/p>\n<p class=\"fig-paragraph\">Le natif de Sainte-Anne en Guadeloupe est en fait connu de tous et fait l\u2019unanimit\u00e9. Par sa modestie, son humilit\u00e9, sa gentillesse, mais aussi par sa discr\u00e9tion. Il s\u2019est livr\u00e9 \u00e0 c\u0153ur ouvert, pendant pr\u00e8s de 1\u00a0h\u00a030 \u2013\u00a0passionnante\u00a0\u2013 pour retracer l\u2019ensemble de sa belle et longue carri\u00e8re, en revenant \u00e9galement sur le parcours \u00ab\u00a0admirable\u00a0\u00bb de\u00a0<a href=\"http:\/\/www.lefigaro.fr\/sports\/football\/equipe-de-france\/il-faut-que-ca-s-arrete-a-un-moment-didier-deschamps-les-questions-apres-une-annonce-choc-20250108\" target=\"_blank\" data-fig-type=\"Article\" rel=\"noopener\" data-gtm-custom-categorie=\"navigation\" data-gtm-custom-action=\"crossclick\" data-gtm-custom-label=\"Contextuel\" data-gtm-event=\"customEventSPE\" data-fig-domain=\"LEFIGARO\">Didier Deschamps<\/a>\u00a0comme s\u00e9lectionneur des Bleus.<\/p>\n<p class=\"fig-paragraph\"><strong>LE FIGARO &#8211; Marius, vous semblez d\u00e9tendu\u2026 Comment allez-vous\u00a0?<\/strong><\/p>\n<p class=\"fig-paragraph\"><strong>MARIUS TR\u00c9SOR &#8211;<\/strong> Tout se passe bien. J\u2019ai une t\u00e9l\u00e9 qui fonctionne, donc je suis devant\u2026<\/p>\n<p class=\"fig-premium-paywall__infos\">\n        Cet article est r\u00e9serv\u00e9 aux abonn\u00e9s.        Il vous reste 91% \u00e0 d\u00e9couvrir.\n    <\/p>\n<p>                <img  data- alt=\"Le Figaro\" class=\"fig-img--complete fig-img\"\/><\/p>\n<p class=\"fig-premium-paywall__title\">Vous avez envie de lire la suite ?<\/p>\n<p class=\"fig-premium-paywall__subtitle\">D\u00e9bloquez tous les articles imm\u00e9diatement.<\/p>\n<p class=\"fig-premium-paywall__connect\">\n                D\u00e9j\u00e0 abonn\u00e9\u00a0?                <a class=\"fig-premium-paywall__connect-link\" href=\"https:\/\/connect.lefigaro.fr\/login?client=horizon_web&amp;type=main&amp;redirect_uri=https%3A%2F%2Fwww.lefigaro.fr%2Fsports%2Ffootball%2Fmarius-tresor-la-situation-des-girondins-de-bordeaux-est-terrible-20250806\" data-js-gtm=\"{&quot;customCategorie&quot;: &quot;conversion&quot;, &quot;customAction&quot;: &quot;before_Landing_Connexion_paywall_auto&quot;, &quot;customLabel&quot;: &quot;bGVmaWdhcm8uZnJfXzFmMDcyYTc4LTY1OTQtNjA2YS04NzNiLTkxNTU4YjlkMmYyM19fQXJ0aWNsZQ==_Marius Tr\u00e9sor\u00a0: \u00abLa situation des Girondins de Bordeaux est terrible\u00bb_84&quot;, &quot;customIDSPE&quot;: &quot;bGVmaWdhcm8uZnJfXzFmMDcyYTc4LTY1OTQtNjA2YS04NzNiLTkxNTU4YjlkMmYyM19fQXJ0aWNsZQ==&quot;, &quot;event&quot;: &quot;customEventSPE&quot;}\" target=\"_blank\" rel=\"noopener\"><br \/>\n                    Connectez-vous<br \/>\n                <\/a>\n            <\/p>\n","protected":false},"excerpt":{"rendered":"ENTRETIEN &#8211; \u00c0 l\u2019aube d\u2019une nouvelle saison, l\u2019ic\u00f4ne des Bleus des ann\u00e9es 1970 et 1980 balaie l\u2019actualit\u00e9 du&hellip;\n","protected":false},"author":2,"featured_media":300619,"comment_status":"","ping_status":"","sticky":false,"template":"","format":"standard","meta":{"footnotes":""},"categories":[2817],"tags":[1111,11,1997,20532,1777,674,1011,27,2908,12,2219,25,24863],"class_list":{"0":"post-300618","1":"post","2":"type-post","3":"status-publish","4":"format-standard","5":"has-post-thumbnail","7":"category-bordeaux","8":"tag-actu","9":"tag-actualites","10":"tag-bordeaux","11":"tag-didier-deschamps","12":"tag-eu","13":"tag-europe","14":"tag-fr","15":"tag-france","16":"tag-girondins-de-bordeaux","17":"tag-news","18":"tag-nouvelle-aquitaine","19":"tag-republique-francaise","20":"tag-zinedine-zidane"},"share_on_mastodon":{"url":"https:\/\/pubeurope.com\/@fr\/114982430024727471","error":""},"_links":{"self":[{"href":"https:\/\/www.europesays.com\/fr\/wp-json\/wp\/v2\/posts\/300618","targetHints":{"allow":["GET"]}}],"collection":[{"href":"https:\/\/www.europesays.com\/fr\/wp-json\/wp\/v2\/posts"}],"about":[{"href":"https:\/\/www.europesays.com\/fr\/wp-json\/wp\/v2\/types\/post"}],"author":[{"embeddable":true,"href":"https:\/\/www.europesays.com\/fr\/wp-json\/wp\/v2\/users\/2"}],"replies":[{"embeddable":true,"href":"https:\/\/www.europesays.com\/fr\/wp-json\/wp\/v2\/comments?post=300618"}],"version-history":[{"count":0,"href":"https:\/\/www.europesays.com\/fr\/wp-json\/wp\/v2\/posts\/300618\/revisions"}],"wp:featuredmedia":[{"embeddable":true,"href":"https:\/\/www.europesays.com\/fr\/wp-json\/wp\/v2\/media\/300619"}],"wp:attachment":[{"href":"https:\/\/www.europesays.com\/fr\/wp-json\/wp\/v2\/media?parent=300618"}],"wp:term":[{"taxonomy":"category","embeddable":true,"href":"https:\/\/www.europesays.com\/fr\/wp-json\/wp\/v2\/categories?post=300618"},{"taxonomy":"post_tag","embeddable":true,"href":"https:\/\/www.europesays.com\/fr\/wp-json\/wp\/v2\/tags?post=300618"}],"curies":[{"name":"wp","href":"https:\/\/api.w.org\/{rel}","templated":true}]}}