{"id":300631,"date":"2025-08-06T15:09:09","date_gmt":"2025-08-06T15:09:09","guid":{"rendered":"https:\/\/www.europesays.com\/fr\/300631\/"},"modified":"2025-08-06T15:09:09","modified_gmt":"2025-08-06T15:09:09","slug":"lyon-explosion-de-cas-dhepatite-a-dans-lagglomeration-lagence-regionale-de-sante-alerte","status":"publish","type":"post","link":"https:\/\/www.europesays.com\/fr\/300631\/","title":{"rendered":"Lyon. Explosion de cas d&rsquo;h\u00e9patite A dans l&rsquo;agglom\u00e9ration, l&rsquo;Agence r\u00e9gionale de sant\u00e9 alerte"},"content":{"rendered":"<p>            Par<br \/>\n        <strong><br \/>\n            <a href=\"https:\/\/actu.fr\/auteur\/emma-ressegaire\" title=\"Consulter tous les articles de Emma Ressegaire\" target=\"_blank\" rel=\"noopener\">Emma Ressegaire<\/a><br \/>\n        <\/strong><\/p>\n<p>        Publi\u00e9 le<\/p>\n<p>            6 ao\u00fbt 2025 \u00e0 16h18        <\/p>\n<p>Depuis le d\u00e9but du mois de juin, une <strong>quarantaine de cas d\u2019infection<\/strong> par le virus de l\u2019<a href=\"https:\/\/actu.fr\/societe\/une-hepatite-aigue-d-origine-inconnue-touche-des-enfants-en-europe_50344885.html\" target=\"_blank\" rel=\"noopener\">h\u00e9patite A<\/a> ont \u00e9t\u00e9 recens\u00e9s dans l\u2019agglom\u00e9ration lyonnaise annonce l\u2019Agence r\u00e9gionale de sant\u00e9 d\u2019Auvergne-Rh\u00f4ne-Alpes. Une \u00ab\u00a0<strong>recrudescence<\/strong>\u00a0\u00bb alerte l\u2019ARS dans un communiqu\u00e9, ce mercredi 6 ao\u00fbt, qui s\u2019inscrit \u00ab\u00a0dans un contexte plus large d\u2019augmentation des cas au niveau europ\u00e9en\u00a0\u00bb.<\/p>\n<p>Maladie du foie<\/p>\n<p class=\" wall-content\">Pour rappel, l\u2019<strong>h\u00e9patite A<\/strong> est une maladie du foie. Elle peut \u00eatre caus\u00e9e par un virus pr\u00e9sent dans les selles des personnes contamin\u00e9es. La transmission s\u2019effectue en grande majorit\u00e9 par voie oro-f\u00e9cale comme \u00e0 travers la <strong>consommation d\u2019eau ou d\u2019aliments souill\u00e9s<\/strong> (fruits de mer, produits crus ou mal lav\u00e9s) ou par contact direct avec des objets ou des mains contamin\u00e9s.<\/p>\n<p class=\" wall-content\">Cette infection peut engendrer des <strong>sympt\u00f4mes digestifs<\/strong> (naus\u00e9es, douleurs abdominales, perte d\u2019app\u00e9tit) mais aussi une tr\u00e8s grande fatigue, et parfois un ict\u00e8re (jaunisse). Et attention, elle peut <strong>\u00e9voluer vers une forme beaucoup plus grave<\/strong>, en particulier chez certaines personnes \u00e0 risque.<\/p>\n<p>Des gestes simples pour \u00e9viter d\u2019\u00eatre contamin\u00e9<\/p>\n<p class=\" wall-content\">Ainsi, l\u2019ARS rappelle que des gestes simples permettent de r\u00e9duire nettement le risque de contamination : \u00ab\u00a0<strong>se laver les mains r\u00e9guli\u00e8rement \u00e0 l\u2019eau et au savon<\/strong>, en particulier avant les repas et apr\u00e8s le passage aux toilettes ; veiller \u00e0 la propret\u00e9 des aliments, notamment en les lavant avec une eau potable et non souill\u00e9e ; <strong>\u00e9viter la consommation de fruits de mer crus ou peu cuits<\/strong>.\u00a0\u00bb<\/p>\n<p class=\" wall-content\">En cas de sympt\u00f4mes, il est conseill\u00e9 de consulter rapidement un professionnel de sant\u00e9.<\/p>\n<p class=\" wall-content\">L\u2019ARS indique \u00e9galement que <strong>la vaccination<\/strong> contre l\u2019h\u00e9patite A reste un \u00ab\u00a0moyen de pr\u00e9vention efficace, en particulier pour les personnes devant se rendre dans des zones o\u00f9 le virus circule de mani\u00e8re end\u00e9mique (Afrique, Am\u00e9rique latine, Moyen-Orient, Asie centrale, Oc\u00e9anie)\u00a0\u00bb.<\/p>\n<p class=\" wall-content\">Suivez toute l\u2019actualit\u00e9 de vos villes et m\u00e9dias favoris en vous inscrivant \u00e0 <a href=\"https:\/\/moncompte.actu.fr\" title=\"D\u00e9couvez Mon Actu\" rel=\"nofollow noopener\" data-trk=\"{&quot;cta&quot;:{&quot;action&quot;:&quot;https:\\\/\\\/moncompte.actu.fr&quot;,&quot;category&quot;:&quot;mon compte&quot;,&quot;from&quot;:&quot;article footer&quot;,&quot;name&quot;:&quot;Mon actu&quot;,&quot;type&quot;:&quot;cta&quot;}}\" target=\"_blank\">Mon Actu<\/a>.<\/p>\n","protected":false},"excerpt":{"rendered":"Par Emma Ressegaire Publi\u00e9 le 6 ao\u00fbt 2025 \u00e0 16h18 Depuis le d\u00e9but du mois de juin, une&hellip;\n","protected":false},"author":2,"featured_media":300632,"comment_status":"","ping_status":"","sticky":false,"template":"","format":"standard","meta":{"footnotes":""},"categories":[1889],"tags":[1111,11,2430,1777,674,1011,27,2428,12,25,71,104,148],"class_list":{"0":"post-300631","1":"post","2":"type-post","3":"status-publish","4":"format-standard","5":"has-post-thumbnail","7":"category-lyon","8":"tag-actu","9":"tag-actualites","10":"tag-auvergne-rhone-alpes","11":"tag-eu","12":"tag-europe","13":"tag-fr","14":"tag-france","15":"tag-lyon","16":"tag-news","17":"tag-republique-francaise","18":"tag-sante","19":"tag-societe","20":"tag-vaccination"},"share_on_mastodon":{"url":"https:\/\/pubeurope.com\/@fr\/114982457494633091","error":""},"_links":{"self":[{"href":"https:\/\/www.europesays.com\/fr\/wp-json\/wp\/v2\/posts\/300631","targetHints":{"allow":["GET"]}}],"collection":[{"href":"https:\/\/www.europesays.com\/fr\/wp-json\/wp\/v2\/posts"}],"about":[{"href":"https:\/\/www.europesays.com\/fr\/wp-json\/wp\/v2\/types\/post"}],"author":[{"embeddable":true,"href":"https:\/\/www.europesays.com\/fr\/wp-json\/wp\/v2\/users\/2"}],"replies":[{"embeddable":true,"href":"https:\/\/www.europesays.com\/fr\/wp-json\/wp\/v2\/comments?post=300631"}],"version-history":[{"count":0,"href":"https:\/\/www.europesays.com\/fr\/wp-json\/wp\/v2\/posts\/300631\/revisions"}],"wp:featuredmedia":[{"embeddable":true,"href":"https:\/\/www.europesays.com\/fr\/wp-json\/wp\/v2\/media\/300632"}],"wp:attachment":[{"href":"https:\/\/www.europesays.com\/fr\/wp-json\/wp\/v2\/media?parent=300631"}],"wp:term":[{"taxonomy":"category","embeddable":true,"href":"https:\/\/www.europesays.com\/fr\/wp-json\/wp\/v2\/categories?post=300631"},{"taxonomy":"post_tag","embeddable":true,"href":"https:\/\/www.europesays.com\/fr\/wp-json\/wp\/v2\/tags?post=300631"}],"curies":[{"name":"wp","href":"https:\/\/api.w.org\/{rel}","templated":true}]}}