{"id":300633,"date":"2025-08-06T15:10:16","date_gmt":"2025-08-06T15:10:16","guid":{"rendered":"https:\/\/www.europesays.com\/fr\/300633\/"},"modified":"2025-08-06T15:10:16","modified_gmt":"2025-08-06T15:10:16","slug":"lyon-a-lhopital-saint-joseph-saint-luc-les-urgences-seront-reservees-des-vendredi-aux-patients-ayant-contacte-le-15","status":"publish","type":"post","link":"https:\/\/www.europesays.com\/fr\/300633\/","title":{"rendered":"Lyon. \u00c0 l\u2019h\u00f4pital Saint-Joseph Saint-Luc, les urgences seront r\u00e9serv\u00e9es d\u00e8s vendredi aux patients ayant contact\u00e9 le 15"},"content":{"rendered":"<p>Les urgences de l\u2019h\u00f4pital Saint-Joseph Saint-Luc adopte un nouveau fonctionnement pour la fin de l\u2019\u00e9t\u00e9. Du vendredi 8\u00a0ao\u00fbt \u00e0 18 heures au lundi 25\u00a0ao\u00fbt \u00e0 8 heures, l\u2019accueil aux urgences est r\u00e9serv\u00e9 aux patients qui auront appel\u00e9 le Samu, en composant le 15.<\/p>\n<p>Depuis le 28\u00a0mai d\u00e9j\u00e0, le centre hospitalier avait mis en place ce fonctionnement les week-ends et jours f\u00e9ri\u00e9s. Une organisation qui restera en vigueur jusqu\u2019au lundi 1er \u00a0septembre.<\/p>\n<p>  Les autres services assur\u00e9s normalement<\/p>\n<p>Cependant, le fonctionnement des autres services, telle que le suivi obst\u00e9trical, les hospitalisations programm\u00e9es ou encore les consultations, est inchang\u00e9 durant l\u2019\u00e9t\u00e9.\u00a0De m\u00eame pour les consultations de m\u00e9decine g\u00e9n\u00e9rale, qui se d\u00e9roulent au <a href=\"https:\/\/www.leprogres.fr\/sante\/2024\/02\/14\/une-alternative-aux-urgences-le-centre-de-sante-de-saint-joseph-saint-luc-ouvrira-en-mars\" target=\"_blank\" rel=\"nofollow noopener\">centre de sant\u00e9 Saint Joseph Saint Luc, rue Raulin<\/a>.<\/p>\n<p>L\u2019h\u00f4pital Saint-Joseph Saint-Luc rappelle que cette organisation \u00ab\u00a0repose sur une coordination \u00e9troite avec les structures de r\u00e9gulation m\u00e9dicale, telles que le Samu et service d\u2019acc\u00e8s aux soins (SAS) du Rh\u00f4ne, qui assurent une r\u00e9gulation territoriale permanente et garantit une orientation pertinente et s\u00e9curis\u00e9e des patients\u00a0\u00bb.<\/p>\n","protected":false},"excerpt":{"rendered":"Les urgences de l\u2019h\u00f4pital Saint-Joseph Saint-Luc adopte un nouveau fonctionnement pour la fin de l\u2019\u00e9t\u00e9. Du vendredi 8\u00a0ao\u00fbt&hellip;\n","protected":false},"author":2,"featured_media":300634,"comment_status":"","ping_status":"","sticky":false,"template":"","format":"standard","meta":{"footnotes":""},"categories":[1889],"tags":[1111,11,2430,2757,1777,674,1011,27,2428,2756,12,25,2429,71],"class_list":{"0":"post-300633","1":"post","2":"type-post","3":"status-publish","4":"format-standard","5":"has-post-thumbnail","7":"category-lyon","8":"tag-actu","9":"tag-actualites","10":"tag-auvergne-rhone-alpes","11":"tag-edition-lyon-villeurbanne","12":"tag-eu","13":"tag-europe","14":"tag-fr","15":"tag-france","16":"tag-lyon","17":"tag-lyon-bassin","18":"tag-news","19":"tag-republique-francaise","20":"tag-rhone","21":"tag-sante"},"share_on_mastodon":{"url":"https:\/\/pubeurope.com\/@fr\/114982461277607828","error":""},"_links":{"self":[{"href":"https:\/\/www.europesays.com\/fr\/wp-json\/wp\/v2\/posts\/300633","targetHints":{"allow":["GET"]}}],"collection":[{"href":"https:\/\/www.europesays.com\/fr\/wp-json\/wp\/v2\/posts"}],"about":[{"href":"https:\/\/www.europesays.com\/fr\/wp-json\/wp\/v2\/types\/post"}],"author":[{"embeddable":true,"href":"https:\/\/www.europesays.com\/fr\/wp-json\/wp\/v2\/users\/2"}],"replies":[{"embeddable":true,"href":"https:\/\/www.europesays.com\/fr\/wp-json\/wp\/v2\/comments?post=300633"}],"version-history":[{"count":0,"href":"https:\/\/www.europesays.com\/fr\/wp-json\/wp\/v2\/posts\/300633\/revisions"}],"wp:featuredmedia":[{"embeddable":true,"href":"https:\/\/www.europesays.com\/fr\/wp-json\/wp\/v2\/media\/300634"}],"wp:attachment":[{"href":"https:\/\/www.europesays.com\/fr\/wp-json\/wp\/v2\/media?parent=300633"}],"wp:term":[{"taxonomy":"category","embeddable":true,"href":"https:\/\/www.europesays.com\/fr\/wp-json\/wp\/v2\/categories?post=300633"},{"taxonomy":"post_tag","embeddable":true,"href":"https:\/\/www.europesays.com\/fr\/wp-json\/wp\/v2\/tags?post=300633"}],"curies":[{"name":"wp","href":"https:\/\/api.w.org\/{rel}","templated":true}]}}