{"id":300635,"date":"2025-08-06T15:14:10","date_gmt":"2025-08-06T15:14:10","guid":{"rendered":"https:\/\/www.europesays.com\/fr\/300635\/"},"modified":"2025-08-06T15:14:10","modified_gmt":"2025-08-06T15:14:10","slug":"quand-les-electeurs-seront-ils-appeles-a-voter","status":"publish","type":"post","link":"https:\/\/www.europesays.com\/fr\/300635\/","title":{"rendered":"quand les \u00e9lecteurs seront-ils appel\u00e9s \u00e0 voter\u00a0?"},"content":{"rendered":"<p>            Par<br \/>\n        <strong><br \/>\n            <a href=\"https:\/\/actu.fr\/auteur\/redaction-paris\" title=\"Consulter tous les articles de R\u00e9daction Paris\" target=\"_blank\" rel=\"noopener\">R\u00e9daction Paris<\/a><br \/>\n        <\/strong><\/p>\n<p>        Publi\u00e9 le<\/p>\n<p>            6 ao\u00fbt 2025 \u00e0 16h44        <\/p>\n<p>Parisiens et Parisiennes peuvent cocher la date dans leur calendrier.\u00a0Selon un d\u00e9cret paru au Journal Officiel ce mercredi 6\u00a0ao\u00fbt 2025, le vote de la <a href=\"https:\/\/actu.fr\/paris\/politique\/elections-legislatives\" target=\"_blank\" rel=\"noopener\">l\u00e9gislative partielle<\/a> de la <strong>deuxi\u00e8me circonscription de Paris<\/strong>, aura lieu les 21 et 28\u00a0septembre 2025. Un scrutin qui fait suite \u00e0 la d\u00e9cision du conseil constitutionnel de <a href=\"https:\/\/actu.fr\/ile-de-france\/paris_75056\/un-depute-de-paris-contraint-de-demissionner-apres-avoir-ete-declare-ineligible-par-le-conseil-constitutionnel_62900531.html\" target=\"_blank\" rel=\"noopener\">d\u00e9clarer in\u00e9ligible Jean Laussucq <\/a>pour des irr\u00e9gularit\u00e9s dans ses comptes de campagne.<\/p>\n<p>Barnier, Dati et Mariani<\/p>\n<p class=\" wall-content\">\u00ab\u2009Les <strong>\u00e9lecteurs de la 2e circonscription<\/strong> de Paris sont convoqu\u00e9s le dimanche 21\u00a0septembre en vue de proc\u00e9der \u00e0 l\u2019\u00e9lection de leur d\u00e9put\u00e9 \u00e0 l\u2019Assembl\u00e9e nationale\u2009\u00bb, pr\u00e9cise le d\u00e9cret sign\u00e9 du ministre de l\u2019Int\u00e9rieur <a href=\"https:\/\/actu.fr\/tag\/bruno-retailleau\" target=\"_blank\" rel=\"noopener\">Bruno Retailleau<\/a>. Le second tour aura lieu le 28\u00a0septembre, ajoute le texte.<\/p>\n<p class=\" wall-content\">Les \u00e9lecteurs de droite auront le choix entre <a href=\"https:\/\/actu.fr\/tag\/rachida-dati\" target=\"_blank\" rel=\"noopener\">Rachida Dati<\/a> et <a href=\"https:\/\/actu.fr\/ile-de-france\/paris_75056\/legislative-partielle-a-paris-l-ex-premier-ministre-michel-barnier-candidat-au-poste-de-depute-vacant_62911392.html\" target=\"_blank\" rel=\"noopener\">Michel Barnier<\/a>. En officialisant sa candidature, <strong>l\u2019ancienne magistrate<\/strong> a ouvert les hostilit\u00e9s contre l\u2019ex Premier ministre qui brigue le m\u00eame poste de d\u00e9put\u00e9 et a de son c\u00f4t\u00e9 obtenu l\u2019investiture de LR.<\/p>\n<p class=\" wall-content\">La ministre de la Culture a affirm\u00e9 qu\u2019elle serait candidate \u00ab\u2009quoi qu\u2019il arrive\u2009\u00bb, accusant son rival de se pr\u00e9senter pour <strong>servir des \u00ab\u2009ambitions pr\u00e9sidentielles\u2009\u00bb<\/strong>. Ce dernier l\u2019a invit\u00e9e \u00e0 ne \u00ab\u2009pas se tromper\u2009\u00bb d\u2019\u00e9lection, estimant qu\u2019elle avait \u00ab\u2009une ambition l\u00e9gitime\u2009\u00bb pour la mairie de Paris en 2026.<\/p>\n<p class=\" wall-content\">Pour l\u2019heure, seule <strong>une autre candidature<\/strong> a \u00e9t\u00e9 officialis\u00e9e\u2009: celle de <a href=\"https:\/\/actu.fr\/ile-de-france\/paris_75056\/a-paris-le-depute-rn-thierry-mariani-sera-lui-aussi-candidat-aux-elections-legislatives-partielles_62928734.html\" target=\"_blank\" rel=\"noopener\">Thierry Mariani<\/a> pour le Rassemblement national (RN).<\/p>\n<p>\u00ab\u2009D\u00e9cision pr\u00e9cipit\u00e9e de Bruno Retailleau\u2009\u00bb<\/p>\n<p class=\" wall-content\">Pour rappel, la maire du VIIe arrondissement a \u00e9t\u00e9 renvoy\u00e9e le 22\u00a0juillet 2025 en <strong>proc\u00e8s pour corruption et trafic d\u2019influence<\/strong>, <a href=\"https:\/\/actu.fr\/politique\/rachida-dati-bientot-jugee-900-000-euros-touches-corruption-on-vous-resume-l-affaire-point-par-point_62945361.html\" target=\"_blank\" rel=\"noopener\">soup\u00e7onn\u00e9e d\u2019avoir per\u00e7u 900\u2009000\u00a0euros<\/a> entre\u00a02010 et\u00a02012 pour des prestations de conseil avec une filiale de l\u2019alliance Renault-Nissan, mais sans avoir r\u00e9ellement travaill\u00e9, alors qu\u2019elle \u00e9tait avocate et d\u00e9put\u00e9e europ\u00e9enne. Elle a fait appel de la d\u00e9cision.<\/p>\n<p class=\" wall-content\">\u00ab\u2009Un esprit malin (et lucide) pourrait tout \u00e0 fait rapprocher cette d\u00e9cision pr\u00e9cipit\u00e9e de Bruno Retailleau avec la date de l\u2019audience qui doit fixer la date du proc\u00e8s de Rachida Dati. Audience qui se tiendra le 29\u00a0septembre. Soit le lendemain du second tour\u2009\u00bb, a ironis\u00e9 sur X le pr\u00e9sident du conseil national du Parti socialiste, <strong>Luc Broussy<\/strong>.<\/p>\n<p class=\" wall-content\">Avec AFP.<\/p>\n<p class=\" wall-content\">Suivez toute l\u2019actualit\u00e9 de vos villes et m\u00e9dias favoris en vous inscrivant \u00e0 <a href=\"https:\/\/moncompte.actu.fr\" title=\"D\u00e9couvez Mon Actu\" rel=\"nofollow noopener\" data-trk=\"{&quot;cta&quot;:{&quot;action&quot;:&quot;https:\\\/\\\/moncompte.actu.fr&quot;,&quot;category&quot;:&quot;mon compte&quot;,&quot;from&quot;:&quot;article footer&quot;,&quot;name&quot;:&quot;Mon actu&quot;,&quot;type&quot;:&quot;cta&quot;}}\" target=\"_blank\">Mon Actu<\/a>.<\/p>\n<ul class=\"ac-article-tag wall-content\">\n<li><a href=\"https:\/\/actu.fr\/tag\/michel-barnier\" data-trk=\"{&quot;cta&quot;:{&quot;action&quot;:&quot;Michel Barnier&quot;,&quot;category&quot;:&quot;tag&quot;,&quot;from&quot;:&quot;article footer&quot;,&quot;name&quot;:&quot;Michel Barnier&quot;,&quot;type&quot;:&quot;cta&quot;}}\" target=\"_blank\" rel=\"noopener\">#Michel Barnier<\/a><\/li>\n<li><a href=\"https:\/\/actu.fr\/tag\/rachida-dati\" data-trk=\"{&quot;cta&quot;:{&quot;action&quot;:&quot;Rachida Dati&quot;,&quot;category&quot;:&quot;tag&quot;,&quot;from&quot;:&quot;article footer&quot;,&quot;name&quot;:&quot;Rachida Dati&quot;,&quot;type&quot;:&quot;cta&quot;}}\" target=\"_blank\" rel=\"noopener\">#Rachida Dati<\/a><\/li>\n<\/ul>\n","protected":false},"excerpt":{"rendered":"Par R\u00e9daction Paris Publi\u00e9 le 6 ao\u00fbt 2025 \u00e0 16h44 Parisiens et Parisiennes peuvent cocher la date dans&hellip;\n","protected":false},"author":2,"featured_media":300636,"comment_status":"","ping_status":"","sticky":false,"template":"","format":"standard","meta":{"footnotes":""},"categories":[1888],"tags":[1111,1928,11,1927,8513,1777,674,1011,27,27636,12,1926,626,1925,316,417,25],"class_list":{"0":"post-300635","1":"post","2":"type-post","3":"status-publish","4":"format-standard","5":"has-post-thumbnail","7":"category-paris","8":"tag-actu","9":"tag-actu-paris","10":"tag-actualites","11":"tag-actualites-paris","12":"tag-elections-legislatives","13":"tag-eu","14":"tag-europe","15":"tag-fr","16":"tag-france","17":"tag-michel-barnier","18":"tag-news","19":"tag-news-paris","20":"tag-paris","21":"tag-paris-news","22":"tag-politique","23":"tag-rachida-dati","24":"tag-republique-francaise"},"share_on_mastodon":{"url":"https:\/\/pubeurope.com\/@fr\/114982477089325609","error":""},"_links":{"self":[{"href":"https:\/\/www.europesays.com\/fr\/wp-json\/wp\/v2\/posts\/300635","targetHints":{"allow":["GET"]}}],"collection":[{"href":"https:\/\/www.europesays.com\/fr\/wp-json\/wp\/v2\/posts"}],"about":[{"href":"https:\/\/www.europesays.com\/fr\/wp-json\/wp\/v2\/types\/post"}],"author":[{"embeddable":true,"href":"https:\/\/www.europesays.com\/fr\/wp-json\/wp\/v2\/users\/2"}],"replies":[{"embeddable":true,"href":"https:\/\/www.europesays.com\/fr\/wp-json\/wp\/v2\/comments?post=300635"}],"version-history":[{"count":0,"href":"https:\/\/www.europesays.com\/fr\/wp-json\/wp\/v2\/posts\/300635\/revisions"}],"wp:featuredmedia":[{"embeddable":true,"href":"https:\/\/www.europesays.com\/fr\/wp-json\/wp\/v2\/media\/300636"}],"wp:attachment":[{"href":"https:\/\/www.europesays.com\/fr\/wp-json\/wp\/v2\/media?parent=300635"}],"wp:term":[{"taxonomy":"category","embeddable":true,"href":"https:\/\/www.europesays.com\/fr\/wp-json\/wp\/v2\/categories?post=300635"},{"taxonomy":"post_tag","embeddable":true,"href":"https:\/\/www.europesays.com\/fr\/wp-json\/wp\/v2\/tags?post=300635"}],"curies":[{"name":"wp","href":"https:\/\/api.w.org\/{rel}","templated":true}]}}