{"id":30064,"date":"2025-04-16T21:58:15","date_gmt":"2025-04-16T21:58:15","guid":{"rendered":"https:\/\/www.europesays.com\/fr\/30064\/"},"modified":"2025-04-16T21:58:15","modified_gmt":"2025-04-16T21:58:15","slug":"les-tarifs-de-trump-representent-une-menace-existentielle-pour-la-formule-1-la-course-va-t-elle-survivre-a-la-guerre-commerciale","status":"publish","type":"post","link":"https:\/\/www.europesays.com\/fr\/30064\/","title":{"rendered":"Les tarifs de Trump repr\u00e9sentent une menace existentielle pour la Formule 1 : la course va-t-elle survivre \u00e0 la guerre commerciale ?"},"content":{"rendered":"<p>Le pr\u00e9sident am\u00e9ricain Donald Trump impose des tarifs qui sont sur le point de bouleverser le monde de la Formule 1, envoyant des ondes de choc \u00e0 travers l\u2019industrie et laissant les experts sur le qui-vive. Avec l\u2019introduction r\u00e9cente de ces tarifs, les march\u00e9s mondiaux ressentent d\u00e9j\u00e0 la pression, et la F1 n\u2019est pas \u00e0 l\u2019abri de l\u2019impact imminent.<\/p>\n<p>Le v\u00e9t\u00e9ran de l\u2019industrie, Mark Gallagher, met en garde contre les r\u00e9percussions potentielles sur le paysage de la F1, soulignant l\u2019incertitude et les d\u00e9fis \u00e0 venir. Le secteur automobile se pr\u00e9pare \u00e0 un coup dur, les tarifs perturbant les dynamiques d\u2019importation et d\u2019exportation, touchant particuli\u00e8rement les fabricants de voitures dans le sport.<\/p>\n<p>Gallagher souligne les enjeux significatifs pour les \u00e9quipes de F1, en pointant la vuln\u00e9rabilit\u00e9 de joueurs cl\u00e9s comme Mercedes, Ferrari et McLaren face \u00e0 ce bouleversement tarifaire. Alors que Renault se distingue en raison de son absence sur le march\u00e9 am\u00e9ricain, d\u2019autres fabricants se pr\u00e9parent \u00e0 une p\u00e9riode difficile.<\/p>\n<p>L\u2019\u00e9quipe Haas F1, bas\u00e9e aux \u00c9tats-Unis, se trouve au c\u0153ur de la temp\u00eate, surveillant de pr\u00e8s les d\u00e9veloppements tarifaires et leurs potentielles ramifications. Haas Automation, le sponsor principal de l\u2019\u00e9quipe, reconna\u00eet l\u2019impact sur ses op\u00e9rations et reste optimiste quant \u00e0 un all\u00e9gement au milieu de cet environnement commercial turbulent.<\/p>\n<p>Au-del\u00e0 des dynamiques internes de l\u2019\u00e9quipe, l\u2019\u00e9cosyst\u00e8me plus large de la F1 fait face \u00e0 des d\u00e9fis alors que les sponsors et partenaires naviguent dans le terrain incertain cr\u00e9\u00e9 par les tarifs. Le nuage imminent de pression financi\u00e8re pourrait assombrir les futures n\u00e9gociations et accords dans le sport.<\/p>\n<p>Malgr\u00e9 les incertitudes qui se profilent, Gallagher estime que le propri\u00e9taire de la F1, Liberty Media, peut surmonter la temp\u00eate, s\u2019appuyant sur les crises pass\u00e9es qui ont mis \u00e0 l\u2019\u00e9preuve la r\u00e9silience du sport. La route \u00e0 venir pourrait \u00eatre rocailleuse, mais avec une approche strat\u00e9gique, la F1 peut naviguer dans les eaux tumultueuses agit\u00e9es par les tarifs de Trump.<\/p>\n<p>Alors que la communaut\u00e9 de la F1 se pr\u00e9pare aux cons\u00e9quences inconnues de ces tarifs, une chose reste claire \u2013 le sport s\u2019attend \u00e0 un parcours tumultueux alors qu\u2019il lutte avec les r\u00e9percussions de ce bouleversement \u00e9conomique.<\/p>\n","protected":false},"excerpt":{"rendered":"Le pr\u00e9sident am\u00e9ricain Donald Trump impose des tarifs qui sont sur le point de bouleverser le monde de&hellip;\n","protected":false},"author":2,"featured_media":30065,"comment_status":"","ping_status":"","sticky":false,"template":"","format":"standard","meta":{"footnotes":""},"categories":[1412],"tags":[1451,1452,1453,1454,1455,1011,27,60],"class_list":{"0":"post-30064","1":"post","2":"type-post","3":"status-publish","4":"format-standard","5":"has-post-thumbnail","7":"category-f1","8":"tag-f1","9":"tag-formula-1","10":"tag-formula1","11":"tag-formule-1","12":"tag-formule1","13":"tag-fr","14":"tag-france","15":"tag-sports"},"share_on_mastodon":{"url":"https:\/\/pubeurope.com\/@fr\/114349886962746418","error":""},"_links":{"self":[{"href":"https:\/\/www.europesays.com\/fr\/wp-json\/wp\/v2\/posts\/30064","targetHints":{"allow":["GET"]}}],"collection":[{"href":"https:\/\/www.europesays.com\/fr\/wp-json\/wp\/v2\/posts"}],"about":[{"href":"https:\/\/www.europesays.com\/fr\/wp-json\/wp\/v2\/types\/post"}],"author":[{"embeddable":true,"href":"https:\/\/www.europesays.com\/fr\/wp-json\/wp\/v2\/users\/2"}],"replies":[{"embeddable":true,"href":"https:\/\/www.europesays.com\/fr\/wp-json\/wp\/v2\/comments?post=30064"}],"version-history":[{"count":0,"href":"https:\/\/www.europesays.com\/fr\/wp-json\/wp\/v2\/posts\/30064\/revisions"}],"wp:featuredmedia":[{"embeddable":true,"href":"https:\/\/www.europesays.com\/fr\/wp-json\/wp\/v2\/media\/30065"}],"wp:attachment":[{"href":"https:\/\/www.europesays.com\/fr\/wp-json\/wp\/v2\/media?parent=30064"}],"wp:term":[{"taxonomy":"category","embeddable":true,"href":"https:\/\/www.europesays.com\/fr\/wp-json\/wp\/v2\/categories?post=30064"},{"taxonomy":"post_tag","embeddable":true,"href":"https:\/\/www.europesays.com\/fr\/wp-json\/wp\/v2\/tags?post=30064"}],"curies":[{"name":"wp","href":"https:\/\/api.w.org\/{rel}","templated":true}]}}