{"id":300642,"date":"2025-08-06T15:18:11","date_gmt":"2025-08-06T15:18:11","guid":{"rendered":"https:\/\/www.europesays.com\/fr\/300642\/"},"modified":"2025-08-06T15:18:11","modified_gmt":"2025-08-06T15:18:11","slug":"les-discussions-entre-vladimir-poutine-et-steve-witkoff-ont-ete-constructives-selon-le-kremlin-lexpress","status":"publish","type":"post","link":"https:\/\/www.europesays.com\/fr\/300642\/","title":{"rendered":"les discussions entre Vladimir Poutine et Steve Witkoff ont \u00e9t\u00e9 \u00ab\u00a0constructives\u00a0\u00bb, selon le Kremlin \u2013 L&rsquo;Express"},"content":{"rendered":"<p class=\"paragraph article-body-paragraph article__item   article-body-paragraph--first \">La <a href=\"https:\/\/www.lexpress.fr\/monde\/guerre-en-ukraine-lemissaire-de-donald-trump-steve-witkoff-attendu-en-russie-cette-semaine-UNXCZH3ECFHRBGJMBDORMRCDBE\/\" target=\"_self\" rel=\"nofollow noopener\" title=\"https:\/\/www.lexpress.fr\/monde\/guerre-en-ukraine-lemissaire-de-donald-trump-steve-witkoff-attendu-en-russie-cette-semaine-UNXCZH3ECFHRBGJMBDORMRCDBE\/\">rencontre entre Valdimir Poutine et Steve Witkoff<\/a>, l\u2019\u00e9missaire de Donald Trump, a dur\u00e9 \u00ab\u00a0pr\u00e8s de trois heures\u00a0\u00bb et s\u2019est achev\u00e9e dans l\u2019apr\u00e8s-midi, ce mercredi 6 ao\u00fbt, rapporte l\u2019agence de presse officielle russe Tass.<\/p>\n<p class=\"paragraph article-body-paragraph article__item   \">\u00ab\u00a0Une conversation tr\u00e8s utile et constructive a eu lieu\u00a0\u00bb au Kremlin sur la <a href=\"https:\/\/www.lexpress.fr\/monde\/europe\/l-ukraine-hesite-entre-est-et-ouest_1302698.html\" target=\"_self\" rel=\"nofollow noopener\" title=\"https:\/\/www.lexpress.fr\/monde\/europe\/l-ukraine-hesite-entre-est-et-ouest_1302698.html\">guerre en Ukraine<\/a> et les relations russo-am\u00e9ricaines, a de son c\u00f4t\u00e9 d\u00e9clar\u00e9 \u00e0 la presse le conseiller diplomatique du chef de l\u2019Etat russe, Iouri Ouchakov, assurant que la Russie avait \u00ab\u00a0envoy\u00e9 certains signaux\u00a0\u00bb sur le dossier ukrainien.<\/p>\n<p>Chaleureuse poign\u00e9e de main<\/p>\n<p class=\"paragraph article-body-paragraph article__item   \">Vladimir Poutine et l\u2019envoy\u00e9 am\u00e9ricain, accueilli \u00e0 son arriv\u00e9e dans la matin\u00e9e \u00e0 Moscou par le repr\u00e9sentant sp\u00e9cial du pr\u00e9sident Kirill Dmitriev, s\u2019\u00e9taient chaleureusement serr\u00e9 la main, l\u2019air souriant, au d\u00e9but de leur r\u00e9union dans une somptueuse salle, selon les images diffus\u00e9es par le service de presse de la pr\u00e9sidence russe. Steve Witkoff, qui est l\u2019homme de confiance de Donald Trump pour les \u00ab\u00a0missions de paix\u00a0\u00bb, a d\u00e9j\u00e0 rencontr\u00e9 le pr\u00e9sident russe \u00e0 plusieurs reprises mais aucun de ces entretiens n\u2019a amen\u00e9 ce dernier \u00e0 changer de cap. Alors, peut-on r\u00e9ellement attendre quelque chose de cette derni\u00e8re rencontre ? \u00ab\u00a0Il serait \u00e9tonnant d\u2019assister \u00e0 de v\u00e9ritables avanc\u00e9es pour la paix\u00a0\u00bb, estimait ce mercredi aupr\u00e8s de <a href=\"https:\/\/www.lexpress.fr\/monde\/europe\/michel-duclos-donald-trump-a-pris-conscience-de-son-erreur-initiale-sur-poutine-EZVDJ5HFEFBPXA5OFRTAA6C224\/\" target=\"_self\" rel=\"nofollow noopener\" title=\"https:\/\/www.lexpress.fr\/monde\/europe\/michel-duclos-donald-trump-a-pris-conscience-de-son-erreur-initiale-sur-poutine-EZVDJ5HFEFBPXA5OFRTAA6C224\/\">L\u2019Express<\/a>, l\u2019ancien ambassadeur Michel Duclos, aujourd\u2019hui conseiller sp\u00e9cial \u00e0 l\u2019Institut Montaigne.<\/p>\n<p><strong class=\"article-body-link-list__item text-gray-800 article-body-link-list__item--one-item\">LIRE AUSSI : <a class=\"article-body-link-list__item-link\" href=\"https:\/\/www.lexpress.fr\/monde\/europe\/rendre-la-vie-invivable-en-ukraine-le-fleau-sans-limite-des-frappes-aeriennes-russes-5TQQSOMDRJHONDFOM4YPS3ORXU\/\" target=\"_blank\" rel=\"noreferrer nofollow noopener\">\u00ab\u00a0Rendre la vie invivable\u00a0\u00bb : en Ukraine, le fl\u00e9au sans limite des frappes a\u00e9riennes russes<\/a><\/strong><\/p>\n<p class=\"paragraph article-body-paragraph article__item   \">Cette rencontre a eu lieu deux jours avant la fin de l\u2019<a href=\"https:\/\/www.lexpress.fr\/idees-et-debats\/peter-rough-ex-conseiller-de-bush-des-decisions-vraiment-douloureuses-se-profilent-pour-poutine-A6STI55EUZEYVC4MJT5T2KJ3RQ\/\" target=\"_self\" rel=\"nofollow noopener\" title=\"https:\/\/www.lexpress.fr\/idees-et-debats\/peter-rough-ex-conseiller-de-bush-des-decisions-vraiment-douloureuses-se-profilent-pour-poutine-A6STI55EUZEYVC4MJT5T2KJ3RQ\/\">ultimatum pos\u00e9 par Donald Trump<\/a> la semaine derni\u00e8re. Le pr\u00e9sident a donn\u00e9 jusqu\u2019\u00e0 vendredi \u00e0 la Russie pour qu\u2019elle mette fin \u00e0 son offensive en Ukraine, sous peine de nouvelles sanctions. Il a notamment menac\u00e9 d\u2019infliger des \u00ab\u00a0droits de douane secondaires\u00a0\u00bb aux pays qui continuent de faire du commerce avec Moscou, comme la Chine et l\u2019Inde. Le pr\u00e9sident ukrainien <a href=\"https:\/\/www.lexpress.fr\/monde\/europe\/ukraine-comment-les-russes-imaginent-lapres-volodymyr-zelensky-OSOP7GTN25E2DD7OTYE6YE5CN4\/\" target=\"_self\" rel=\"nofollow noopener\" title=\"https:\/\/www.lexpress.fr\/monde\/europe\/ukraine-comment-les-russes-imaginent-lapres-volodymyr-zelensky-OSOP7GTN25E2DD7OTYE6YE5CN4\/\">Volodymyr Zelensky<\/a> a, pour sa part, exhort\u00e9 mercredi \u00e0 \u00ab\u00a0renforcer tous les leviers dont disposent les Etats-Unis, l\u2019Europe et le G7\u00a0\u00bb contre la Russie, peu apr\u00e8s l\u2019arriv\u00e9e de Steve Witkoff dans la capitale russe. Il avait d\u00e9j\u00e0 annonc\u00e9 mardi avoir \u00e9voqu\u00e9 les sanctions contre la Russie et la coop\u00e9ration militaire au t\u00e9l\u00e9phone avec Donald Trump, mentionnant un \u00ab\u00a0projet d\u2019accord sur les drones\u00a0\u00bb.<\/p>\n<p>Pic de tension<\/p>\n<p class=\"paragraph article-body-paragraph article__item   \">La rencontre intervient \u00e0 un moment o\u00f9 les relations entre la Russie et les Etats-Unis connaissent un pic de tensions, depuis la semaine derni\u00e8re, avec le d\u00e9ploiement par Donald Trump de <a href=\"https:\/\/www.lexpress.fr\/monde\/europe\/trump-contre-medvedev-le-bras-de-fer-verbal-qui-a-conduit-a-lenvoi-de-sous-marins-nucleaires-pres-de-T6IVQBMLJVCGPL2TMMDZOGP6WQ\/\" target=\"_self\" rel=\"nofollow noopener\" title=\"https:\/\/www.lexpress.fr\/monde\/europe\/trump-contre-medvedev-le-bras-de-fer-verbal-qui-a-conduit-a-lenvoi-de-sous-marins-nucleaires-pres-de-T6IVQBMLJVCGPL2TMMDZOGP6WQ\/\">deux sous-marins nucl\u00e9aires<\/a>, \u00e0 la suite d\u2019une dispute en ligne avec l\u2019ancien chef de l\u2019Etat russe Dmitri Medvedev. Le pr\u00e9sident am\u00e9ricain n\u2019avait toutefois pas pr\u00e9cis\u00e9 o\u00f9 exactement les sous-marins seraient envoy\u00e9s, ni s\u2019il s\u2019agissait de submersibles \u00e0 propulsion nucl\u00e9aire ou porteurs d\u2019ogives atomiques.<\/p>\n<p><strong class=\"article-body-link-list__item text-gray-800 article-body-link-list__item--one-item\">LIRE AUSSI : <a class=\"article-body-link-list__item-link\" href=\"https:\/\/www.lexpress.fr\/monde\/europe\/michel-duclos-donald-trump-a-pris-conscience-de-son-erreur-initiale-sur-poutine-EZVDJ5HFEFBPXA5OFRTAA6C224\/\" target=\"_blank\" rel=\"noreferrer nofollow noopener\">Michel Duclos : \u00ab\u00a0Donald Trump a pris conscience de son erreur initiale sur Poutine\u00a0\u00bb<\/a><\/strong><\/p>\n<p class=\"paragraph article-body-paragraph article__item   \">En outre, le pr\u00e9sident am\u00e9ricain exprime dor\u00e9navant de plus en plus ouvertement sa frustration \u00e0 l\u2019\u00e9gard de Vladimir Poutine. Aux journalistes qui lui demandaient lundi quel serait le message de Steve Witkoff \u00e0 la Russie et s\u2019il y avait un moyen pour celle-ci d\u2019\u00e9viter les sanctions, il a r\u00e9pondu : \u00ab\u00a0Oui, conclure un accord pour que les gens cessent d\u2019\u00eatre tu\u00e9s\u00a0\u00bb. Le Kremlin a quant \u00e0 lui d\u00e9nonc\u00e9 des menaces \u00ab\u00a0ill\u00e9gitimes\u00a0\u00bb. Malgr\u00e9 la pression exerc\u00e9e par Washington, l\u2019<a href=\"https:\/\/www.lexpress.fr\/monde\/europe\/ukraine-le-bilan-des-frappes-russes-sur-kiev-atteint-les-31-morts-PUMQW4SF4FD6VL45OV3CM7T3KY\/\" target=\"_self\" rel=\"nofollow noopener\" title=\"https:\/\/www.lexpress.fr\/monde\/europe\/ukraine-le-bilan-des-frappes-russes-sur-kiev-atteint-les-31-morts-PUMQW4SF4FD6VL45OV3CM7T3KY\/\">offensive russe contre son voisin se poursuit<\/a>. En Ukraine, des frappes de drones russes ont fait trois bless\u00e9s mercredi \u00e0 l\u2019aube dans la r\u00e9gion de Zaporijia et deux dans celle de Kherson, selon les autorit\u00e9s militaires r\u00e9gionales.<\/p>\n","protected":false},"excerpt":{"rendered":"La rencontre entre Valdimir Poutine et Steve Witkoff, l\u2019\u00e9missaire de Donald Trump, a dur\u00e9 \u00ab\u00a0pr\u00e8s de trois heures\u00a0\u00bb&hellip;\n","protected":false},"author":2,"featured_media":300643,"comment_status":"","ping_status":"","sticky":false,"template":"","format":"standard","meta":{"footnotes":""},"categories":[1591],"tags":[11,674,1887,74,12,1885,1886,132],"class_list":{"0":"post-300642","1":"post","2":"type-post","3":"status-publish","4":"format-standard","5":"has-post-thumbnail","7":"category-russie","8":"tag-actualites","9":"tag-europe","10":"tag-federation-de-russie","11":"tag-monde","12":"tag-news","13":"tag-russia","14":"tag-russian-federation","15":"tag-russie"},"share_on_mastodon":{"url":"","error":""},"_links":{"self":[{"href":"https:\/\/www.europesays.com\/fr\/wp-json\/wp\/v2\/posts\/300642","targetHints":{"allow":["GET"]}}],"collection":[{"href":"https:\/\/www.europesays.com\/fr\/wp-json\/wp\/v2\/posts"}],"about":[{"href":"https:\/\/www.europesays.com\/fr\/wp-json\/wp\/v2\/types\/post"}],"author":[{"embeddable":true,"href":"https:\/\/www.europesays.com\/fr\/wp-json\/wp\/v2\/users\/2"}],"replies":[{"embeddable":true,"href":"https:\/\/www.europesays.com\/fr\/wp-json\/wp\/v2\/comments?post=300642"}],"version-history":[{"count":0,"href":"https:\/\/www.europesays.com\/fr\/wp-json\/wp\/v2\/posts\/300642\/revisions"}],"wp:featuredmedia":[{"embeddable":true,"href":"https:\/\/www.europesays.com\/fr\/wp-json\/wp\/v2\/media\/300643"}],"wp:attachment":[{"href":"https:\/\/www.europesays.com\/fr\/wp-json\/wp\/v2\/media?parent=300642"}],"wp:term":[{"taxonomy":"category","embeddable":true,"href":"https:\/\/www.europesays.com\/fr\/wp-json\/wp\/v2\/categories?post=300642"},{"taxonomy":"post_tag","embeddable":true,"href":"https:\/\/www.europesays.com\/fr\/wp-json\/wp\/v2\/tags?post=300642"}],"curies":[{"name":"wp","href":"https:\/\/api.w.org\/{rel}","templated":true}]}}