{"id":300646,"date":"2025-08-06T15:20:10","date_gmt":"2025-08-06T15:20:10","guid":{"rendered":"https:\/\/www.europesays.com\/fr\/300646\/"},"modified":"2025-08-06T15:20:10","modified_gmt":"2025-08-06T15:20:10","slug":"la-france-na-aucun-moyen-de-requisitionner-les-stocks","status":"publish","type":"post","link":"https:\/\/www.europesays.com\/fr\/300646\/","title":{"rendered":"la France n\u2019a \u00ab\u00a0aucun moyen\u00a0\u00bb de r\u00e9quisitionner les stocks"},"content":{"rendered":"<p>La Belgique a fait savoir qu\u2019elle avait initi\u00e9 des contacts diplomatiques avec les \u00c9tats-Unis dans le but d\u2019examiner toutes les options envisageables afin de pr\u00e9venir la mise au rebut de ces marchandises.<\/p>\n<p>\u00c0 la suite de la d\u00e9cision prise par Donald Trump de d\u00e9truire pour plusieurs millions de dollars des contraceptifs, notamment des implants et des dispositifs intra-ut\u00e9rins, qui \u00e9taient entrepos\u00e9s en Belgique, la France a indiqu\u00e9, vendredi 1er ao\u00fbt, qu\u2019elle ne disposait d\u2019\u00ab aucun moyen \u00bb l\u00e9gal pour proc\u00e9der \u00e0 leur r\u00e9quisition. \u00ab Malheureusement, aucune disposition juridique ne permet \u00e0 une autorit\u00e9 sanitaire europ\u00e9enne, et encore moins \u00e0 l\u2019Agence nationale de s\u00e9curit\u00e9 du m\u00e9dicament (ANSM), d\u2019intervenir afin de r\u00e9cup\u00e9rer ces dispositifs m\u00e9dicaux \u00bb, a pr\u00e9cis\u00e9 le minist\u00e8re de la Sant\u00e9, en r\u00e9ponse \u00e0 une demande de l\u2019AFP.<\/p>\n<p>Cette impossibilit\u00e9 est d\u2019abord expliqu\u00e9e par la nature m\u00eame de ces stocks, qui ne sont pas class\u00e9s comme \u00ab m\u00e9dicaments d\u2019int\u00e9r\u00eat th\u00e9rapeutique majeur (MITM) \u00bb, ainsi que par la quantit\u00e9 de contraceptifs d\u00e9j\u00e0 disponible sur le territoire fran\u00e7ais. \u00ab Nous ne sommes pas confront\u00e9s \u00e0 une situation de rupture ou de tension dans l\u2019approvisionnement \u00bb, a affirm\u00e9 le minist\u00e8re.<\/p>\n<p>Par ailleurs, le gouvernement souligne qu\u2019il existe un manque de pr\u00e9cisions quant au lieu o\u00f9 ces contraceptifs seront effectivement incin\u00e9r\u00e9s, tandis que certains m\u00e9dias anglophones avancent qu\u2019ils pourraient \u00eatre d\u00e9truits en France. Du c\u00f4t\u00e9 belge, les autorit\u00e9s ont annonc\u00e9 qu\u2019elles avaient entam\u00e9 des d\u00e9marches diplomatiques aupr\u00e8s des \u00c9tats-Unis pour examiner toutes les \u00ab options envisageables afin d\u2019emp\u00eacher la destruction de ces produits \u00bb.<\/p>\n<p>Plus t\u00f4t dans la semaine, plusieurs \u00e9lues ont interpell\u00e9 Emmanuel Macron en d\u00e9non\u00e7ant \u00ab un gaspillage tant sanitaire que financier inacceptable \u00bb. Ces contraceptifs, principalement des implants et des st\u00e9rilets, \u00e9taient initialement destin\u00e9s \u00e0 \u00ab des pays \u00e0 revenus faibles ou interm\u00e9diaires, dans le cadre des programmes de l\u2019Agence am\u00e9ricaine pour le d\u00e9veloppement international \u00bb (USAID), une agence d\u00e9mantel\u00e9e sous l\u2019administration Trump.<\/p>\n","protected":false},"excerpt":{"rendered":"La Belgique a fait savoir qu\u2019elle avait initi\u00e9 des contacts diplomatiques avec les \u00c9tats-Unis dans le but d\u2019examiner&hellip;\n","protected":false},"author":2,"featured_media":300647,"comment_status":"","ping_status":"","sticky":false,"template":"","format":"standard","meta":{"footnotes":""},"categories":[1589],"tags":[11,28706,1007,41348,1145,73,1866,27,151,19069,12,44085,9327,1864,1865,1863,308],"class_list":{"0":"post-300646","1":"post","2":"type-post","3":"status-publish","4":"format-standard","5":"has-post-thumbnail","7":"category-etats-unis","8":"tag-actualites","9":"tag-aucun","10":"tag-aux","11":"tag-contraceptifs","12":"tag-destruction","13":"tag-etats-unis","14":"tag-etats-unis-damerique","15":"tag-france","16":"tag-les","17":"tag-moyen","18":"tag-news","19":"tag-requisitionner","20":"tag-stocks","21":"tag-united-states","22":"tag-united-states-of-america","23":"tag-us","24":"tag-usa"},"share_on_mastodon":{"url":"https:\/\/pubeurope.com\/@fr\/114982500724714420","error":""},"_links":{"self":[{"href":"https:\/\/www.europesays.com\/fr\/wp-json\/wp\/v2\/posts\/300646","targetHints":{"allow":["GET"]}}],"collection":[{"href":"https:\/\/www.europesays.com\/fr\/wp-json\/wp\/v2\/posts"}],"about":[{"href":"https:\/\/www.europesays.com\/fr\/wp-json\/wp\/v2\/types\/post"}],"author":[{"embeddable":true,"href":"https:\/\/www.europesays.com\/fr\/wp-json\/wp\/v2\/users\/2"}],"replies":[{"embeddable":true,"href":"https:\/\/www.europesays.com\/fr\/wp-json\/wp\/v2\/comments?post=300646"}],"version-history":[{"count":0,"href":"https:\/\/www.europesays.com\/fr\/wp-json\/wp\/v2\/posts\/300646\/revisions"}],"wp:featuredmedia":[{"embeddable":true,"href":"https:\/\/www.europesays.com\/fr\/wp-json\/wp\/v2\/media\/300647"}],"wp:attachment":[{"href":"https:\/\/www.europesays.com\/fr\/wp-json\/wp\/v2\/media?parent=300646"}],"wp:term":[{"taxonomy":"category","embeddable":true,"href":"https:\/\/www.europesays.com\/fr\/wp-json\/wp\/v2\/categories?post=300646"},{"taxonomy":"post_tag","embeddable":true,"href":"https:\/\/www.europesays.com\/fr\/wp-json\/wp\/v2\/tags?post=300646"}],"curies":[{"name":"wp","href":"https:\/\/api.w.org\/{rel}","templated":true}]}}