{"id":300650,"date":"2025-08-06T15:22:18","date_gmt":"2025-08-06T15:22:18","guid":{"rendered":"https:\/\/www.europesays.com\/fr\/300650\/"},"modified":"2025-08-06T15:22:18","modified_gmt":"2025-08-06T15:22:18","slug":"en-allemagne-le-centre-historique-de-dresde-evacue-pour-desamorcer-une-bombe-de-la-seconde-guerre-mondiale","status":"publish","type":"post","link":"https:\/\/www.europesays.com\/fr\/300650\/","title":{"rendered":"En Allemagne, le centre historique de Dresde \u00e9vacu\u00e9 pour d\u00e9samorcer une bombe de la Seconde Guerre mondiale"},"content":{"rendered":"<p class=\"c-chapo \">\n  Environ 17\u00a0000 personnes ont \u00e9t\u00e9 somm\u00e9es de quitter t\u00f4t leur domicile dans cette cit\u00e9 mercredi, tr\u00e8s largement d\u00e9truite lors d&rsquo;un bombardement alli\u00e9 en f\u00e9vrier 1945.\n<\/p>\n<p>            lire plus tard<\/p>\n<p id=\"dialog__title\" class=\"dialog__title\">Pour sauvegarder cet article, connectez-vous ou cr\u00e9ez un compte franceinfo<\/p>\n<p class=\"dialog__description\">Sans paiement. Sans abonnement.<\/p>\n<p>        Fermer la fen\u00eatre d\u2019activation des notifications France Info<\/p>\n<p>            cr\u00e9er votre compte<\/p>\n<p>            se connecter<\/p>\n<p>        Fermer la fen\u00eatre de pr\u00e9sentation<\/p>\n<p>    <img loading=\"lazy\" decoding=\"async\" class=\"signature__image lazyload\" width=\"100\" height=\"100\" data- alt=\"\" src=\"https:\/\/www.europesays.com\/fr\/wp-content\/uploads\/2025\/05\/64a68815cd1a7_placeholder-36b69ec8.png\"\/><\/p>\n<p>    Publi\u00e9 le 06\/08\/2025 16:22<\/p>\n<p>        Temps de lecture : 1min<\/p>\n<p>    <img decoding=\"async\"  alt=\"Une bombe britannique datant de la Seconde Guerre mondiale, retrouv\u00e9e \u00e0 Dresde (Allemagne), le 6 ao\u00fbt 2025. (SEBASTIAN KAHNERT \/ AFP)\" width=\"432\" height=\"243\" src=\"https:\/\/www.europesays.com\/fr\/wp-content\/uploads\/2025\/08\/043-dpa-pa-250806-99-669271-dpai-689364e3125a2533834574.jpg\" fetchpriority=\"high\"\/><\/p>\n<p>      Une bombe britannique datant de la Seconde Guerre mondiale, retrouv\u00e9e \u00e0 Dresde (Allemagne), le 6 ao\u00fbt 2025. (SEBASTIAN KAHNERT \/ AFP)<\/p>\n<p>Une grande partie du centre historique de la ville de Dresde, dans l&rsquo;est <a href=\"https:\/\/sport.francetvinfo.fr\/monde\/europe\/allemagne\/allemagne-15-000-personnes-evacuees-pour-desamorcer-une-bombe-de-la-seconde-guerre-mondiale_3601333.html\" rel=\"nofollow noopener\" target=\"_blank\">de l&rsquo;Allemagne<\/a>, a \u00e9t\u00e9 \u00e9vacu\u00e9e dans la matin\u00e9e du mercredi 6 ao\u00fbt pour proc\u00e9der au d\u00e9samor\u00e7age d&rsquo;une bombe de la Seconde Guerre mondiale. Environ 17\u00a0000 personnes ont \u00e9t\u00e9 somm\u00e9es de quitter t\u00f4t leur domicile dans cette cit\u00e9, tr\u00e8s largement d\u00e9truite lors d&rsquo;un bombardement alli\u00e9 en f\u00e9vrier 1945.\u00a0<\/p>\n<p>La bombe britannique, \u00e0 l&rsquo;origine de l&rsquo;\u00e9vacuation de mercredi, p\u00e8se 250 kilos, et a \u00e9t\u00e9 d\u00e9couverte mardi lors de travaux de d\u00e9blayage suite \u00e0 l&rsquo;effondrement dans l&rsquo;Elbe en septembre dernier du pont Carola, l&rsquo;un des principaux axes reliant la vieille ville au reste de l&rsquo;ancienne cit\u00e9 des rois de Saxe.<\/p>\n<p>L&rsquo;Allemagne qui, au printemps, a comm\u00e9mor\u00e9 les 80 ans de la fin de la Seconde Guerre mondiale, reste truff\u00e9e de bombes non explos\u00e9es, r\u00e9guli\u00e8rement d\u00e9couvertes lors de chantiers de construction. En janvier, quelque 10\u00a0000 personnes avaient d\u00e9j\u00e0 \u00e9t\u00e9 \u00e9vacu\u00e9es \u00e0 Dresde apr\u00e8s la d\u00e9couverte d&rsquo;une autre bombe sur le m\u00eame site.<\/p>\n<p class=\"related-tags__title\" role=\"heading\" aria-level=\"2\">les mots-cl\u00e9s associ\u00e9s \u00e0 cet article\n    <\/p>\n","protected":false},"excerpt":{"rendered":"Environ 17\u00a0000 personnes ont \u00e9t\u00e9 somm\u00e9es de quitter t\u00f4t leur domicile dans cette cit\u00e9 mercredi, tr\u00e8s largement d\u00e9truite&hellip;\n","protected":false},"author":2,"featured_media":300651,"comment_status":"","ping_status":"","sticky":false,"template":"","format":"standard","meta":{"footnotes":""},"categories":[1587],"tags":[11,672,1804,1805,1803,1777,674,1801,12,1802],"class_list":{"0":"post-300650","1":"post","2":"type-post","3":"status-publish","4":"format-standard","5":"has-post-thumbnail","7":"category-allemagne","8":"tag-actualites","9":"tag-allemagne","10":"tag-bundesrepublik-deutschland","11":"tag-de","12":"tag-deutschland","13":"tag-eu","14":"tag-europe","15":"tag-germany","16":"tag-news","17":"tag-republique-federale-dallemagne"},"share_on_mastodon":{"url":"https:\/\/pubeurope.com\/@fr\/114982508675282668","error":""},"_links":{"self":[{"href":"https:\/\/www.europesays.com\/fr\/wp-json\/wp\/v2\/posts\/300650","targetHints":{"allow":["GET"]}}],"collection":[{"href":"https:\/\/www.europesays.com\/fr\/wp-json\/wp\/v2\/posts"}],"about":[{"href":"https:\/\/www.europesays.com\/fr\/wp-json\/wp\/v2\/types\/post"}],"author":[{"embeddable":true,"href":"https:\/\/www.europesays.com\/fr\/wp-json\/wp\/v2\/users\/2"}],"replies":[{"embeddable":true,"href":"https:\/\/www.europesays.com\/fr\/wp-json\/wp\/v2\/comments?post=300650"}],"version-history":[{"count":0,"href":"https:\/\/www.europesays.com\/fr\/wp-json\/wp\/v2\/posts\/300650\/revisions"}],"wp:featuredmedia":[{"embeddable":true,"href":"https:\/\/www.europesays.com\/fr\/wp-json\/wp\/v2\/media\/300651"}],"wp:attachment":[{"href":"https:\/\/www.europesays.com\/fr\/wp-json\/wp\/v2\/media?parent=300650"}],"wp:term":[{"taxonomy":"category","embeddable":true,"href":"https:\/\/www.europesays.com\/fr\/wp-json\/wp\/v2\/categories?post=300650"},{"taxonomy":"post_tag","embeddable":true,"href":"https:\/\/www.europesays.com\/fr\/wp-json\/wp\/v2\/tags?post=300650"}],"curies":[{"name":"wp","href":"https:\/\/api.w.org\/{rel}","templated":true}]}}