{"id":300653,"date":"2025-08-06T15:24:14","date_gmt":"2025-08-06T15:24:14","guid":{"rendered":"https:\/\/www.europesays.com\/fr\/300653\/"},"modified":"2025-08-06T15:24:14","modified_gmt":"2025-08-06T15:24:14","slug":"lue-lance-une-critical-chemical-alliance-pour-securiser-lapprovisionnement-en-produits-chimiques","status":"publish","type":"post","link":"https:\/\/www.europesays.com\/fr\/300653\/","title":{"rendered":"L\u2019UE lance une \u00ab\u00a0Critical Chemical Alliance\u00a0\u00bb pour s\u00e9curiser l\u2019approvisionnement en produits chimiques"},"content":{"rendered":"<p itemprop=\"description\">Des secteurs cl\u00e9s de l\u2019industrie d\u00e9pendent fortement d\u2019un approvisionnement fiable en produits chimiques \u00ab de base \u00bb, majoritairement import\u00e9s depuis l\u2019ext\u00e9rieur de l\u2019UE. Dans le cadre de sa strat\u00e9gie de relance industrielle et pour renforcer la r\u00e9silience des cha\u00eenes d\u2019approvisionnement, la Commission europ\u00e9enne a annonc\u00e9, courant juillet, le lancement d\u2019une initiative strat\u00e9gique afin de soutenir la production de produits chimiques essentiels.<\/p>\n<p>Ces deux derni\u00e8res ann\u00e9es, plus de <a href=\"https:\/\/www.tecnium.com\/fr\/nouvelles\/the-critical-chemical-alliance\/\" target=\"_blank\" rel=\"noopener nofollow\">20 sites de production<\/a> chimique europ\u00e9ens ont ferm\u00e9 leurs portes \u00e0 cause de la hausse du prix du gaz (toujours 4 ou 5\u00a0fois plus cher qu\u2019aux \u00c9tats-Unis), du climat de guerre commerciale et suite aux cons\u00e9quences des multiples perturbations mondiales.<\/p>\n<p>Au-del\u00e0 des cons\u00e9quences d\u00e9sastreuses sur l\u2019emploi, ces fermetures de sites amputent aussi l\u2019UE de plus de 11\u00a0millions de tonnes de capacit\u00e9s de production. En janvier\u00a02025, <a href=\"https:\/\/bourse.lefigaro.fr\/actu-conseils\/l-industrie-chimique-europeenne-a-un-point-de-rupture-cefic-20250110\" target=\"_blank\" rel=\"noopener nofollow\">le Conseil Europ\u00e9en de l\u2019Industrie Chimique<\/a>\u00a0(CEFIC) alertait ainsi sur l\u2019urgence, pour l\u2019UE, d\u2019amorcer un changement de politique industrielle afin \u00ab\u00a0de\u00a0r\u00e9duire les co\u00fbts de l\u2019\u00e9nergie, de garantir l\u2019acc\u00e8s aux mati\u00e8res premi\u00e8res essentielles et de favoriser l\u2019innovation\u00a0\u00bb. Car un effondrement du secteur chimique europ\u00e9en, qui repr\u00e9sente 500\u00a0milliards de CA annuel et 1,2\u00a0million d\u2019emplois, entra\u00eenerait avec lui des pans entiers\u00a0de l\u2019industrie\u00a0: sant\u00e9, \u00e9nergies renouvelables, ou encore l\u2019automobile, qui est d\u00e9j\u00e0 en souffrance.<\/p>\n<p>S\u00e9curiser l\u2019approvisionnement en m\u00e9thanol, ammoniac\u00a0et\u00a0\u00e9thyl\u00e8ne<\/p>\n<p>Avec la cr\u00e9ation prochaine de The Critical Chemical Alliance, les autorit\u00e9s europ\u00e9ennes semblent avoir entendu, au moins partiellement, l\u2019appel du CEFIC.<\/p>\n<p>Cette initiative s\u2019inscrit dans une d\u00e9marche visant \u00e0 renforcer la <a href=\"https:\/\/www.techniques-ingenieur.fr\/base-documentaire\/environnement-securite-th5\/systeme-de-management-du-risque-42626210\/transformation-des-organisations-par-la-resilience-organisationnelle-g9300\/\" target=\"_blank\" rel=\"noopener nofollow\">r\u00e9silience industrielle<\/a> et \u00e0 retrouver la souverainet\u00e9 dans des secteurs manufacturiers cl\u00e9s. Elle r\u00e9unira les \u00c9tats membres de l\u2019UE, la Commission et les acteurs industriels, dans le but de soutenir la production de produits chimiques essentiels.<\/p>\n<p>Parmi ces produits chimiques \u00ab\u00a0de base\u00a0\u00bb, on peut citer le m\u00e9thanol, actuellement import\u00e9 \u00e0 80\u00a0%, ou encore l\u2019<a href=\"https:\/\/www.techniques-ingenieur.fr\/base-documentaire\/procedes-chimie-bio-agro-th2\/fabrication-des-grands-produits-industriels-en-chimie-et-petrochimie-42319210\/ammoniac-j6135\/\" target=\"_blank\" rel=\"noopener nofollow\">ammoniac<\/a>, mais aussi l\u2019\u00e9thyl\u00e8ne, des substances qui entrent dans les processus de fabrication de nombreux mat\u00e9riaux synth\u00e9tiques, notamment des plastiques, mais aussi de solvants.<\/p>\n<p>Bien qu\u2019on en sache encore assez peu, <a href=\"https:\/\/kpmg.com\/pl\/en\/home\/insights\/2025\/07\/legal-alert-european-chemicals-industry-action-plan-simplification-package-for-the-chemical-industry.html\" target=\"_blank\" rel=\"noopener nofollow\">les principales t\u00e2ches de l\u2019Alliance<\/a> consisteront \u00e0\u00a0:<\/p>\n<ul>\n<li>identifier et soutenir les installations de production essentielles\u00a0;<\/li>\n<li>promouvoir la protection commerciale et la concurrence loyale ;<\/li>\n<li>fixer des priorit\u00e9s d\u2019investissement\u00a0;<\/li>\n<li>coordonner les projets europ\u00e9ens et nationaux, y compris les \u00ab\u00a0projets importants d\u2019int\u00e9r\u00eat europ\u00e9en commun\u00a0\u00bb\u00a0(IPCEI).<\/li>\n<\/ul>\n<p>Par ailleurs, le suivi des importations de produits chimiques sera assur\u00e9 par une Task Force de surveillance des importations qui vient d\u2019\u00eatre cr\u00e9\u00e9e par la Commission.<\/p>\n<p>Une Alliance qui s\u2019inscrit dans un cadre d\u2019action plus large<\/p>\n<p>Cette Alliance, ainsi que la Task Force, ne sont pas les seules actions engag\u00e9es par la Commission, puisqu\u2019elles font partie d\u2019un Plan d\u2019action plus global visant \u00e0 renforcer la comp\u00e9titivit\u00e9 et \u00e0 moderniser le secteur chimique europ\u00e9en.<\/p>\n<p>Ce <a href=\"https:\/\/single-market-economy.ec.europa.eu\/publications\/european-chemicals-industry-action-plan_en\" target=\"_blank\" rel=\"noopener nofollow\">Plan d\u2019action strat\u00e9gique<\/a>, tr\u00e8s attendu par l\u2019industrie chimique, mettra ainsi l\u2019accent sur le soutien \u00e0 la transition \u00e9nerg\u00e9tique et \u00e0 la d\u00e9carbonation, mais aussi sur la simplification du cadre r\u00e9glementaire, tout en garantissant un niveau \u00e9lev\u00e9 de<a href=\"https:\/\/www.techniques-ingenieur.fr\/base-documentaire\/environnement-securite-th5\/encadrer-le-risque-chimique-et-connaitre-ses-obligations-22742210\/reglementation-produits-chimiques-principes-et-grandes-lignes-fic0135\/\" target=\"_blank\" rel=\"noopener nofollow\"> s\u00e9curit\u00e9 des produits chimiques<\/a> et de leurs m\u00e9langes pour les consommateurs sur le march\u00e9 de l\u2019UE.<\/p>\n","protected":false},"excerpt":{"rendered":"Des secteurs cl\u00e9s de l\u2019industrie d\u00e9pendent fortement d\u2019un approvisionnement fiable en produits chimiques \u00ab de base \u00bb, majoritairement&hellip;\n","protected":false},"author":2,"featured_media":300654,"comment_status":"","ping_status":"","sticky":false,"template":"","format":"standard","meta":{"footnotes":""},"categories":[1586],"tags":[11,1777,674,1779,1011,27,12,25,1778,364],"class_list":{"0":"post-300653","1":"post","2":"type-post","3":"status-publish","4":"format-standard","5":"has-post-thumbnail","7":"category-europe","8":"tag-actualites","9":"tag-eu","10":"tag-europe","11":"tag-european-union","12":"tag-fr","13":"tag-france","14":"tag-news","15":"tag-republique-francaise","16":"tag-ue","17":"tag-union-europeenne"},"share_on_mastodon":{"url":"https:\/\/pubeurope.com\/@fr\/114982516410731812","error":""},"_links":{"self":[{"href":"https:\/\/www.europesays.com\/fr\/wp-json\/wp\/v2\/posts\/300653","targetHints":{"allow":["GET"]}}],"collection":[{"href":"https:\/\/www.europesays.com\/fr\/wp-json\/wp\/v2\/posts"}],"about":[{"href":"https:\/\/www.europesays.com\/fr\/wp-json\/wp\/v2\/types\/post"}],"author":[{"embeddable":true,"href":"https:\/\/www.europesays.com\/fr\/wp-json\/wp\/v2\/users\/2"}],"replies":[{"embeddable":true,"href":"https:\/\/www.europesays.com\/fr\/wp-json\/wp\/v2\/comments?post=300653"}],"version-history":[{"count":0,"href":"https:\/\/www.europesays.com\/fr\/wp-json\/wp\/v2\/posts\/300653\/revisions"}],"wp:featuredmedia":[{"embeddable":true,"href":"https:\/\/www.europesays.com\/fr\/wp-json\/wp\/v2\/media\/300654"}],"wp:attachment":[{"href":"https:\/\/www.europesays.com\/fr\/wp-json\/wp\/v2\/media?parent=300653"}],"wp:term":[{"taxonomy":"category","embeddable":true,"href":"https:\/\/www.europesays.com\/fr\/wp-json\/wp\/v2\/categories?post=300653"},{"taxonomy":"post_tag","embeddable":true,"href":"https:\/\/www.europesays.com\/fr\/wp-json\/wp\/v2\/tags?post=300653"}],"curies":[{"name":"wp","href":"https:\/\/api.w.org\/{rel}","templated":true}]}}