{"id":30066,"date":"2025-04-16T21:59:13","date_gmt":"2025-04-16T21:59:13","guid":{"rendered":"https:\/\/www.europesays.com\/fr\/30066\/"},"modified":"2025-04-16T21:59:13","modified_gmt":"2025-04-16T21:59:13","slug":"%f0%9f%9a%b4%f0%9f%8f%bcmiroir-du-cyclisme-participez-au-retour-du-magazine-mythique-de-la-petite-reine","status":"publish","type":"post","link":"https:\/\/www.europesays.com\/fr\/30066\/","title":{"rendered":"\ud83d\udeb4\ud83c\udffcMiroir du cyclisme\u00a0: participez au retour du magazine mythique de la petite reine\u00a0!"},"content":{"rendered":"<p class=\"has-text-align-center\">Rappelez-vous\u2026<\/p>\n<p><img loading=\"lazy\" decoding=\"async\" width=\"726\" height=\"478\" data-wp-class--hide=\"state.isContentHidden\" data-wp-class--show=\"state.isContentVisible\" data-wp-init=\"callbacks.setButtonStyles\" data-wp-on-async--click=\"actions.showLightbox\" data-wp-on-async--load=\"callbacks.setButtonStyles\" data-wp-on-async-window--resize=\"callbacks.setButtonStyles\" src=\"https:\/\/www.europesays.com\/fr\/wp-content\/uploads\/2025\/04\/MC-logo-60s-WEB.png\" alt=\"\" class=\"wp-image-2773536\" style=\"width:483px;height:auto\"  \/><\/p>\n<p>\t\tMiroir du cyclisme revient\u2026 <br \/>gr\u00e2ce \u00e0 vous\u00a0!<\/p>\n<p>L\u2019Humanit\u00e9 r\u00e9\u00e9dite ce magazine phare du cyclisme qui fut, durant plus de trente ans, jusqu\u2019en 1994, <a href=\"https:\/\/pandor.u-bourgogne.fr\/fr\/archives-en-ligne\/ead.html?id=FRMSH021_00069&amp;c=FRMSH021_00069_e0000041&amp;qid=\" target=\"_blank\" rel=\"noreferrer noopener\">la revue mythique de tous les fans de v\u00e9lo<\/a>.<\/p>\n<p>Participez \u00e0 ce projet en soutenant cette aventure.<\/p>\n<p>\u00c0 l\u2019heure des grands changements dans ce sport, nous souhaitons revenir \u00e0 ce qui anime le cyclisme\u00a0: la dimension humaine, les histoires qui \u00e9maillent les parcours des coureurs, le sens du collectif, avec la volont\u00e9 de \u00ab\u00a0dire\u00a0\u00bb notre \u00e9poque.<\/p>\n<p>\u00c0 quoi va-t-il ressembler\u00a0?<img loading=\"lazy\" decoding=\"async\" width=\"1920\" height=\"1080\" data-wp-class--hide=\"state.isContentHidden\" data-wp-class--show=\"state.isContentVisible\" data-wp-init=\"callbacks.setButtonStyles\" data-wp-on-async--click=\"actions.showLightbox\" data-wp-on-async--load=\"callbacks.setButtonStyles\" data-wp-on-async-window--resize=\"callbacks.setButtonStyles\" src=\"https:\/\/www.europesays.com\/fr\/wp-content\/uploads\/2025\/04\/FOND-WEB-COUVE-MC.jpg\" alt=\"\" class=\"wp-image-2773538\"  \/><\/p>\n<p>\t\tSuspense\u00a0!! <\/p>\n<p class=\"has-text-align-left\">Mais on peut vous assurer qu\u2019il s\u2019agira d\u2019un superbe magazine de 124 pages\u00a0au format 23\u00d730.<\/p>\n<p class=\"has-text-align-left\">Promis\u00a0: on vous en dit bient\u00f4t davantage.<\/p>\n<p>Fan de v\u00e9lo, simple amateur.trice, faites revivre Miroir du cyclisme\u00a0!<\/p>\n<p>Ce \u00e0 quoi votre financement vous donnera droit\u00a0:<\/p>\n<ul class=\"wp-block-list\">\n<li><strong>15\u00a0euros\u00a0:<\/strong> je r\u00e9serve le magazine (frais de port inclus)<br \/>Ma participation peut me revenir \u00e0 <strong>5\u00a0euros<\/strong> apr\u00e8s d\u00e9duction d\u2019imp\u00f4ts<a href=\"#c656bdc9-ebf1-4bea-bc60-c34332d5da70\" id=\"c656bdc9-ebf1-4bea-bc60-c34332d5da70-link\">1<\/a>.<\/li>\n<li><strong>25\u00a0euros\u00a0:<\/strong> je re\u00e7ois le magazine <br \/>+\u00a0la casquette Miroir du cyclisme<br \/>Ma participation peut me revenir \u00e0 <strong>8,25\u00a0euros<\/strong> apr\u00e8s d\u00e9duction d\u2019imp\u00f4ts<a href=\"#c656bdc9-ebf1-4bea-bc60-c34332d5da70\" id=\"c656bdc9-ebf1-4bea-bc60-c34332d5da70-link\">1<\/a>.<\/li>\n<li><strong>100\u00a0euros\u00a0: <\/strong>on m\u2019offre le magazine <br \/>+\u00a0la casquette Miroir du cyclisme <br \/>+\u00a01\u00a0poster\u202fgrand format<br \/>Ma participation peut me revenir \u00e0 <strong>16,50\u00a0euros<\/strong> apr\u00e8s d\u00e9duction d\u2019imp\u00f4ts<a href=\"#c656bdc9-ebf1-4bea-bc60-c34332d5da70\" id=\"c656bdc9-ebf1-4bea-bc60-c34332d5da70-link\">1<\/a>.<\/li>\n<li><strong>250\u00a0euros\u00a0: <\/strong>on m\u2019offre le magazine <br \/>+\u00a0la casquette Miroir du cyclisme <br \/>+\u00a01\u00a0poster\u202fgrand format <br \/>+\u00a01\u00a0entr\u00e9e \u00e0 la F\u00eate de l\u2019Humanit\u00e9 pour y rencontrer l\u2019\u00e9quipe de Miroir du cyclisme\u00a0!<br \/>Ma participation peut me revenir \u00e0 <strong>82,50\u00a0euros<\/strong> apr\u00e8s d\u00e9duction d\u2019imp\u00f4ts<a href=\"#c656bdc9-ebf1-4bea-bc60-c34332d5da70\" id=\"c656bdc9-ebf1-4bea-bc60-c34332d5da70-link\">1<\/a>.<\/li>\n<li><strong>Montant libre\u00a0:<\/strong> je soutiens l\u2019aventure Miroir du cyclisme (et ma participation me permet de b\u00e9n\u00e9ficier d\u2019une r\u00e9duction d\u2019imp\u00f4t de 66\u00a0%).<\/li>\n<\/ul>\n<p>Je choisis le montant de ma contribution<\/p>\n","protected":false},"excerpt":{"rendered":"Rappelez-vous\u2026 Miroir du cyclisme revient\u2026 gr\u00e2ce \u00e0 vous\u00a0! L\u2019Humanit\u00e9 r\u00e9\u00e9dite ce magazine phare du cyclisme qui fut, durant&hellip;\n","protected":false},"author":2,"featured_media":30067,"comment_status":"","ping_status":"","sticky":false,"template":"","format":"standard","meta":{"footnotes":""},"categories":[1411],"tags":[1154,207,1011,27,60],"class_list":{"0":"post-30066","1":"post","2":"type-post","3":"status-publish","4":"format-standard","5":"has-post-thumbnail","7":"category-cyclisme","8":"tag-cycling","9":"tag-cyclisme","10":"tag-fr","11":"tag-france","12":"tag-sports"},"share_on_mastodon":{"url":"https:\/\/pubeurope.com\/@fr\/114349890855851094","error":""},"_links":{"self":[{"href":"https:\/\/www.europesays.com\/fr\/wp-json\/wp\/v2\/posts\/30066","targetHints":{"allow":["GET"]}}],"collection":[{"href":"https:\/\/www.europesays.com\/fr\/wp-json\/wp\/v2\/posts"}],"about":[{"href":"https:\/\/www.europesays.com\/fr\/wp-json\/wp\/v2\/types\/post"}],"author":[{"embeddable":true,"href":"https:\/\/www.europesays.com\/fr\/wp-json\/wp\/v2\/users\/2"}],"replies":[{"embeddable":true,"href":"https:\/\/www.europesays.com\/fr\/wp-json\/wp\/v2\/comments?post=30066"}],"version-history":[{"count":0,"href":"https:\/\/www.europesays.com\/fr\/wp-json\/wp\/v2\/posts\/30066\/revisions"}],"wp:featuredmedia":[{"embeddable":true,"href":"https:\/\/www.europesays.com\/fr\/wp-json\/wp\/v2\/media\/30067"}],"wp:attachment":[{"href":"https:\/\/www.europesays.com\/fr\/wp-json\/wp\/v2\/media?parent=30066"}],"wp:term":[{"taxonomy":"category","embeddable":true,"href":"https:\/\/www.europesays.com\/fr\/wp-json\/wp\/v2\/categories?post=30066"},{"taxonomy":"post_tag","embeddable":true,"href":"https:\/\/www.europesays.com\/fr\/wp-json\/wp\/v2\/tags?post=30066"}],"curies":[{"name":"wp","href":"https:\/\/api.w.org\/{rel}","templated":true}]}}