{"id":300661,"date":"2025-08-06T15:30:12","date_gmt":"2025-08-06T15:30:12","guid":{"rendered":"https:\/\/www.europesays.com\/fr\/300661\/"},"modified":"2025-08-06T15:30:12","modified_gmt":"2025-08-06T15:30:12","slug":"la-pionniere-du-rugby-feminin-deborah-griffin-est-la-nouvelle-presidente-de-la-federation-anglaise","status":"publish","type":"post","link":"https:\/\/www.europesays.com\/fr\/300661\/","title":{"rendered":"La pionni\u00e8re du rugby f\u00e9minin Deborah Griffin est la nouvelle pr\u00e9sidente de la f\u00e9d\u00e9ration anglaise"},"content":{"rendered":"<p>\n                \u00c0 deux semaines du d\u00e9but de la Coupe du monde de rugby f\u00e9minin en Angleterre, la f\u00e9d\u00e9ration anglaise a un nouveau pr\u00e9sident \u00e0 compter du 1er\u00a0ao\u00fbt. Et pour la premi\u00e8re fois en 154 ans, il s\u2019agit d\u2019une pr\u00e9sidente\u00a0: Deborah Griffin, figure majeure du rugby anglais et f\u00e9minin.\n            <\/p>\n<p>Le 1er\u00a0ao\u00fbt, Deborah Griffin a pris ses fonctions de pr\u00e9sidente du RFU (Rugby Football Union) et succ\u00e8de au pr\u00e9sident par int\u00e9rim et ancien joueur du XV de la Rose Bill\u00a0Beaumont qui \u00e9tait \u00e0 ce poste depuis d\u00e9cembre\u00a02024.<\/p>\n<p>Si elle n\u2019est pas encore une figure bien connue dans le reste de l\u2019Europe, Deborah Griffin est implant\u00e9e depuis de nombreuses ann\u00e9es dans le paysage du rugby anglais. Ce nouveau r\u00f4le de pr\u00e9sidente de la f\u00e9d\u00e9ration anglaise de rugby s\u2019inscrit dans la continuit\u00e9 de son parcours dans ce sport, elle qui a ouvert la voie pour les femmes dans les instances du rugby.<\/p>\n<p>La\u00a0pionni\u00e8re du rugby f\u00e9minin<\/p>\n<p>L\u2019ancienne joueuse\u00a0int\u00e8gre le conseil administratif de la f\u00e9d\u00e9ration en 2010, puis\u00a0est \u00e9lue au comit\u00e9 directeur quatre ans plus tard et devient ensuite la premi\u00e8re anglaise \u00e0 \u00eatre \u00e9lue au bureau d\u2019administration de World Rugby en 2018. Si\u00a0elle n\u2019a cess\u00e9 depuis de pousser pour la mise en avant et le d\u00e9veloppement du\u00a0rugby f\u00e9minin, elle n\u2019avait pas non plus attendu de faire partie de l\u2019instance anglaise pour le faire.<\/p>\n<blockquote data-class=\"twitter-tweet\">\n<p lang=\"en\" dir=\"ltr\">A life dedicated to rugby \\ud83c\\udfc9 <\/p>\n<p>Deborah Griffin \u2013 who recently became the RFU\u2019s first female president in history \u2013 reflects on her unique journey through the sport, from discovering her passion at university to helping organise the first-ever Women\u2019s <a href=\"https:\/\/twitter.com\/rugbyworldcup?ref_src=twsrc%5Etfw\" rel=\"nofollow noopener\" target=\"_blank\">@rugbyworldcup<\/a> in 1991. <a href=\"https:\/\/t.co\/h03A4XdwA6\" rel=\"nofollow\">pic.twitter.com\/h03A4XdwA6<\/a><\/p>\n<p>\u2014 England Rugby (@EnglandRugby) <a href=\"https:\/\/twitter.com\/EnglandRugby\/status\/1952770583143583861?ref_src=twsrc%5Etfw\" rel=\"nofollow noopener\" target=\"_blank\">August 5, 2025<\/a><\/p><\/blockquote>\n<p>Un exemple marquant, avec ce qui est\u00a0sans doute l\u2019une\u00a0de ses plus grandes r\u00e9ussites\u00a0: la cr\u00e9ation de la premi\u00e8re Coupe du monde de rugby f\u00e9minin en 1991 avec trois de ses co\u00e9quipi\u00e8res de l\u2019\u00e9poque au Richmond FC, bien avant qu\u2019elle ait l\u2019approbation des dirigeants du rugby masculin outre-Manche.\u00a0Son r\u00f4le majeur dans la cr\u00e9ation de la comp\u00e9tition lui vaut m\u00eame d\u2019\u00eatre intronis\u00e9 au Hall of Fame du rugby mondial en 2022.<\/p>\n<p>C\u2019est justement \u00e0 l\u2019occasion de la 10e \u00e9dition de cette comp\u00e9tition qu\u2019elle se retrouve \u00e0 la t\u00eate de la f\u00e9d\u00e9ration du pays h\u00f4te. Comme un symbole de cet\u00a0\u00e9v\u00e9nement majeur\u00a0du calendrier, elle apportera un soutien de taille aux joueuses du XV de la Rose f\u00e9minin qui se pr\u00e9sentent parmi les favorites d\u2019une comp\u00e9tition qu\u2019elle conna\u00eet si bien.<\/p>\n<p>                    <script async src=\"https:\/\/platform.twitter.com\/widgets.js\" charset=\"utf-8\"><\/script><\/p>\n","protected":false},"excerpt":{"rendered":"\u00c0 deux semaines du d\u00e9but de la Coupe du monde de rugby f\u00e9minin en Angleterre, la f\u00e9d\u00e9ration anglaise&hellip;\n","protected":false},"author":2,"featured_media":300662,"comment_status":"","ping_status":"","sticky":false,"template":"","format":"standard","meta":{"footnotes":""},"categories":[1416],"tags":[1011,27,479,1468,60],"class_list":{"0":"post-300661","1":"post","2":"type-post","3":"status-publish","4":"format-standard","5":"has-post-thumbnail","7":"category-rugby","8":"tag-fr","9":"tag-france","10":"tag-rugby","11":"tag-rugby-football","12":"tag-sports"},"share_on_mastodon":{"url":"https:\/\/pubeurope.com\/@fr\/114982540052426902","error":""},"_links":{"self":[{"href":"https:\/\/www.europesays.com\/fr\/wp-json\/wp\/v2\/posts\/300661","targetHints":{"allow":["GET"]}}],"collection":[{"href":"https:\/\/www.europesays.com\/fr\/wp-json\/wp\/v2\/posts"}],"about":[{"href":"https:\/\/www.europesays.com\/fr\/wp-json\/wp\/v2\/types\/post"}],"author":[{"embeddable":true,"href":"https:\/\/www.europesays.com\/fr\/wp-json\/wp\/v2\/users\/2"}],"replies":[{"embeddable":true,"href":"https:\/\/www.europesays.com\/fr\/wp-json\/wp\/v2\/comments?post=300661"}],"version-history":[{"count":0,"href":"https:\/\/www.europesays.com\/fr\/wp-json\/wp\/v2\/posts\/300661\/revisions"}],"wp:featuredmedia":[{"embeddable":true,"href":"https:\/\/www.europesays.com\/fr\/wp-json\/wp\/v2\/media\/300662"}],"wp:attachment":[{"href":"https:\/\/www.europesays.com\/fr\/wp-json\/wp\/v2\/media?parent=300661"}],"wp:term":[{"taxonomy":"category","embeddable":true,"href":"https:\/\/www.europesays.com\/fr\/wp-json\/wp\/v2\/categories?post=300661"},{"taxonomy":"post_tag","embeddable":true,"href":"https:\/\/www.europesays.com\/fr\/wp-json\/wp\/v2\/tags?post=300661"}],"curies":[{"name":"wp","href":"https:\/\/api.w.org\/{rel}","templated":true}]}}