{"id":300666,"date":"2025-08-06T15:34:26","date_gmt":"2025-08-06T15:34:26","guid":{"rendered":"https:\/\/www.europesays.com\/fr\/300666\/"},"modified":"2025-08-06T15:34:26","modified_gmt":"2025-08-06T15:34:26","slug":"un-enorme-evenement-commun-a-venir-liberty-media-a-un-reve-mais-il-pourrait-secrouler","status":"publish","type":"post","link":"https:\/\/www.europesays.com\/fr\/300666\/","title":{"rendered":"un \u00e9norme \u00e9v\u00e8nement commun \u00e0 venir ? Liberty Media a un r\u00eave mais il pourrait s&rsquo;\u00e9crouler"},"content":{"rendered":"<p>Pour Liberty Media, l&rsquo;avenir s&rsquo;annonce radieux. Le promoteur a acquis les droits de la MotoGP, alors qu&rsquo;il poss\u00e8de d\u00e9j\u00e0 ceux de la Formule 1. Avec l\u2019acquisition de Dorna par Liberty Media, une tr\u00e8s grosse rumeur est apparue concernant un \u00e9v\u00e9nement commun F1\/MotoGP. Mais alors que le promoteur peut d\u00e9sormais r\u00eaver en grand et surtout tr\u00e8s s\u00e9rieusement concernant ce possible m\u00e9ga \u00e9v\u00e9nement, la r\u00e9alit\u00e9 pourrait \u00eatre tout autre. Bien qu&rsquo;\u00e0 en croire Carlos Ezpeleta, directeur sportif de Dorna, la possibilit\u00e9 de voir cet \u00e9v\u00e8nement devenir r\u00e9alit\u00e9 est grande car \u00ab\u00a0tout vaut la peine d\u2019\u00eatre essay\u00e9 une fois\u00a0\u00bb, les complications pourraient \u00eatre nombreuses en vue de mettre en place ce superbe \u00e9v\u00e8nement.<\/p>\n<p>Trop de complications au programme ?<\/p>\n<p>Car de nombreux param\u00e8tres pourraient emp\u00eacher la tenue de ce m\u00e9ga \u00e9v\u00e8nement. Avec d&rsquo;abord la contrainte de la s\u00e9curit\u00e9 et des infrastructures. Les exigences F1\/MotoGP sont incompatibles sur plusieurs sujets diff\u00e9rents, avec les protections gonflables \u00e0 retirer et remettre, mais aussi les vibreurs diff\u00e9rents ou encore les surfaces asphalt\u00e9es ab\u00eem\u00e9es par la F1 (r\u00e9sidus de gomme, freinages). En plus, il n&rsquo;y aurait pas de place au programme pour les cat\u00e9gories interm\u00e9diaires et cela serait une lourde perte.<\/p>\n<p>Ensuite, la logistique technique pourrait aussi poser plusieurs soucis. Avec le chronom\u00e9trage, limites de piste, pressions de pneus, nombreux sont les protocoles \u00e0 \u00eatre diff\u00e9rents entre les deux disciplines. Il y aurait \u00e9galement les soucis des sponsors, des droits TV, du signal international et l\u2019aspect billetterie et fan exp\u00e9rience avec la capacit\u00e9 pour les spectateurs qui serait forc\u00e9ment limit\u00e9e. La question serait de savoir qui a la priorit\u00e9 sur la grille, dans les paddocks, \u00e0 l\u2019\u00e9cran entre la F1 et la MotoGP.<\/p>\n<p>Autant dire que Liberty Media peut clairement r\u00eaver de mettre en place ce m\u00e9ga \u00e9v\u00e8nement mais que de nombreux param\u00e8tres seront \u00e0 \u00e9tudier et que les soucis pourraient \u00eatre multiples. Ce qui n&rsquo;augure rien de bon en vue d&rsquo;une vraie mise en place dans les ann\u00e9es \u00e0 venir&#8230;<\/p>\n<p>    Partagez cette info avec vos amis et vos proches en cliquant ici  <\/p>\n<p> Podcasts \u00e0 la une MEN LIFE <\/p>\n<p>    Pour r\u00e9sumer<\/p>\n<p>Pour Liberty Media, l&rsquo;avenir s&rsquo;annonce radieux. Le promoteur a acquis les droits de la MotoGP, alors qu&rsquo;il poss\u00e8de d\u00e9j\u00e0 ceux de la Formule 1. Avec l\u2019acquisition de Dorna par Liberty Media, une tr\u00e8s grosse rumeur est apparue concernant un \u00e9v\u00e9nement commun F1\/MotoGP.<\/p>\n<p>R\u00e9dacteur<\/p>\n<p><img decoding=\"async\" width=\"76\" height=\"76\" loading=\"lazy\" src=\"https:\/\/www.europesays.com\/fr\/wp-content\/uploads\/2025\/04\/logo-victor-willems.jpg\" alt=\"Victor Willems\"\/><\/p>\n","protected":false},"excerpt":{"rendered":"Pour Liberty Media, l&rsquo;avenir s&rsquo;annonce radieux. Le promoteur a acquis les droits de la MotoGP, alors qu&rsquo;il poss\u00e8de&hellip;\n","protected":false},"author":2,"featured_media":300667,"comment_status":"","ping_status":"","sticky":false,"template":"","format":"standard","meta":{"footnotes":""},"categories":[1412],"tags":[1451,1452,1453,1454,1455,1011,27,60],"class_list":{"0":"post-300666","1":"post","2":"type-post","3":"status-publish","4":"format-standard","5":"has-post-thumbnail","7":"category-f1","8":"tag-f1","9":"tag-formula-1","10":"tag-formula1","11":"tag-formule-1","12":"tag-formule1","13":"tag-fr","14":"tag-france","15":"tag-sports"},"share_on_mastodon":{"url":"https:\/\/pubeurope.com\/@fr\/114982555762798426","error":""},"_links":{"self":[{"href":"https:\/\/www.europesays.com\/fr\/wp-json\/wp\/v2\/posts\/300666","targetHints":{"allow":["GET"]}}],"collection":[{"href":"https:\/\/www.europesays.com\/fr\/wp-json\/wp\/v2\/posts"}],"about":[{"href":"https:\/\/www.europesays.com\/fr\/wp-json\/wp\/v2\/types\/post"}],"author":[{"embeddable":true,"href":"https:\/\/www.europesays.com\/fr\/wp-json\/wp\/v2\/users\/2"}],"replies":[{"embeddable":true,"href":"https:\/\/www.europesays.com\/fr\/wp-json\/wp\/v2\/comments?post=300666"}],"version-history":[{"count":0,"href":"https:\/\/www.europesays.com\/fr\/wp-json\/wp\/v2\/posts\/300666\/revisions"}],"wp:featuredmedia":[{"embeddable":true,"href":"https:\/\/www.europesays.com\/fr\/wp-json\/wp\/v2\/media\/300667"}],"wp:attachment":[{"href":"https:\/\/www.europesays.com\/fr\/wp-json\/wp\/v2\/media?parent=300666"}],"wp:term":[{"taxonomy":"category","embeddable":true,"href":"https:\/\/www.europesays.com\/fr\/wp-json\/wp\/v2\/categories?post=300666"},{"taxonomy":"post_tag","embeddable":true,"href":"https:\/\/www.europesays.com\/fr\/wp-json\/wp\/v2\/tags?post=300666"}],"curies":[{"name":"wp","href":"https:\/\/api.w.org\/{rel}","templated":true}]}}