{"id":300672,"date":"2025-08-06T15:37:12","date_gmt":"2025-08-06T15:37:12","guid":{"rendered":"https:\/\/www.europesays.com\/fr\/300672\/"},"modified":"2025-08-06T15:37:12","modified_gmt":"2025-08-06T15:37:12","slug":"adultere-au-concert-de-coldplay-un-celebre-chef-francais-en-remet-une-louche-sa-cherie-fait-gloups","status":"publish","type":"post","link":"https:\/\/www.europesays.com\/fr\/300672\/","title":{"rendered":"Adult\u00e8re au concert de Coldplay : un c\u00e9l\u00e8bre chef fran\u00e7ais en remet une louche, sa ch\u00e9rie fait gloups"},"content":{"rendered":"<p>Le <strong data-start=\"3\" data-end=\"22\">16 juillet<br \/>\n2025<\/strong>, lors d\u2019un <a href=\"https:\/\/www.closermag.fr\/people\/adultere-au-concert-de-coldplay-les-partenaires-des-deux-amants-ont-reagi-et-ca-sent-le-roussi-3565635\" target=\"_blank\" rel=\"noopener\"><br \/>\nconcert de Coldplay<\/a> \u00e0 Boston, une <strong data-start=\"68\" data-end=\"80\">kiss\u2011cam<\/strong> a expos\u00e9 Andy Byron, le PDG de la<br \/>\nstart\u2011up Astronomer, enla\u00e7ant Kristin Cabot, directrice des<br \/>\nressources humaines de la m\u00eame entreprise, alors qu\u2019ils \u00e9taient<br \/>\nmanifestement en couple. Pris de panique en d\u00e9couvrant qu\u2019ils<br \/>\n\u00e9taient film\u00e9s, ils se sont pr\u00e9cipit\u00e9s pour se cacher, d\u00e9clenchant<br \/>\naussit\u00f4t les rires et la remarque cinglante de <a href=\"https:\/\/www.closermag.fr\/people\/adultere-au-concert-de-coldplay-chris-martin-prend-les-devants-apres-laffaire-3565952\" target=\"_blank\" rel=\"noopener\"><br \/>\nChris Martin<\/a> : \u00ab\u00a0<strong>Soit ils ont une liaison, soit ils<br \/>\nsont tr\u00e8s timides.<\/strong>\u00ab\u00a0<\/p>\n<p>\nRapidement, <a href=\"https:\/\/www.closermag.fr\/people\/adultere-au-concert-de-coldplay-cette-consequence-quon-navait-vraiment-pas-prevue-3567525\" target=\"_blank\" rel=\"noopener\"><br \/>\nla vid\u00e9o<\/a> est devenue virale : visionn\u00e9e des dizaines de<br \/>\nmillions de fois sur TikTok, relay\u00e9e sur X et transform\u00e9e en m\u00e8mes,<br \/>\nelle a tourn\u00e9 au lynchage des deux protagonistes.<\/p>\n<p>Face \u00e0 ce d\u00e9ferlement, Andy Byron a d\u00e9missionn\u00e9 le<br \/>\n<strong data-start=\"51\" data-end=\"65\">19 juillet<\/strong>, rejet\u00e9<br \/>\npar son conseil d\u2019administration pour ne pas avoir respect\u00e9 les<br \/>\n\u00ab\u00a0normes de conduite et de responsabilit\u00e9\u00a0\u00bb attendues d\u2019un<br \/>\ndirigeant.<br \/>\nQuelques jours plus tard, <strong data-start=\"26\" data-end=\"43\">Kristin Cabot<\/strong> a \u00e9galement quitt\u00e9 son poste de DRH,<br \/>\nconcluant ainsi ce qu\u2019ils appellent aujourd\u2019hui le \u00ab\u00a0scandale du<br \/>\ncouple Coldplay\u00a0\u00bb.<\/p>\n<p>Adult\u00e8re au concert de Coldplay : un c\u00e9l\u00e8bre chef fran\u00e7ais en<br \/>\nremet une louche<\/p>\n<blockquote class=\"instagram-media\" style=\"background: #ffffff;border: 0;margin: 1px;width: 100%;padding: 0;max-width: 500px;\" data-instgrm-permalink=\"https:\/\/www.instagram.com\/reel\/DM-sXH3tIRw\/?utm_source=ig_embed\" data-instgrm-version=\"14\"\/>\n<p>Le <strong data-start=\"3\" data-end=\"18\">5\u202fao\u00fbt 2025<\/strong>,<br \/>\n<a href=\"https:\/\/www.closermag.fr\/people\/le-cote-ce-qui-agace-le-plus-juan-arbelaez-chez-les-francais-3456600\" target=\"_blank\" rel=\"noopener\"><br \/>\nJuan Arbealez<\/a>, chef connu et ex\u2011compagnon de l\u2019ancienne Miss<br \/>\nFrance <a href=\"https:\/\/www.closermag.fr\/people\/laury-thilleman-et-juan-arbelaez-deux-salles-deux-ambiances-les-deux-ex-ne-passent-visiblement-pas-les-memes-vacances-3569468\" target=\"_blank\" rel=\"noopener\"><br \/>\nLaury Thilleman<\/a>, a d\u00e9cid\u00e9 de commenter l\u2019affaire sur Instagram<br \/>\navec mordant. \u00c0 l&rsquo;occasion du <strong data-start=\"190\" data-end=\"216\">troisi\u00e8me anniversaire avec sa ch\u00e9rie Cassandre<\/strong>, il<br \/>\na post\u00e9 : \u00ab\u00a0<strong>Elle ne voulait pas de concert de Coldplay<br \/>\npour nos 3 ans, elle voulait plus de discr\u00e9tion que le PDG et la<br \/>\ndirectrice RH<\/strong>\u00ab\u00a0. Fous rires garantis pour ses abonn\u00e9s<br \/>\n! La principale int\u00e9ress\u00e9e a r\u00e9pondu dans la foul\u00e9e, toujours avec<br \/>\nhumour : \u00ab\u00a0<strong>Je tiens \u00e0 pr\u00e9ciser que je n\u2019ai pas valid\u00e9<br \/>\ncette l\u00e9gende<\/strong>\u00ab\u00a0.<\/p>\n<p>Pour rappel, depuis<br \/>\nsa rupture avec Laury Thilleman en mai 2022, Juan Arbelaez a<br \/>\nretrouv\u00e9 le sourire aux c\u00f4t\u00e9s de <a href=\"https:\/\/www.closermag.fr\/people\/ma-compagne-est-separe-de-laury-thilleman-juan-arbelaez-en-dit-plus-3455497\" target=\"_blank\" rel=\"noopener\"><br \/>\nCassandre Verdier<\/a>, une jeune architecte passionn\u00e9e au parcours<br \/>\nprometteur.<br \/>\nLeur relation a \u00e9t\u00e9 officialis\u00e9e publiquement en<br \/>\n<strong data-start=\"49\" data-end=\"61\">mai 2023<\/strong>, notamment<br \/>\nlors de leur escapade en Colombie, le pays natal de Juan, marquant<br \/>\nune \u00e9tape forte pour le couple.<br \/>\nQuelques mois plus tard, en <strong data-start=\"28\" data-end=\"41\">juin 2024<\/strong>, ils s\u2019affichaient main dans la main dans<br \/>\nles tribunes de <strong data-start=\"100\" data-end=\"117\">Roland\u2011Garros<\/strong>, laissant transpara\u00eetre une complicit\u00e9<br \/>\n\u00e9vidente et une belle \u00e9l\u00e9gance.<\/p>\n<p>Une histoire qui dure<\/p>\n<p>\nCe qui frappe \u00e0 les suivre\u200a? Leur envie commune de voyager,<br \/>\nd\u2019explorer et de partager des instants de vie simples mais pr\u00e9cieux<br \/>\n: road\u2011trip en van dans le Pays Basque, s\u00e9jours \u00e0 Formentera ou \u00e0<br \/>\nMajorque, et d\u00e9couvertes culturelles en Colombie \u2013 autant<br \/>\nd\u2019exp\u00e9riences qui nourrissent leur complicit\u00e9 au quotidien.<br \/>\nDynamique et apaisante, leur histoire semble belle et authentique \u2014<br \/>\nune relation devenue ins\u00e9parable du chef et de l\u2019architecte, o\u00f9 la<br \/>\ntendresse c\u00f4toie la cr\u00e9ativit\u00e9.<\/p>\n<p><script async src=\"\/\/www.instagram.com\/embed.js\"><\/script><\/p>\n","protected":false},"excerpt":{"rendered":"Le 16 juillet 2025, lors d\u2019un concert de Coldplay \u00e0 Boston, une kiss\u2011cam a expos\u00e9 Andy Byron, le&hellip;\n","protected":false},"author":2,"featured_media":300673,"comment_status":"","ping_status":"","sticky":false,"template":"","format":"standard","meta":{"footnotes":""},"categories":[1359],"tags":[548,1697,58,59,1011,27,44087,973],"class_list":{"0":"post-300672","1":"post","2":"type-post","3":"status-publish","4":"format-standard","5":"has-post-thumbnail","7":"category-people","8":"tag-article-simple","9":"tag-concert","10":"tag-divertissement","11":"tag-entertainment","12":"tag-fr","13":"tag-france","14":"tag-juan-arbelaez","15":"tag-people"},"share_on_mastodon":{"url":"https:\/\/pubeurope.com\/@fr\/114982567732101342","error":""},"_links":{"self":[{"href":"https:\/\/www.europesays.com\/fr\/wp-json\/wp\/v2\/posts\/300672","targetHints":{"allow":["GET"]}}],"collection":[{"href":"https:\/\/www.europesays.com\/fr\/wp-json\/wp\/v2\/posts"}],"about":[{"href":"https:\/\/www.europesays.com\/fr\/wp-json\/wp\/v2\/types\/post"}],"author":[{"embeddable":true,"href":"https:\/\/www.europesays.com\/fr\/wp-json\/wp\/v2\/users\/2"}],"replies":[{"embeddable":true,"href":"https:\/\/www.europesays.com\/fr\/wp-json\/wp\/v2\/comments?post=300672"}],"version-history":[{"count":0,"href":"https:\/\/www.europesays.com\/fr\/wp-json\/wp\/v2\/posts\/300672\/revisions"}],"wp:featuredmedia":[{"embeddable":true,"href":"https:\/\/www.europesays.com\/fr\/wp-json\/wp\/v2\/media\/300673"}],"wp:attachment":[{"href":"https:\/\/www.europesays.com\/fr\/wp-json\/wp\/v2\/media?parent=300672"}],"wp:term":[{"taxonomy":"category","embeddable":true,"href":"https:\/\/www.europesays.com\/fr\/wp-json\/wp\/v2\/categories?post=300672"},{"taxonomy":"post_tag","embeddable":true,"href":"https:\/\/www.europesays.com\/fr\/wp-json\/wp\/v2\/tags?post=300672"}],"curies":[{"name":"wp","href":"https:\/\/api.w.org\/{rel}","templated":true}]}}