{"id":300674,"date":"2025-08-06T15:38:10","date_gmt":"2025-08-06T15:38:10","guid":{"rendered":"https:\/\/www.europesays.com\/fr\/300674\/"},"modified":"2025-08-06T15:38:10","modified_gmt":"2025-08-06T15:38:10","slug":"un-taureau-monumental-plus-grand-que-la-tour-eiffel-bientot-construit","status":"publish","type":"post","link":"https:\/\/www.europesays.com\/fr\/300674\/","title":{"rendered":"Un taureau monumental, plus grand que la tour Eiffel, bient\u00f4t construit ?"},"content":{"rendered":"<p>Il para\u00eet d\u00e9lirant, mais il est bien r\u00e9el. Ce projet de taureau g\u00e9ant, port\u00e9 par l&rsquo;Acad\u00e9mie espagnole de tauromachie, a l&rsquo;ambition de d\u00e9passer la <a href=\"https:\/\/www.admagazine.fr\/article\/tour-eiffel-134-ans\" target=\"_blank\" rel=\"noopener\">tour Eiffel<\/a>. Sa raison d&rsquo;\u00eatre part d&rsquo;un constat simple : la France est le pays le plus visit\u00e9 au monde (90 millions de visiteurs), et l&rsquo;Espagne le deuxi\u00e8me (85 millions) \u2014 selon l&rsquo;Organisation Mondiale du Tourisme. \u00ab L&rsquo;Espagne est consid\u00e9r\u00e9e comme l&rsquo;une des destinations touristiques les plus pris\u00e9es au monde depuis des d\u00e9cennies, <a data-offer-url=\"https:\/\/academiatauromaquia.es\/\" class=\"external-link\" data-event-click=\"{&quot;element&quot;:&quot;ExternalLink&quot;,&quot;outgoingURL&quot;:&quot;https:\/\/academiatauromaquia.es\/&quot;}\" href=\"https:\/\/academiatauromaquia.es\/\" rel=\"nofollow noopener\" target=\"_blank\">pr\u00f4ne l&rsquo;Acad\u00e9mie espagnole de tauromachie.<\/a> Elle b\u00e9n\u00e9ficie d&rsquo;un climat agr\u00e9able, d&rsquo;une excellente cuisine, d&rsquo;une culture riche, de magnifiques paysages de montagne et de plages, et de c\u00e9l\u00e8bres festivals \u00bb Mais alors, que manque-t-il \u00e0 l&rsquo;Espagne pour gagner les quelques millions de visiteurs qui lui permettraient de surpasser la France ?<\/p>\n<p>Un taureau monumental comme embl\u00e8me national<\/p>\n<p>Selon l&rsquo;Acad\u00e9mie espagnole de tauromachie, l&rsquo;explication infaillible est l&rsquo;absence d&rsquo;un <a href=\"https:\/\/www.admagazine.fr\/article\/cathedrale-notre-dame-paris-monument-france\" target=\"_blank\" rel=\"noopener\">monument national<\/a> embl\u00e9matique. La tour Eiffel est, en effet, l&rsquo;un des sites historiques les plus fr\u00e9quent\u00e9s au monde, ayant attir\u00e9 6,3 millions de personnes en 2024 et g\u00e9n\u00e9rant quelque 100 millions d&rsquo;euros par an. Elle \u00e9voque \u00e0 elle seule l&rsquo;identit\u00e9 fran\u00e7aise. \u00ab L&rsquo;Espagne pourrait \u00eatre en t\u00eate du classement mondial du tourisme international, surpassant \u00e0 jamais la France, si tous les Espagnols, avec le soutien des pouvoirs publics, croient fermement \u00e0 la construction de notre ic\u00f4ne tant attendue, afin que, enfin, la tour Eiffel cesse d&rsquo;\u00eatre le monument le plus visit\u00e9 au monde \u00bb, a d\u00e9clar\u00e9 l&rsquo;Acad\u00e9mie \u00e0 l&rsquo;annonce de son projet, \u00ab El Toro de Espa\u00f1a \u00bb (\u00ab le taureau d&rsquo;Espagne \u00bb). \u00ab Dans le marketing touristique international, il est tr\u00e8s courant d&rsquo;utiliser l&rsquo;image de la tour Eiffel pour \u00e9voquer un voyage en Europe. C&rsquo;est le cas de la <a href=\"https:\/\/www.admagazine.fr\/article\/ou-se-trouvent-statues-de-la-liberte-paris\" target=\"_blank\" rel=\"noopener\">Statue de la Libert\u00e9<\/a> pour l&rsquo;Am\u00e9rique du Nord, de la Pyramide du Soleil pour l&rsquo;Am\u00e9rique centrale, du Machu Picchu pour l&rsquo;Am\u00e9rique du Sud, des Pyramides d&rsquo;\u00c9gypte pour l&rsquo;Afrique, de la Grande Muraille de Chine pour l&rsquo;Asie et des statues de l&rsquo;\u00cele de P\u00e2ques pour l&rsquo;Oc\u00e9anie \u00bb. L&rsquo;objectif serait, ainsi, d&rsquo;\u00e9blouir tellement les visiteurs d&rsquo;Espagne avec \u00ab El Toro \u00bb, qu&rsquo;ils en oublieraient la tour parisienne, et privil\u00e9gieraient ce nouvel embl\u00e8me pour immortaliser leur voyage en Europe.<\/p>\n<p>Ce projet de taureau monumental est port\u00e9 par l&rsquo;Acad\u00e9mie espagnole de tauromachie.ACADEMIA ESPA\u00d1OLA DE TAUROMAQUIA<\/p>\n<p>Un projet tr\u00e8s (trop ?) ambitieux<\/p>\n<p>L&rsquo;ambition est immense, encore faut-il que le programme soit accept\u00e9 par une municipalit\u00e9 espagnole afin qu&rsquo;il puisse voir le jour. Concr\u00e8tement, la <a href=\"https:\/\/www.admagazine.fr\/article\/statues-plus-monumentales-monde\" target=\"_blank\" rel=\"noopener\">statue<\/a> prendrait la forme d&rsquo;un taureau en m\u00e9tal, \u00e9rig\u00e9 sur plus de 300 m\u00e8tres de haut \u2014 une prouesse d&rsquo;ing\u00e9nierie jamais r\u00e9alis\u00e9e jusque-l\u00e0 \u2014 et n\u00e9cessiterait un site suffisamment vaste pour l&rsquo;accueillir. Jorge Alvarez, pr\u00e9sident et fondateur de l&rsquo;Acad\u00e9mie espagnole de tauromachie, a <a data-offer-url=\"https:\/\/www.europapress.es\/madrid\/noticia-academia-espanola-tauromaquia-busca-municipio-erigir-toro-300-metros-gran-icono-turistico-espana-20250717142030.html\" class=\"external-link\" data-event-click=\"{&quot;element&quot;:&quot;ExternalLink&quot;,&quot;outgoingURL&quot;:&quot;https:\/\/www.europapress.es\/madrid\/noticia-academia-espanola-tauromaquia-busca-municipio-erigir-toro-300-metros-gran-icono-turistico-espana-20250717142030.html&quot;}\" href=\"https:\/\/www.europapress.es\/madrid\/noticia-academia-espanola-tauromaquia-busca-municipio-erigir-toro-300-metros-gran-icono-turistico-espana-20250717142030.html\" rel=\"nofollow noopener\" target=\"_blank\">exprim\u00e9 sa vision au micro de Radio Espa\u00f1a<\/a> : \u00ab El Toro \u00bb aurait besoin d&rsquo;une ville \u00e0 forte affluence touristique, afin de garantir sa viabilit\u00e9 \u00e9conomique et, en outre, de favoriser la croissance commerciale et la cr\u00e9ation d&#8217;emplois dans toute la zone.<\/p>\n<p>Pourquoi l&rsquo;Espagne choisirait-elle ce taureau comme porte-\u00e9tendard de sa culture ? Selon l&rsquo;Acad\u00e9mie, qui d\u00e9fend la pratique de la corrida depuis sa cr\u00e9ation en 2023, le symbole est id\u00e9al. Cette pratique ancestrale est ancr\u00e9e dans l&rsquo;histoire du pays et b\u00e9n\u00e9ficie m\u00eame du statut de <a href=\"https:\/\/www.admagazine.fr\/article\/nouveaux-sites-classes-unesco-2025\" target=\"_blank\" rel=\"noopener\">patrimoine culturel<\/a> gr\u00e2ce \u00e0 une loi promulgu\u00e9e en 2013. \u00ab L&rsquo;Espagne ne poss\u00e8de pas d&rsquo;ic\u00f4ne mat\u00e9rielle majeure pour la repr\u00e9senter, souligne Jorge Alvarez. Alors, quoi de mieux que le taureau ? Tous les touristes ram\u00e8nent une statue de taureau chez eux lorsqu&rsquo;ils viennent en Espagne. La F\u00eate nationale est connue dans le monde entier, m\u00eame \u00e0 Hollywood, et de grands artistes internationaux se sont produits dans nos ar\u00e8nes. M\u00eame les Beatles, lors de leur passage en Espagne, se sont produits \u00e0 Las Ventas de Madrid et au Monumental de <a href=\"https:\/\/www.admagazine.fr\/article\/sagrada-familia-histoire-chef-oeuvre-gaudi\" target=\"_blank\" rel=\"noopener\">Barcelone<\/a> (\u2026) Qu&rsquo;on le veuille ou non, le taureau nous repr\u00e9sente, surtout \u00e0 l&rsquo;\u00e9tranger \u00bb.  De plus, les cornes de l&rsquo;animal permettraient d&rsquo;offrir un panorama exceptionnel aux visiteurs qui s&rsquo;y \u00e9l\u00e8veraient. La structure cr\u00e9erait nombre d&#8217;emplois, de commerces et de lieux de restauration autour de la zone, sans pour autant piocher dans les caisses de l&rsquo;Etat, le projet \u00e9tant financ\u00e9 par des investisseurs priv\u00e9s.<\/p>\n<p>Op\u00e9ration s\u00e9duction pour les d\u00e9fenseurs de la corrida<\/p>\n<p>Reste \u00e0 convaincre les d\u00e9tracteurs de la corrida, qui repr\u00e9sentent tout de m\u00eame 77% des citoyens espagnols. \u00ab\u00a0C&rsquo;est un cas de colossal idiotisme, dans la d\u00e9finition classique de l&rsquo;idiot comme celui qui se croit seul au monde, s&rsquo;est \u00e9mu le critique d&rsquo;art Fernando Castro Florez dans une interview accord\u00e9e au Figaro au sujet d&rsquo;\u00ab El Toro \u00bb. Si l&rsquo;on veut vraiment cr\u00e9er une ic\u00f4ne <a href=\"https:\/\/www.admagazine.fr\/galerie\/lieux-visiter-2025\" target=\"_blank\" rel=\"noopener\">touristique<\/a>, autant \u00e9riger une po\u00eale \u00e0 paella g\u00e9ante ou une carafe de sangria monumentale\u00a0\u00bb<\/p>\n<p>Pour l&rsquo;heure, \u00ab El Toro \u00bb a \u00e9t\u00e9 rejet\u00e9 par Madrid, sans raisons affich\u00e9es. L&rsquo;Acad\u00e9mie espagnole de tauromachie s&rsquo;efforce donc de s\u00e9duire d&rsquo;autres municipalit\u00e9s pour mener \u00e0 bien ce projet colossal ; visant, <a data-offer-url=\"https:\/\/www.lepoint.fr\/arts\/l-espagne-veut-detroner-la-tour-eiffel-avec-son-taureau-geant-05-08-2025-2595813_36.php#11\" class=\"external-link\" data-event-click=\"{&quot;element&quot;:&quot;ExternalLink&quot;,&quot;outgoingURL&quot;:&quot;https:\/\/www.lepoint.fr\/arts\/l-espagne-veut-detroner-la-tour-eiffel-avec-son-taureau-geant-05-08-2025-2595813_36.php#11&quot;}\" href=\"https:\/\/www.lepoint.fr\/arts\/l-espagne-veut-detroner-la-tour-eiffel-avec-son-taureau-geant-05-08-2025-2595813_36.php#11\" rel=\"nofollow noopener\" target=\"_blank\">selon nos confr\u00e8res du Point<\/a>, y compris de <a href=\"https:\/\/www.admagazine.fr\/article\/mini-villes-desert-isolees-monde-sans-habitant\" target=\"_blank\" rel=\"noopener\">petites villes<\/a> de 10 000 habitants.<\/p>\n","protected":false},"excerpt":{"rendered":"Il para\u00eet d\u00e9lirant, mais il est bien r\u00e9el. Ce projet de taureau g\u00e9ant, port\u00e9 par l&rsquo;Acad\u00e9mie espagnole de&hellip;\n","protected":false},"author":2,"featured_media":300675,"comment_status":"","ping_status":"","sticky":false,"template":"","format":"standard","meta":{"footnotes":""},"categories":[1358],"tags":[19035,1348,1384,1385,1386,58,59,1011,27,10057,7184],"class_list":{"0":"post-300674","1":"post","2":"type-post","3":"status-publish","4":"format-standard","5":"has-post-thumbnail","7":"category-arts-et-design","8":"tag-architecture-spectaculaire","9":"tag-arts","10":"tag-arts-and-design","11":"tag-arts-et-design","12":"tag-design","13":"tag-divertissement","14":"tag-entertainment","15":"tag-fr","16":"tag-france","17":"tag-lieux-spectaculaires","18":"tag-tour-eiffel"},"share_on_mastodon":{"url":"https:\/\/pubeurope.com\/@fr\/114982571490954944","error":""},"_links":{"self":[{"href":"https:\/\/www.europesays.com\/fr\/wp-json\/wp\/v2\/posts\/300674","targetHints":{"allow":["GET"]}}],"collection":[{"href":"https:\/\/www.europesays.com\/fr\/wp-json\/wp\/v2\/posts"}],"about":[{"href":"https:\/\/www.europesays.com\/fr\/wp-json\/wp\/v2\/types\/post"}],"author":[{"embeddable":true,"href":"https:\/\/www.europesays.com\/fr\/wp-json\/wp\/v2\/users\/2"}],"replies":[{"embeddable":true,"href":"https:\/\/www.europesays.com\/fr\/wp-json\/wp\/v2\/comments?post=300674"}],"version-history":[{"count":0,"href":"https:\/\/www.europesays.com\/fr\/wp-json\/wp\/v2\/posts\/300674\/revisions"}],"wp:featuredmedia":[{"embeddable":true,"href":"https:\/\/www.europesays.com\/fr\/wp-json\/wp\/v2\/media\/300675"}],"wp:attachment":[{"href":"https:\/\/www.europesays.com\/fr\/wp-json\/wp\/v2\/media?parent=300674"}],"wp:term":[{"taxonomy":"category","embeddable":true,"href":"https:\/\/www.europesays.com\/fr\/wp-json\/wp\/v2\/categories?post=300674"},{"taxonomy":"post_tag","embeddable":true,"href":"https:\/\/www.europesays.com\/fr\/wp-json\/wp\/v2\/tags?post=300674"}],"curies":[{"name":"wp","href":"https:\/\/api.w.org\/{rel}","templated":true}]}}