{"id":300678,"date":"2025-08-06T15:40:12","date_gmt":"2025-08-06T15:40:12","guid":{"rendered":"https:\/\/www.europesays.com\/fr\/300678\/"},"modified":"2025-08-06T15:40:12","modified_gmt":"2025-08-06T15:40:12","slug":"qui-est-noah-ce-varois-en-passe-de-remporter-la-13e-saison-de-secret-story","status":"publish","type":"post","link":"https:\/\/www.europesays.com\/fr\/300678\/","title":{"rendered":"Qui est Noah, ce Varois en passe de remporter la 13e saison de \u00ab\u00a0Secret Story\u00a0\u00bb?"},"content":{"rendered":"<p>Il avait d\u00e9voil\u00e9 la date de la finale sans savoir qu\u2019il y participerait. Et pourtant! Jeudi \u00e0 21h10 en direct sur TFX, c\u2019est aux c\u00f4t\u00e9s d\u2019Anita, de Romy et d\u2019Ethan que Noah se confrontera aux ultimes votes du public pour cette 13e \u00e9dition de Secret Story.<\/p>\n<p>Pour son fr\u00e8re Tom, son meilleur ami Enzo et sa famille, Noah \u2013 qui vit \u00e0 La Celle depuis quatre ans \u2013 est d\u00e9j\u00e0 le grand vainqueur de cette \u00e9mission de t\u00e9l\u00e9-r\u00e9alit\u00e9!<\/p>\n<p>Ils ont malgr\u00e9 tout d\u00e9cid\u00e9 de mettre toutes les chances de son c\u00f4t\u00e9 en contactant leur entourage pour booster les votes et lui permettre de remporter cette saison. Y compris le maire de La Celle!<\/p>\n<p>Jacques Paul, le premier magistrat, a r\u00e9pondu avec enthousiasme \u00e0 leur demande. Ce mercredi 6 ao\u00fbt, il publiera une vid\u00e9o en faveur de Noah, en assurant: \u00ab\u00a0Les habitants sont de tout c\u0153ur avec lui, pour son projet. On esp\u00e8re que les votes lui souriront. Il repr\u00e9sente le village, le sort de la commune est suspendu \u00e0 cette finale.\u00a0\u00bb<\/p>\n<p>Un jeune homme attachant<\/p>\n<p>Cast\u00e9 par la production pour son dynamisme et son histoire personnelle, Noah, enferm\u00e9 depuis le 10 juin dans le Technoparc de Poissy, a su se montrer fin strat\u00e8ge afin de d\u00e9couvrir les secrets des participants, sans jamais trahir les promesses faites.<\/p>\n<p>Un pari gagnant puisqu\u2019en \u00e9tant appr\u00e9ci\u00e9 des autres candidats, il a \u00e9vit\u00e9 tous les sas(1) et gagn\u00e9 son pass pour la demi-finale gr\u00e2ce au don d\u2019A\u00efmed.<\/p>\n<p>Pour la finale, il a obtenu son ticket en d\u00e9couvrant le secret de la maison apr\u00e8s avoir r\u00e9solu une multitude d\u2019\u00e9nigmes.<\/p>\n<p>Personne n\u2019est en revanche parvenu \u00e0 d\u00e9couvrir le sien: une histoire d\u2019amour pass\u00e9e avec Anita. Nul n\u2019a soup\u00e7onn\u00e9 cette relation. C\u2019est d\u2019ailleurs le seul secret qui n\u2019a pas \u00e9t\u00e9 d\u00e9couvert jusqu\u2019\u00e0 pr\u00e9sent.<\/p>\n<p>              <img ci-src=\"https:\/\/www.varmatin.com\/television\/protec\/DATA_ART_16031445-SAZIy5Hn.jpg?vh=007ab5&amp;ci_seal=742d092fe2\" alt=\"\"\/><br \/>\n        Les proches de Noah ont sollicit\u00e9 leur entourage, et le maire de La Celle qui a r\u00e9pondu favorablement \u00e0 leur demande de soutien.  <strong>Photo B. G.- C..<\/strong> <\/p>\n<p>\u00c9tiquet\u00e9 comme \u00e9tant le \u00ab\u00a0bourreau des c\u0153urs\u00a0\u00bb, ce jeune homme a su rendre fiers ses proches par son comportement irr\u00e9prochable, loin de l\u2019image que certains se font des candidats de t\u00e9l\u00e9-r\u00e9alit\u00e9.<\/p>\n<p>\u00c0 20 ans, cet \u00e9tudiant a fait le choix d\u2019effectuer une ann\u00e9e de c\u00e9sure apr\u00e8s l\u2019obtention de son baccalaur\u00e9at option SES et math\u00e9matiques (obtenu avec la mention \u00ab\u00a0tr\u00e8s bien\u00a0\u00bb).<\/p>\n<p>Durant celle-ci, il a jou\u00e9 au football en tant que gardien en nationale 2 \u00e0 Fr\u00e9jus-Saint-Rapha\u00ebl.<\/p>\n<p>Il a par la suite eu l\u2019opportunit\u00e9 de reprendre ses \u00e9tudes en marketing et business management \u00e0 Philadelphie, aux \u00c9tats-Unis, tout en continuant de jouer au football.<\/p>\n<p>L\u2019\u00e9mission s\u2019arr\u00eatant ce jeudi, il prendra l\u2019avion d\u00e8s lundi pour reprendre les entra\u00eenements aux USA.<\/p>\n<p>                                Gagner l\u2019\u00e9mission pour financer ses \u00e9tudes<\/p>\n<p>Durant cette \u00e9mission, deux moments forts ont ponctu\u00e9 l\u2019aventure de Noah. Le premier: Anita lui a permis de voir sa maman, Jessica, pendant quelques minutes.<\/p>\n<p>Une grande \u00e9motion pour le gar\u00e7on de 1,90m. Ses proches assurent ne jamais l\u2019avoir vu pleurer de la sorte. Le second: son meilleur ami Enzo est arriv\u00e9 dans un cadeau g\u00e9ant au sein de la maison pour son anniversaire!<\/p>\n<p>\u00ab\u00a0J\u2019\u00e9tais la surprise de la soir\u00e9e. Je suis rest\u00e9 une heure et demie avec lui. Nous avons parl\u00e9 du secret qui lui a \u00e9t\u00e9 attribu\u00e9, je l\u2019ai rassur\u00e9 en lui donnant des nouvelles de ses proches. Je l\u2019ai aussi interrog\u00e9 sur son ressenti, ses sept semaines confin\u00e9es, il m\u2019a promis se plaire beaucoup. Avec les candidats, ils sont tous proches.\u00a0\u00bb<\/p>\n<p>Ce m\u00eame 30 juillet, son fr\u00e8re a pu l\u2019appeler. Un autre grand moment d\u2019\u00e9motion, o\u00f9 il a eu l\u2019assurance que Tom est fier de lui, de ce qu\u2019il est, d\u2019avoir constat\u00e9 qu\u2019il est rest\u00e9 lui-m\u00eame.<\/p>\n<p>\u00ab\u00a0Quoi qu\u2019il arrive, pour nous, il a tout gagn\u00e9. Je suis content d\u2019avoir pu le lui dire, assure Tom qui, d\u2019ordinaire, l\u2019a tous les jours au t\u00e9l\u00e9phone. Nous sommes une famille tr\u00e8s soud\u00e9e. L\u00e0, on le voit, on l\u2019entend, mais on ne peut pas communiquer.\u00a0\u00bb<\/p>\n<p>Autant de soutien de sa famille qui l\u2019a certainement aid\u00e9 \u00e0 traverser la fausse \u00e9limination qu\u2019il a mont\u00e9e contre Anita et qui lui a valu, durant une semaine, les foudres de quelques candidats.<\/p>\n<p>Sa famille et ses amis remercient d\u2019ores et d\u00e9j\u00e0 le public pour tout le soutien qui lui a \u00e9t\u00e9 apport\u00e9 durant cette p\u00e9riode et l\u2019invite dor\u00e9navant \u00e0 voter pour lui faire gagner les 100.000 euros.<\/p>\n<p>Cet argent lui servira \u00e0 financer ses \u00e9tudes \u00e0 l\u2019universit\u00e9 d\u2019Harcum.<\/p>\n<p>&gt;&gt; 1. Le sas est une pi\u00e8ce dans laquelle les nomin\u00e9s attendent leur sort. Plus ils remportent les votes du public, plus ils ont de chance d\u2019\u00eatre sauv\u00e9s et de poursuivre le jeu.<\/p>\n<p>&gt;&gt; Pour voter, vous pouvez d\u2019ores et d\u00e9j\u00e0 envoyer \u00ab\u00a03\u00a0\u00bb par SMS au 72500 (0.99 + prix d\u2019un SMS) ou via l\u2019application TF1 +.<\/p>\n","protected":false},"excerpt":{"rendered":"Il avait d\u00e9voil\u00e9 la date de la finale sans savoir qu\u2019il y participerait. Et pourtant! Jeudi \u00e0 21h10&hellip;\n","protected":false},"author":2,"featured_media":300679,"comment_status":"","ping_status":"","sticky":false,"template":"","format":"standard","meta":{"footnotes":""},"categories":[1356],"tags":[251,58,59,1011,27,252,1364,3366],"class_list":{"0":"post-300678","1":"post","2":"type-post","3":"status-publish","4":"format-standard","5":"has-post-thumbnail","7":"category-television","8":"tag-culture","9":"tag-divertissement","10":"tag-entertainment","11":"tag-fr","12":"tag-france","13":"tag-television","14":"tag-tv","15":"tag-vie-locale"},"share_on_mastodon":{"url":"https:\/\/pubeurope.com\/@fr\/114982579389080180","error":""},"_links":{"self":[{"href":"https:\/\/www.europesays.com\/fr\/wp-json\/wp\/v2\/posts\/300678","targetHints":{"allow":["GET"]}}],"collection":[{"href":"https:\/\/www.europesays.com\/fr\/wp-json\/wp\/v2\/posts"}],"about":[{"href":"https:\/\/www.europesays.com\/fr\/wp-json\/wp\/v2\/types\/post"}],"author":[{"embeddable":true,"href":"https:\/\/www.europesays.com\/fr\/wp-json\/wp\/v2\/users\/2"}],"replies":[{"embeddable":true,"href":"https:\/\/www.europesays.com\/fr\/wp-json\/wp\/v2\/comments?post=300678"}],"version-history":[{"count":0,"href":"https:\/\/www.europesays.com\/fr\/wp-json\/wp\/v2\/posts\/300678\/revisions"}],"wp:featuredmedia":[{"embeddable":true,"href":"https:\/\/www.europesays.com\/fr\/wp-json\/wp\/v2\/media\/300679"}],"wp:attachment":[{"href":"https:\/\/www.europesays.com\/fr\/wp-json\/wp\/v2\/media?parent=300678"}],"wp:term":[{"taxonomy":"category","embeddable":true,"href":"https:\/\/www.europesays.com\/fr\/wp-json\/wp\/v2\/categories?post=300678"},{"taxonomy":"post_tag","embeddable":true,"href":"https:\/\/www.europesays.com\/fr\/wp-json\/wp\/v2\/tags?post=300678"}],"curies":[{"name":"wp","href":"https:\/\/api.w.org\/{rel}","templated":true}]}}