{"id":300680,"date":"2025-08-06T15:41:11","date_gmt":"2025-08-06T15:41:11","guid":{"rendered":"https:\/\/www.europesays.com\/fr\/300680\/"},"modified":"2025-08-06T15:41:11","modified_gmt":"2025-08-06T15:41:11","slug":"gims-semble-consacrer-son-mois-daout-a-regler-ses-comptes","status":"publish","type":"post","link":"https:\/\/www.europesays.com\/fr\/300680\/","title":{"rendered":"Gims semble consacrer son mois d\u2019ao\u00fbt \u00e0 r\u00e9gler ses comptes"},"content":{"rendered":"<p>Quelle mouche a piqu\u00e9 Gims\u00a0? Lundi, l\u2019interpr\u00e8te de J\u2019me tire a interpell\u00e9 <a href=\"https:\/\/www.20minutes.fr\/arts-stars\/culture\/4148057-20250410-fouine-rappeur-annonce-sortie-album-pendant-concert-accor-arena\" target=\"_blank\" class=\"color-ultramarine c-link\" rel=\"nofollow noopener\">La Fouine<\/a> dans une Story Instagram, affirmant qu\u2019il avait une dette envers lui. Et pas une petite\u00a0: 70.000 euros\u00a0!<\/p>\n<p>\u00ab\u00a0La Fouine, tu es difficile \u00e0 joindre, j\u2019aimerais r\u00e9cup\u00e9rer les 70.000 euros que tu me dois, s\u2019il te pla\u00eet\u00a0\u00bb, a-t-il \u00e9crit en blanc sur fond noir. \u00ab\u00a0Je voulais pas en arriver l\u00e0, mais bon ici c\u2019est s\u00fbr que tu va lire (sic).\u00a0\u00bb<\/p>\n<p>Le contentieux semble porter sur des sessions d\u2019enregistrement impay\u00e9es. \u00ab\u00a0Arr\u00eate de parler d\u2019oseille de millions dans tes sons stp viens d\u00e9j\u00e0 payer le studio, les employ\u00e9s, merci\u00a0!\u00a0\u00bb a ajout\u00e9 <a href=\"https:\/\/www.20minutes.fr\/dossier\/maitre_gims\" target=\"_blank\" class=\"color-ultramarine c-link\" rel=\"nofollow noopener\">Gims<\/a>, qui d\u00e9ment par ailleurs faire un coup de buzz.<\/p>\n<p>Et ce n\u2019est \u00ab\u00a0pas un feat qui se pr\u00e9pare\u00a0\u00bb non plus a-t-il poursuivi dans une autre Story. \u00ab\u00a0J\u2019ai refus\u00e9 14 fois de chanter avec lui depuis Sexion d\u2019Assaut. Il insiste. Je ne veux pas chanter avec La Fouine, t\u2019arrives \u00e0 lire \u00e7a. Donc stp, ram\u00e8ne le zingu\u00e9 (sic).\u00a0\u00bb<\/p>\n<p>\u00ab\u00a0Envoie-moi ton RIB, Elie\u00a0\u00bb<\/p>\n<p>Ce n\u2019est pas en Story que La Fouine a r\u00e9pondu aux accusations de Gims, mais sur X.<\/p>\n<p>\u00ab\u00a0T\u2019as envoy\u00e9 tes avocats pour saisir la justice, comme d\u2019habitude\u2026 Donc maintenant assume et laisse les avocats porter \u00e7a devant les tribunaux, et pas devant les r\u00e9seaux sociaux. Je ne dois RIEN \u00e0 personne, et j\u2019ai plus le temps pour les clashs, petit\u00a0!\u00a0\u00bb a-t-il r\u00e9torqu\u00e9.<\/p>\n<p>Ce \u00e0 quoi Gims a r\u00e9pliqu\u00e9\u00a0: \u00ab\u00a0Y a z\u00e9ro plainte, n\u2019essaye pas de noyer le poisson La Fouine. Rends le zingu\u00e9 et arr\u00eate de mendier des feat.\u00a0\u00bb<\/p>\n<p>Des messages qui ne sont plus visibles sur les comptes des principaux concern\u00e9s, mais <a href=\"https:\/\/www.instagram.com\/p\/DM-3pqDIdLK\/\" rel=\"nofollow noopener\" target=\"_blank\" class=\"color-ultramarine c-link\">relay\u00e9s<\/a> par le compte Instagram sp\u00e9cialis\u00e9 kuntakinte960, qui a visiblement sorti le popcorn. Et il y a un peu de quoi. La veille, Gims s\u2019en \u00e9tait pris \u00e0 Booba.<\/p>\n<p>L\u2019agence d\u2019influenceurs \u00ab\u00a0\u00e9thiques\u00a0\u00bb, <a href=\"https:\/\/www.20minutes.fr\/societe\/4061928-20231112-apres-avoir-denonce-influvoleurs-booba-lance-agence-influenceurs-responsable\" target=\"_blank\" class=\"color-ultramarine c-link\" rel=\"nofollow noopener\">dont il avait annonc\u00e9 l\u2019ouverture<\/a> au moment de <a href=\"https:\/\/www.20minutes.fr\/justice\/4153717-20250515-magali-berdah-rappeur-booba-condamne-verser-10-000-euros-influenceuse-procedure-abusive\" target=\"_blank\" class=\"color-ultramarine c-link\" rel=\"nofollow noopener\">ses ennuis judiciaires avec Magali Berdah<\/a>, vient de mettre la cl\u00e9 sous la porte. \u00ab\u00a0Envoie-moi ton RIB, Elie, on va g\u00e9rer\u00a0\u00bb, s\u2019\u00e9tait amus\u00e9 Gims en Story dimanche adress\u00e9e \u00e0 Booba, Elie Yaffa pour l\u2019\u00e9tat civil.<\/p>\n<p>Deux questions nous viennent. Qui sera le prochain dans le viseur de Gims\u00a0? Compte-t-il envoyer les 70.000 euros de La Fouine \u00e0 Booba\u00a0? Le duc de Boulogne et Fouiny ne sont pas en reste, <a href=\"https:\/\/www.20minutes.fr\/culture\/1096273-20130207-fouine-je-hais-booba-booba-deteste-cela-reste-mots\" target=\"_blank\" class=\"color-ultramarine c-link\" rel=\"nofollow noopener\">c\u00f4t\u00e9 clash<\/a>, non plus. En esp\u00e9rant en tout cas que tout le monde, cette fois, <a href=\"https:\/\/www.20minutes.fr\/arts-stars\/people\/2466283-20190306-bagarre-orly-kaaris-renonce-appel-condamnation\" target=\"_blank\" class=\"color-ultramarine c-link\" rel=\"nofollow noopener\">laisse tranquille les parfums<\/a> de luxe du duty free\u2026<\/p>\n<p><script async src=\"\/\/www.instagram.com\/embed.js\"><\/script><\/p>\n","protected":false},"excerpt":{"rendered":"Quelle mouche a piqu\u00e9 Gims\u00a0? Lundi, l\u2019interpr\u00e8te de J\u2019me tire a interpell\u00e9 La Fouine dans une Story Instagram,&hellip;\n","protected":false},"author":2,"featured_media":300681,"comment_status":"","ping_status":"","sticky":false,"template":"","format":"standard","meta":{"footnotes":""},"categories":[1355],"tags":[3646,58,59,1011,27,13444,1361,873,973,44088,133],"class_list":{"0":"post-300680","1":"post","2":"type-post","3":"status-publish","4":"format-standard","5":"has-post-thumbnail","7":"category-musique","8":"tag-booba","9":"tag-divertissement","10":"tag-entertainment","11":"tag-fr","12":"tag-france","13":"tag-gims","14":"tag-music","15":"tag-musique","16":"tag-people","17":"tag-sexion-dassaut","18":"tag-video"},"share_on_mastodon":{"url":"https:\/\/pubeurope.com\/@fr\/114982583218640008","error":""},"_links":{"self":[{"href":"https:\/\/www.europesays.com\/fr\/wp-json\/wp\/v2\/posts\/300680","targetHints":{"allow":["GET"]}}],"collection":[{"href":"https:\/\/www.europesays.com\/fr\/wp-json\/wp\/v2\/posts"}],"about":[{"href":"https:\/\/www.europesays.com\/fr\/wp-json\/wp\/v2\/types\/post"}],"author":[{"embeddable":true,"href":"https:\/\/www.europesays.com\/fr\/wp-json\/wp\/v2\/users\/2"}],"replies":[{"embeddable":true,"href":"https:\/\/www.europesays.com\/fr\/wp-json\/wp\/v2\/comments?post=300680"}],"version-history":[{"count":0,"href":"https:\/\/www.europesays.com\/fr\/wp-json\/wp\/v2\/posts\/300680\/revisions"}],"wp:featuredmedia":[{"embeddable":true,"href":"https:\/\/www.europesays.com\/fr\/wp-json\/wp\/v2\/media\/300681"}],"wp:attachment":[{"href":"https:\/\/www.europesays.com\/fr\/wp-json\/wp\/v2\/media?parent=300680"}],"wp:term":[{"taxonomy":"category","embeddable":true,"href":"https:\/\/www.europesays.com\/fr\/wp-json\/wp\/v2\/categories?post=300680"},{"taxonomy":"post_tag","embeddable":true,"href":"https:\/\/www.europesays.com\/fr\/wp-json\/wp\/v2\/tags?post=300680"}],"curies":[{"name":"wp","href":"https:\/\/api.w.org\/{rel}","templated":true}]}}