{"id":300684,"date":"2025-08-06T15:43:09","date_gmt":"2025-08-06T15:43:09","guid":{"rendered":"https:\/\/www.europesays.com\/fr\/300684\/"},"modified":"2025-08-06T15:43:09","modified_gmt":"2025-08-06T15:43:09","slug":"le-risque-de-crise-cardiaque-augmente-chez-les-enfants-qui-regardent-trop-les-ecrans-selon-une-etude","status":"publish","type":"post","link":"https:\/\/www.europesays.com\/fr\/300684\/","title":{"rendered":"Le risque de crise cardiaque augmente chez les enfants qui regardent trop les \u00e9crans, selon une \u00e9tude"},"content":{"rendered":"<p>Une \u00e9tude danoise a mis en \u00e9vidence une augmentation du risque des maladies cardiaques et m\u00e9taboliques chez les enfants qui passent trop de temps devant un \u00e9cran de portable, de tablette ou de t\u00e9l\u00e9vision.<\/p>\n<p class=\"fig-paragraph\">Chez les enfants, trop de temps pass\u00e9 devant un \u00e9cran, qu&rsquo;il s&rsquo;agisse d&rsquo;une tablette, d&rsquo;un t\u00e9l\u00e9phone ou d&rsquo;une t\u00e9l\u00e9vision, peut augmenter le risque de\u00a0<a href=\"http:\/\/sante.lefigaro.fr\/social\/sante-publique\/infarctus-insuffisance-cardiaque-les-maladies-cardiovasculaires-tuent-toujours-autant-surtout-les-femmes-20250304\" target=\"_blank\" data-fig-type=\"NewsFlash\" rel=\"noopener\" data-gtm-custom-categorie=\"navigation\" data-gtm-custom-action=\"crossclick\" data-gtm-custom-label=\"Contextuel\" data-gtm-event=\"customEventSPE\" data-fig-domain=\"SANTE\">maladies cardiaques et m\u00e9taboliques<\/a>, d&rsquo;apr\u00e8s une \u00e9tude r\u00e9alis\u00e9e au Danemark et publi\u00e9e ce mercredi 6 ao\u00fbt.<\/p>\n<p class=\"fig-paragraph\">\u00abLes enfants et les jeunes adultes qui passent des heures excessives coll\u00e9s aux \u00e9crans et aux appareils \u00e9lectroniques peuvent pr\u00e9senter des risques accrus de maladies cardio-m\u00e9taboliques, telles que l&rsquo;hypertension art\u00e9rielle, un taux de cholest\u00e9rol \u00e9lev\u00e9 et une r\u00e9sistance \u00e0 l&rsquo;insuline\u00bb, d&rsquo;apr\u00e8s cette \u00e9tude publi\u00e9e dans la revue \u00abJournal of the American Heart Association\u00bb, a indiqu\u00e9 cette derni\u00e8re dans un communiqu\u00e9. Ils encourent ensuite plus de risques de d\u00e9velopper des maladies cardiovasculaires ou du diab\u00e8te.<\/p>\n<p>                                    <a class=\"fig-a11y-skip a11y-hidden\" href=\"#fig-a11y-skip-main-inarticle\"><br \/>\n        Passer la publicit\u00e9<br \/>\n    <\/a><\/p>\n<p>Le manque de sommeil est une cause d\u2019aggravation<\/p>\n<p class=\"fig-paragraph\">En utilisant des donn\u00e9es provenant de cohortes d&rsquo;enfants de 10 ans et de 18 ans &#8211; au total plus de 1000 &#8211; sur leurs habitudes de consommation d&rsquo;\u00e9cran et de sommeil, les chercheurs ont examin\u00e9 la relation entre le temps d&rsquo;\u00e9cran et les facteurs de risques dits cardiom\u00e9taboliques.<\/p>\n<p class=\"fig-paragraph\">L&rsquo;analyse a r\u00e9v\u00e9l\u00e9 que chaque heure suppl\u00e9mentaire de temps d&rsquo;\u00e9cran augmenterait le risque de maladie et que l&rsquo;\u00e9cart \u00e9tait plus important chez les personnes de 18 ans que celles de 10 ans. De plus, le risque s&rsquo;aggrave lorsque diminue le temps de sommeil.<\/p>\n<p class=\"fig-paragraph\">\u00abCela signifie qu&rsquo;un enfant ayant trois heures de temps d&rsquo;\u00e9cran par jour aurait un risque global de l&rsquo;ordre d&rsquo;un quart \u00e0 une demie (\u00e9cart-type) sup\u00e9rieur \u00e0 celui de ses pairs\u00bb, a estim\u00e9 David Horner, auteur principal de l&rsquo;\u00e9tude et chercheur \u00e0 l&rsquo;Universit\u00e9 de Copenhague, cit\u00e9 dans le communiqu\u00e9.<\/p>\n<p class=\"fig-paragraph\">\u00abMultipliez cela \u00e0 l&rsquo;\u00e9chelle de toute une population d&rsquo;enfants, et vous observez une \u00e9volution significative du risque cardiom\u00e9tabolique pr\u00e9coce qui pourrait persister \u00e0 l&rsquo;\u00e2ge adulte\u00bb, a-t-il pr\u00e9venu.<\/p>\n<p class=\"fig-paragraph\">L&rsquo;effet d\u00e9l\u00e9t\u00e8re des \u00e9crans sur les enfants et les adolescents ne fait pas enti\u00e8rement consensus chez les chercheurs, mais la majorit\u00e9 s&rsquo;accorde sur le fait que les plus jeunes sont plus sujets \u00e0 risque que les adultes.<\/p>\n","protected":false},"excerpt":{"rendered":"Une \u00e9tude danoise a mis en \u00e9vidence une augmentation du risque des maladies cardiaques et m\u00e9taboliques chez les&hellip;\n","protected":false},"author":2,"featured_media":300685,"comment_status":"","ping_status":"","sticky":false,"template":"","format":"standard","meta":{"footnotes":""},"categories":[10],"tags":[8704,47,8699,8707,8706,4988,1011,27,8705,72,8700,5362,226,224,8701,225,8702,298,71,8703,801,227],"class_list":{"0":"post-300684","1":"post","2":"type-post","3":"status-publish","4":"format-standard","5":"has-post-thumbnail","7":"category-sante","8":"tag-actu-sante","9":"tag-actualite","10":"tag-actualite-sante","11":"tag-conseil-medical","12":"tag-conseils-medicaux","13":"tag-forme","14":"tag-fr","15":"tag-france","16":"tag-guide-des-medicaments","17":"tag-health","18":"tag-info-sante","19":"tag-magazine-sante","20":"tag-maladie","21":"tag-medecine","22":"tag-medical","23":"tag-medicament","24":"tag-nutrition-et-sante","25":"tag-psychologie","26":"tag-sante","27":"tag-sexualite","28":"tag-social","29":"tag-traitement"},"share_on_mastodon":{"url":"https:\/\/pubeurope.com\/@fr\/114982591252274115","error":""},"_links":{"self":[{"href":"https:\/\/www.europesays.com\/fr\/wp-json\/wp\/v2\/posts\/300684","targetHints":{"allow":["GET"]}}],"collection":[{"href":"https:\/\/www.europesays.com\/fr\/wp-json\/wp\/v2\/posts"}],"about":[{"href":"https:\/\/www.europesays.com\/fr\/wp-json\/wp\/v2\/types\/post"}],"author":[{"embeddable":true,"href":"https:\/\/www.europesays.com\/fr\/wp-json\/wp\/v2\/users\/2"}],"replies":[{"embeddable":true,"href":"https:\/\/www.europesays.com\/fr\/wp-json\/wp\/v2\/comments?post=300684"}],"version-history":[{"count":0,"href":"https:\/\/www.europesays.com\/fr\/wp-json\/wp\/v2\/posts\/300684\/revisions"}],"wp:featuredmedia":[{"embeddable":true,"href":"https:\/\/www.europesays.com\/fr\/wp-json\/wp\/v2\/media\/300685"}],"wp:attachment":[{"href":"https:\/\/www.europesays.com\/fr\/wp-json\/wp\/v2\/media?parent=300684"}],"wp:term":[{"taxonomy":"category","embeddable":true,"href":"https:\/\/www.europesays.com\/fr\/wp-json\/wp\/v2\/categories?post=300684"},{"taxonomy":"post_tag","embeddable":true,"href":"https:\/\/www.europesays.com\/fr\/wp-json\/wp\/v2\/tags?post=300684"}],"curies":[{"name":"wp","href":"https:\/\/api.w.org\/{rel}","templated":true}]}}