{"id":300698,"date":"2025-08-06T15:50:12","date_gmt":"2025-08-06T15:50:12","guid":{"rendered":"https:\/\/www.europesays.com\/fr\/300698\/"},"modified":"2025-08-06T15:50:12","modified_gmt":"2025-08-06T15:50:12","slug":"une-ville-des-pyrenees-orientales-totalement-paralysee-apres-lincendie-geant","status":"publish","type":"post","link":"https:\/\/www.europesays.com\/fr\/300698\/","title":{"rendered":"une ville des Pyr\u00e9n\u00e9es-Orientales totalement paralys\u00e9e apr\u00e8s l\u2019incendie g\u00e9ant"},"content":{"rendered":"<p>            Par<br \/>\n        <strong><br \/>\n            <a href=\"https:\/\/actu.fr\/auteur\/jeremy-marty\" title=\"Consulter tous les articles de Jeremy Marty\" rel=\"nofollow noopener\" target=\"_blank\">Jeremy Marty<\/a><br \/>\n        <\/strong><\/p>\n<p>        Publi\u00e9 le<\/p>\n<p>            6 ao\u00fbt 2025 \u00e0 14h56<br \/>\n        ; mis \u00e0 jour le 6 ao\u00fbt 2025 \u00e0 16h51    <\/p>\n<p>Depuis presque 24\u00a0heures, le d\u00e9partement de l\u2019Aude est ravag\u00e9 par un incendie g\u00e9ant et incontr\u00f4lable. D\u00e9clar\u00e9 en fin d\u2019apr\u00e8s-midi ce mardi 5\u00a0ao\u00fbt 2025, <a href=\"https:\/\/actu.fr\/faits-divers\/direct-le-feu-le-plus-important-de-l-annee-ravage-l-aude-une-femme-tuee-par-les-flammes_63002524.html\" rel=\"nofollow noopener\" target=\"_blank\">le brasier a d\u00e9j\u00e0 parcouru pr\u00e8s de 16\u2009000 hectares<\/a> et il poursuit sa progression. Pour assurer la s\u00e9curit\u00e9 des usagers et permettre au secours un d\u00e9placement simplifi\u00e9, <strong>l\u2019autoroute A9 a \u00e9t\u00e9 ferm\u00e9e en Perpignan et Narbonne <\/strong>(elle vient de rouvrir \u00e0 16h, ndlr). Une fermeture qui perturbe \u00e9norm\u00e9ment le trafic secondaire dans les Pyr\u00e9n\u00e9es-Orientales, ce mercredi. C\u2019est notamment le cas au nord du d\u00e9partement o\u00f9 la ville de <strong>Salses-le-Ch\u00e2teau est<\/strong> <strong>compl\u00e8tement \u00ab\u2009satur\u00e9\u2009\u00bb de voitures.<\/strong><\/p>\n<p class=\" wall-content\">\n<p>Une commune bloqu\u00e9e par les bouchons<\/p>\n<p class=\" wall-content\">Que ce soit la RD 87 ou la RD 11, qui traversent la commune, ou la D900 qui passe \u00e0 proximit\u00e9, c\u2019est l\u2019ensemble du r\u00e9seau routier de la ville frontali\u00e8re de l\u2019Aude qui est pris d\u2019assaut. Salses-le-Ch\u00e2teau est totalement paralys\u00e9e.<\/p>\n<p class=\" wall-content\">Face \u00e0 cette situation exceptionnelle, municipalit\u00e9 a pris la parole sur ses r\u00e9seaux sociaux en exhortant ses riverains \u00e0 r\u00e9duire au maximum leurs trajets\u2009: \u00ab\u2009Par solidarit\u00e9 et pour la s\u00e9curit\u00e9 de tous, <strong>restez chez vous autant que possible\u00a0\u00bb<\/strong>, lance la ville.<\/p>\n<p><a class=\"jo-module-caroussel__img-container\" href=\"https:\/\/static.actu.fr\/uploads\/2025\/08\/capture-decran-2025-08-06-a-140946.png\" title=\"Agrandir la photo Le flux de v\u00e9hicule sature compl\u00e8tement le village de Salses-le-Ch\u00e2teau (Pyr\u00e9n\u00e9es-Orientales). (\u00a9 Captur d&#039;\u00e9cran Google Maps)\" data-idx=\"1\" rel=\"nofollow noopener\" target=\"_blank\"><br \/>\n    <img decoding=\"async\" class=\"jo-module-caroussel__img\" loading=\"lazy\" src=\"https:\/\/www.europesays.com\/fr\/wp-content\/uploads\/2025\/08\/capture-decran-2025-08-06-a-140946-640x427.png\" alt=\"Le flux de v\u00e9hicule sature compl\u00e8tement le village de Salses-le-Ch\u00e2teau (Pyr\u00e9n\u00e9es-Orientales). (\u00a9 Captur d'\u00e9cran Google Maps)\" width=\"640\" height=\"427\"\/><\/a><\/p>\n<p class=\" wall-content\">La mairie indique notamment \u00e0 ses riverains \u00ab\u2009de <strong>ne pas prendre la voiture<\/strong> dans le village pour \u00e9viter d\u2019aggraver les bouchons\u2009\u00bb et rappelle \u00e0 ceux qui le peuvent que \u00ab\u2009les d\u00e9placements \u00e0 pied sont possibles.\u2009\u00bb<\/p>\n<p class=\" wall-content\">Des annonces qui vont dans le sens des consignes transmises par la pr\u00e9fecture qui demande aux habitants proches de la zone sinistr\u00e9e de \u00ab\u2009<strong>reporter\u2009tous les d\u00e9placements<\/strong> non n\u00e9cessaires.\u2009\u00bb<\/p>\n<p>    <a href=\"https:\/\/www.facebook.com\/plugins\/post.php?href=https%3A%2F%2Fwww.facebook.com%2Fsalseslechateau%2Fposts%2Fpfbid02yNNmGzYKqWcK7hLu18zEdV82wNHePypGX5JDMkT18s6CMrgPTjBEvLM9MLUoHUmNl&amp;show_text=true&amp;width=350\" title=\"Ouvrie le lien\" rel=\"nofollow noopener\" target=\"_blank\">Cliquez ici pour visualiser le contenu<\/a><\/p>\n<p>Les poids lourds interdits<\/p>\n<p class=\" wall-content\">Si les automobilistes sont coinc\u00e9s du c\u00f4t\u00e9 de Salses-le-Ch\u00e2teau, il en va de m\u00eame dans d\u2019autres secteurs du d\u00e9partement. La D117, qui traverse le Fenouill\u00e8des et offre une solution pour de nombreux v\u00e9hicules en provenance de la r\u00e9gion toulousaine, conna\u00eet \u00e9galement de <strong>forts ralentissements.<\/strong><\/p>\n<p class=\" wall-content\">Face \u00e0 cette situation exceptionnelle, le plan pr\u00e9fectoral de gestion du trafic est en vigueur depuis ce mercredi midi. De ce fait, les routes d\u00e9partementales sont r\u00e9serv\u00e9es aux v\u00e9hicules l\u00e9gers. Le r\u00e9seau routier secondaire est donc <strong>interdit aux poids lourds<\/strong> qui sont stock\u00e9s sur l\u2019A9.<\/p>\n<p class=\" wall-content\">Suivez toute l\u2019actualit\u00e9 de vos villes et m\u00e9dias favoris en vous inscrivant \u00e0 <a href=\"https:\/\/moncompte.actu.fr\" title=\"D\u00e9couvez Mon Actu\" rel=\"nofollow noopener\" data-trk=\"{&quot;cta&quot;:{&quot;action&quot;:&quot;https:\\\/\\\/moncompte.actu.fr&quot;,&quot;category&quot;:&quot;mon compte&quot;,&quot;from&quot;:&quot;article footer&quot;,&quot;name&quot;:&quot;Mon actu&quot;,&quot;type&quot;:&quot;cta&quot;}}\" target=\"_blank\">Mon Actu<\/a>.<\/p>\n","protected":false},"excerpt":{"rendered":"Par Jeremy Marty Publi\u00e9 le 6 ao\u00fbt 2025 \u00e0 14h56 ; mis \u00e0 jour le 6 ao\u00fbt 2025&hellip;\n","protected":false},"author":2,"featured_media":300699,"comment_status":"","ping_status":"","sticky":false,"template":"","format":"standard","meta":{"footnotes":""},"categories":[2],"tags":[11,1011,27,1310,12,104],"class_list":{"0":"post-300698","1":"post","2":"type-post","3":"status-publish","4":"format-standard","5":"has-post-thumbnail","7":"category-actualites","8":"tag-actualites","9":"tag-fr","10":"tag-france","11":"tag-incendie","12":"tag-news","13":"tag-societe"},"share_on_mastodon":{"url":"https:\/\/pubeurope.com\/@fr\/114982618652409240","error":""},"_links":{"self":[{"href":"https:\/\/www.europesays.com\/fr\/wp-json\/wp\/v2\/posts\/300698","targetHints":{"allow":["GET"]}}],"collection":[{"href":"https:\/\/www.europesays.com\/fr\/wp-json\/wp\/v2\/posts"}],"about":[{"href":"https:\/\/www.europesays.com\/fr\/wp-json\/wp\/v2\/types\/post"}],"author":[{"embeddable":true,"href":"https:\/\/www.europesays.com\/fr\/wp-json\/wp\/v2\/users\/2"}],"replies":[{"embeddable":true,"href":"https:\/\/www.europesays.com\/fr\/wp-json\/wp\/v2\/comments?post=300698"}],"version-history":[{"count":0,"href":"https:\/\/www.europesays.com\/fr\/wp-json\/wp\/v2\/posts\/300698\/revisions"}],"wp:featuredmedia":[{"embeddable":true,"href":"https:\/\/www.europesays.com\/fr\/wp-json\/wp\/v2\/media\/300699"}],"wp:attachment":[{"href":"https:\/\/www.europesays.com\/fr\/wp-json\/wp\/v2\/media?parent=300698"}],"wp:term":[{"taxonomy":"category","embeddable":true,"href":"https:\/\/www.europesays.com\/fr\/wp-json\/wp\/v2\/categories?post=300698"},{"taxonomy":"post_tag","embeddable":true,"href":"https:\/\/www.europesays.com\/fr\/wp-json\/wp\/v2\/tags?post=300698"}],"curies":[{"name":"wp","href":"https:\/\/api.w.org\/{rel}","templated":true}]}}