{"id":300706,"date":"2025-08-06T15:55:10","date_gmt":"2025-08-06T15:55:10","guid":{"rendered":"https:\/\/www.europesays.com\/fr\/300706\/"},"modified":"2025-08-06T15:55:10","modified_gmt":"2025-08-06T15:55:10","slug":"ces-3-plages-secretes-pres-de-toulon-sont-encore-preservees-mais-plus-pour-longtemps","status":"publish","type":"post","link":"https:\/\/www.europesays.com\/fr\/300706\/","title":{"rendered":"Ces 3 plages secr\u00e8tes pr\u00e8s de Toulon sont encore pr\u00e9serv\u00e9es\u2026 mais plus pour longtemps"},"content":{"rendered":"\n<p>Et si le vrai luxe, c\u00a0\u00bb\u00e9tait de ne rien entendre d\u2019autre que le clapotis de l\u2019eau et le chant des cigales ? \u00c0 moins de 20 kilom\u00e8tres de Toulon, dans le Var, se cachent trois plages pr\u00e9serv\u00e9es qui \u00e9chappent au tumulte touristique. Ces criques discr\u00e8tes, \u00e0 l\u2019\u00e9cart des circuits classiques, offrent une parenth\u00e8se enchant\u00e9e \u00e0 ceux qui souhaitent reconnecter avec la nature et s\u2019\u00e9vader du quotidien. Si vous pensez conna\u00eetre le littoral varois, attendez de d\u00e9couvrir ces joyaux confidentiels qui semblent tout droit sortis d\u2019un r\u00eave m\u00e9diterran\u00e9en.<\/p>\n<p>    Anse de M\u00e9jean : une crique rustique au charme brut <\/p>\n<p>C\u2019est l\u2019une des rares plages encore rest\u00e9e \u00e0 l\u2019\u00e9tat sauvage <a href=\"https:\/\/www.lejournaldelamaison.fr\/le-journal-de-la-maison\/reportages-maisons\/maisons-reportages-maisons\/brigitte-bardot-echappee-de-lhopital-la-villa-ou-elle-se-refugie-457354.html\" rel=\"nofollow noopener\" target=\"_blank\">tout pr\u00e8s de Toulon<\/a>. L\u2019<strong>Anse de M\u00e9jean<\/strong>, situ\u00e9e \u00e0 l\u2019est de la ville, a su garder son \u00e2me intacte. Ici, aucun b\u00e2timent en b\u00e9ton, aucun snack tape-\u00e0-l\u2019\u0153il, aucun parasol standardis\u00e9. \u00c0 M\u00e9jean, c\u2019est le relief, les roches, les pins et la mer qui dictent les r\u00e8gles.<\/p>\n<p>Accessible uniquement \u00e0 pied par un petit sentier c\u00f4tier ou en bateau, l\u2019anse r\u00e9v\u00e8le toute sa beaut\u00e9 \u00e0 ceux qui font l\u2019effort d\u2019y parvenir. Cette <strong>accessibilit\u00e9 limit\u00e9e<\/strong> joue un r\u00f4le de filtre naturel : seuls les plus curieux et les plus respectueux de la nature s\u2019y aventurent. Le r\u00e9sultat est \u00e0 la hauteur de l&rsquo;effort : une <strong>crique pr\u00e9serv\u00e9e<\/strong> o\u00f9 le calme est quasi religieux. Ceux en qu\u00eate de silence et d\u2019intimit\u00e9 y trouvent un \u00e9crin paisible pour se ressourcer.<\/p>\n<p>C\u00f4t\u00e9 mer, <strong>l\u2019eau y est limpide, parfaite pour l\u2019observation marine avec un simple masque et tuba<\/strong>. C\u00f4t\u00e9 terre, les flancs bois\u00e9s de la <strong>presqu\u2019\u00eele Protissol<\/strong> apportent une fra\u00eecheur bienvenue \u00e0 l\u2019ombre des pins maritimes. C\u2019est simple : tout y semble fig\u00e9 dans le temps, comme si la M\u00e9diterran\u00e9e nous offrait une pause hors du monde.<\/p>\n<p>    Criques du Cap N\u00e8gre : l\u2019ivresse de la rade sans la foule <\/p>\n<p>\u00c0 l\u2019oppos\u00e9, sur la fa\u00e7ade ouest de Toulon, le <strong>Cap N\u00e8gre<\/strong> d\u00e9voile ses criques secr\u00e8tes tr\u00e8s pris\u00e9es des habitu\u00e9s\u2026 qui pr\u00e9f\u00e8rent bien souvent garder le silence sur cette adresse. Et pour cause : ces petites criques, enclav\u00e9es entre les falaises et la garrigue, offrent une vue panoramique prodigieuse sur la rade de Toulon, mais sans l\u2019effervescence qui accompagne fr\u00e9quemment les plages plus accessibles. <strong>La nature ici est encore plus brute<\/strong>. En descendant les chemins sinueux menant aux criques, le visiteur longe des paysages arides o\u00f9 s\u2019alternent roches, herbes s\u00e8ches et senteurs de thym sauvage. En contrebas, les criques apparaissent comme des oasis discr\u00e8tes, parfois de quelques m\u00e8tres seulement, isol\u00e9es dans la roche et baign\u00e9es d\u2019une eau translucide.<\/p>\n<p>Ces criques sont difficilement accessibles : il faut marcher t\u00f4t le matin ou conna\u00eetre les bons acc\u00e8s par la mer. Mais cette contrainte est en r\u00e9alit\u00e9 une b\u00e9n\u00e9diction. Elle garantit <strong>une tranquillit\u00e9 rare m\u00eame en plein \u00e9t\u00e9<\/strong>. On n&rsquo;y croise le plus souvent que quelques amateurs de snorkeling ou de lecture solitaire, heureux de savourer ce luxe d\u2019\u00eatre seul face \u00e0 la mer. Depuis certaines de ces criques, le regard porte <a href=\"https:\/\/www.lejournaldelamaison.fr\/actualite\/15-lieux-manquer-pour-decouvrir-toute-richesse-cote-dazur-514718.html\" rel=\"nofollow noopener\" target=\"_blank\">jusqu\u2019aux \u00eeles d\u2019Hy\u00e8res ou au Mont Faron<\/a>. C\u2019est un lieu pour les contemplatifs, les amoureux de la belle lumi\u00e8re, ceux qui savent qu\u2019on peut passer une journ\u00e9e enti\u00e8re \u00e0 regarder le soleil glisser lentement sur l\u2019eau.<\/p>\n<blockquote class=\"instagram-media \" style=\"background: #ffffff;border: 0;margin: 1px;width: 100%;padding: 0;max-width: 500px;\" data-instgrm-permalink=\"https:\/\/www.instagram.com\/p\/BJusd9rj9FP\/\" data-instgrm-version=\"14\"\/><p>    Plage des Engraviers \u00e0 Bandol : galets turquoise et silence absolu <\/p>\n<p>Cap \u00e0 l\u2019ouest de Toulon, <strong>du c\u00f4t\u00e9 de Bandol<\/strong>. \u00c0 20 kilom\u00e8tres \u00e0 peine du centre-ville, la <strong>Plage des Engraviers<\/strong> \u00e9voque une carte postale vivante qu\u2019on croyait perdue. Envelopp\u00e9e dans un d\u00e9cor spectaculaire, elle combine les teintes min\u00e9rales des galets, les d\u00e9grad\u00e9s turquoise de la mer et la verdeur des pins parasols qui bordent le sentier. Contrairement aux plages touristiques accessibles en voiture et envahies d\u00e8s les premi\u00e8res heures, celle-ci demande un peu plus d&rsquo;investissement personnel. <strong>Une marche d\u2019environ 15 minutes est n\u00e9cessaire pour y acc\u00e9der<\/strong>. Et c\u2019est ce qui change tout. Cette distance modeste trie naturellement les visiteurs : pas de familles bruyantes en convoi, pas de groupes de f\u00eatards, mais plut\u00f4t des promeneurs \u00e0 la recherche d\u2019<strong>authenticit\u00e9<\/strong>.<\/p>\n<p>Une fois sur place, la magie op\u00e8re imm\u00e9diatement. Ici, on n\u2019entend rien d\u2019autre que le ressac et le vent dans les feuillages. On peut <strong>se d\u00e9lasser dans l\u2019eau pure<\/strong> ou s\u2019allonger sur les galets aux nuances ocres, grises et ros\u00e9es, \u00e0 l\u2019ombre diffuse des pins. La Plage des Engraviers, c\u2019est la d\u00e9finition parfaite d\u2019une <a href=\"https:\/\/www.maison-travaux.fr\/actualites\/plage-la-plus-propre-france-2025-591868.html\" rel=\"nofollow noopener\" target=\"_blank\">plage m\u00e9diterran\u00e9enne prot\u00e9g\u00e9e<\/a>, o\u00f9 l\u2019on vit au rythme du soleil. C\u2019est aussi un lieu id\u00e9al pour d\u00e9crocher, faire le vide, et se reconnecter avec les sens. L\u2019air y est charg\u00e9 d\u2019odeurs de r\u00e9sine, la lumi\u00e8re y est plus douce, les sons plus feutr\u00e9s. Et quand vient le moment de repartir, on ressent d\u00e9j\u00e0 <strong>l&rsquo;envie irr\u00e9pressible de revenir<\/strong>.<\/p>\n<p>                <script async src=\"\/\/www.instagram.com\/embed.js\"><\/script><\/p>\n","protected":false},"excerpt":{"rendered":"Et si le vrai luxe, c\u00a0\u00bb\u00e9tait de ne rien entendre d\u2019autre que le clapotis de l\u2019eau et le&hellip;\n","protected":false},"author":2,"featured_media":300707,"comment_status":"","ping_status":"","sticky":false,"template":"","format":"standard","meta":{"footnotes":""},"categories":[9619],"tags":[1111,11,1777,674,1011,27,12,882,25,2310],"class_list":{"0":"post-300706","1":"post","2":"type-post","3":"status-publish","4":"format-standard","5":"has-post-thumbnail","7":"category-toulon","8":"tag-actu","9":"tag-actualites","10":"tag-eu","11":"tag-europe","12":"tag-fr","13":"tag-france","14":"tag-news","15":"tag-provence-alpes-cote-dazur","16":"tag-republique-francaise","17":"tag-toulon"},"share_on_mastodon":{"url":"https:\/\/pubeurope.com\/@fr\/114982638342697521","error":""},"_links":{"self":[{"href":"https:\/\/www.europesays.com\/fr\/wp-json\/wp\/v2\/posts\/300706","targetHints":{"allow":["GET"]}}],"collection":[{"href":"https:\/\/www.europesays.com\/fr\/wp-json\/wp\/v2\/posts"}],"about":[{"href":"https:\/\/www.europesays.com\/fr\/wp-json\/wp\/v2\/types\/post"}],"author":[{"embeddable":true,"href":"https:\/\/www.europesays.com\/fr\/wp-json\/wp\/v2\/users\/2"}],"replies":[{"embeddable":true,"href":"https:\/\/www.europesays.com\/fr\/wp-json\/wp\/v2\/comments?post=300706"}],"version-history":[{"count":0,"href":"https:\/\/www.europesays.com\/fr\/wp-json\/wp\/v2\/posts\/300706\/revisions"}],"wp:featuredmedia":[{"embeddable":true,"href":"https:\/\/www.europesays.com\/fr\/wp-json\/wp\/v2\/media\/300707"}],"wp:attachment":[{"href":"https:\/\/www.europesays.com\/fr\/wp-json\/wp\/v2\/media?parent=300706"}],"wp:term":[{"taxonomy":"category","embeddable":true,"href":"https:\/\/www.europesays.com\/fr\/wp-json\/wp\/v2\/categories?post=300706"},{"taxonomy":"post_tag","embeddable":true,"href":"https:\/\/www.europesays.com\/fr\/wp-json\/wp\/v2\/tags?post=300706"}],"curies":[{"name":"wp","href":"https:\/\/api.w.org\/{rel}","templated":true}]}}