{"id":300708,"date":"2025-08-06T15:56:16","date_gmt":"2025-08-06T15:56:16","guid":{"rendered":"https:\/\/www.europesays.com\/fr\/300708\/"},"modified":"2025-08-06T15:56:16","modified_gmt":"2025-08-06T15:56:16","slug":"mathis-ferte-declare-sa-flamme-au-rct-gamin-javais-meme-appris-le-pilou-pilou","status":"publish","type":"post","link":"https:\/\/www.europesays.com\/fr\/300708\/","title":{"rendered":"Mathis Fert\u00e9 d\u00e9clare sa flamme au RCT : \u00ab\u00a0Gamin, j\u2019avais m\u00eame appris le Pilou-Pilou\u00a0!\u00a0\u00bb"},"content":{"rendered":"<p>\u00c0 22 ans, Mathis Ferte a quitt\u00e9 Brive pour rejoindre Toulon cet \u00e9t\u00e9. Sept saisons chez les Coujous derri\u00e8re lui, une nouvelle aventure sur la Rade devant.<\/p>\n<p>L\u2019ancien ailier Briviste s\u2019est confi\u00e9 longuement \u00e0 <a href=\"https:\/\/www.rugbyrama.fr\/2025\/08\/06\/top-14-mathis-ferte-au-rct-gamin-javais-appris-par-coeur-le-pilou-pilou-12862968.php\" rel=\"nofollow noopener\" target=\"_blank\">Midi Olympique<\/a> sur ce virage dans sa jeune carri\u00e8re.<\/p>\n<p><strong>Mathis Ferte confie que Toulon l\u2019a toujours fait r\u00eaver, bien avant le professionnalisme. Extrait :<\/strong><\/p>\n<p>\u00abJ\u2019ai vraiment \u00e9cout\u00e9 mon feeling. J\u2019ai su rapidement que j\u2019avais envie d\u2019aller \u00e0 Toulon. C\u2019\u00e9tait naturel. Puis, Toulon, c\u2019est un club que j\u2019ai toujours regard\u00e9 \u00e0 la t\u00e9l\u00e9vision. Quand j\u2019\u00e9tais petit, j\u2019avais m\u00eame des maillots de Toulon (rires) et j\u2019ai quelques anecdotes. \u00bb<\/p>\n<p><strong>Des souvenirs vivaces, forg\u00e9s dans les vacances en famille. Extrait :<\/strong><\/p>\n<p>\u00ab Petit, avec ma famille, je suis venu quelques fois voir des matchs lorsqu\u2019on partait en vacances en Corse avec mes parents, ma marraine, et les meilleurs amis de mes parents. Mon grand fr\u00e8re \u00e9tait pour Toulouse, tout comme\u00a0son copain. Et moi, avec le fils de ma marraine, on \u00e9tait pour Toulon (rires). Quand on faisait des deux contre deux, apr\u00e8s ces vacances, j\u2019\u00e9tais donc un joueur de Toulon dans le jardin (sourire) et je jouais contre Toulouse\u00a0! C\u2019est fou. Quand on gagnait, on chantait comme les supporters de Mayol. Gamin, j\u2019avais m\u00eame appris le Pilou-Pilou\u00a0! Je le criais partout dans la maison. Donc, voil\u00e0, ma famille ne sera pas d\u00e9pays\u00e9e. Je peux vous dire que tout le monde a bascul\u00e9 sur Toulon et le RCT. Ils vont nous supporter.\u00bb<\/p>\n","protected":false},"excerpt":{"rendered":"\u00c0 22 ans, Mathis Ferte a quitt\u00e9 Brive pour rejoindre Toulon cet \u00e9t\u00e9. Sept saisons chez les Coujous&hellip;\n","protected":false},"author":2,"featured_media":300709,"comment_status":"","ping_status":"","sticky":false,"template":"","format":"standard","meta":{"footnotes":""},"categories":[9619],"tags":[1111,11,1777,674,1011,27,12,882,25,2310],"class_list":{"0":"post-300708","1":"post","2":"type-post","3":"status-publish","4":"format-standard","5":"has-post-thumbnail","7":"category-toulon","8":"tag-actu","9":"tag-actualites","10":"tag-eu","11":"tag-europe","12":"tag-fr","13":"tag-france","14":"tag-news","15":"tag-provence-alpes-cote-dazur","16":"tag-republique-francaise","17":"tag-toulon"},"share_on_mastodon":{"url":"https:\/\/pubeurope.com\/@fr\/114982642184890883","error":""},"_links":{"self":[{"href":"https:\/\/www.europesays.com\/fr\/wp-json\/wp\/v2\/posts\/300708","targetHints":{"allow":["GET"]}}],"collection":[{"href":"https:\/\/www.europesays.com\/fr\/wp-json\/wp\/v2\/posts"}],"about":[{"href":"https:\/\/www.europesays.com\/fr\/wp-json\/wp\/v2\/types\/post"}],"author":[{"embeddable":true,"href":"https:\/\/www.europesays.com\/fr\/wp-json\/wp\/v2\/users\/2"}],"replies":[{"embeddable":true,"href":"https:\/\/www.europesays.com\/fr\/wp-json\/wp\/v2\/comments?post=300708"}],"version-history":[{"count":0,"href":"https:\/\/www.europesays.com\/fr\/wp-json\/wp\/v2\/posts\/300708\/revisions"}],"wp:featuredmedia":[{"embeddable":true,"href":"https:\/\/www.europesays.com\/fr\/wp-json\/wp\/v2\/media\/300709"}],"wp:attachment":[{"href":"https:\/\/www.europesays.com\/fr\/wp-json\/wp\/v2\/media?parent=300708"}],"wp:term":[{"taxonomy":"category","embeddable":true,"href":"https:\/\/www.europesays.com\/fr\/wp-json\/wp\/v2\/categories?post=300708"},{"taxonomy":"post_tag","embeddable":true,"href":"https:\/\/www.europesays.com\/fr\/wp-json\/wp\/v2\/tags?post=300708"}],"curies":[{"name":"wp","href":"https:\/\/api.w.org\/{rel}","templated":true}]}}