{"id":300714,"date":"2025-08-06T16:03:17","date_gmt":"2025-08-06T16:03:17","guid":{"rendered":"https:\/\/www.europesays.com\/fr\/300714\/"},"modified":"2025-08-06T16:03:17","modified_gmt":"2025-08-06T16:03:17","slug":"des-perturbations-de-la-circulation-a-prevoir","status":"publish","type":"post","link":"https:\/\/www.europesays.com\/fr\/300714\/","title":{"rendered":"des perturbations de la circulation \u00e0 pr\u00e9voir"},"content":{"rendered":"<p>Dans le cadre du projet d\u2019am\u00e9lioration de la ligne C1, Grenoble Alpes m\u00e9tropole va poursuivre les travaux de r\u00e9am\u00e9nagement des avenues du Vercors et du Granier. Ainsi, des perturbations de la circulation sont \u00e0 pr\u00e9voir. En effet, apr\u00e8s le r\u00e9am\u00e9nagement du carrefour Taillefer\/Granier, et en parall\u00e8le de la cr\u00e9ation de la nouvelle voie au Monari\u00e9, le projet de C1 +\u00a0se poursuit avec une nouvelle phase de travaux qui se concentre depuis juin sur l\u2019avenue du Vercors.<\/p>\n<p>Les travaux concernent la fusion des arr\u00eats de bus Piscine des Buclos et Meylan mairie avec la cr\u00e9ation d\u2019un nouvel arr\u00eat Meylan mairie (\u00e0 proximit\u00e9 de l\u2019all\u00e9e de la Piat), la v\u00e9g\u00e9talisation des arr\u00eats supprim\u00e9s (Piscine des Buclos et actuel Meylan mairie), le retrait de la chaufferie provisoire (avenue du Granier) devant l\u2019Arboretum avec la cr\u00e9ation d\u2019une rampe PMR (Personnes \u00e0 mobilit\u00e9 r\u00e9duite) pour rejoindre l\u2019arr\u00eat de bus, et la s\u00e9curisation des travers\u00e9es pi\u00e9tonnes. Ces interventions vont donc temporairement impacter la circulation.<\/p>\n<p>Jusqu\u2019au samedi 23\u00a0ao\u00fbt, la route est mise en sens unique, dans le sens Grenoble vers Montbonnot. Les v\u00e9hicules empruntant le sens inverse seront d\u00e9vi\u00e9s par l\u2019avenue du Taillefer, l\u2019avenue de Verdun puis l\u2019all\u00e9e de la Facult\u00e9.<\/p>\n","protected":false},"excerpt":{"rendered":"Dans le cadre du projet d\u2019am\u00e9lioration de la ligne C1, Grenoble Alpes m\u00e9tropole va poursuivre les travaux de&hellip;\n","protected":false},"author":2,"featured_media":300715,"comment_status":"","ping_status":"","sticky":false,"template":"","format":"standard","meta":{"footnotes":""},"categories":[9566],"tags":[1111,11,2430,4749,3542,33,112,1777,674,1011,27,2731,9597,9598,12,25,2803],"class_list":{"0":"post-300714","1":"post","2":"type-post","3":"status-publish","4":"format-standard","5":"has-post-thumbnail","7":"category-grenoble","8":"tag-actu","9":"tag-actualites","10":"tag-auvergne-rhone-alpes","11":"tag-btp-et-chantiers","12":"tag-circulation","13":"tag-economie","14":"tag-edition-grenoble-agglomeration","15":"tag-eu","16":"tag-europe","17":"tag-fr","18":"tag-france","19":"tag-grenoble","20":"tag-meylan","21":"tag-meylan-et-autour","22":"tag-news","23":"tag-republique-francaise","24":"tag-transport"},"share_on_mastodon":{"url":"https:\/\/pubeurope.com\/@fr\/114982669862462126","error":""},"_links":{"self":[{"href":"https:\/\/www.europesays.com\/fr\/wp-json\/wp\/v2\/posts\/300714","targetHints":{"allow":["GET"]}}],"collection":[{"href":"https:\/\/www.europesays.com\/fr\/wp-json\/wp\/v2\/posts"}],"about":[{"href":"https:\/\/www.europesays.com\/fr\/wp-json\/wp\/v2\/types\/post"}],"author":[{"embeddable":true,"href":"https:\/\/www.europesays.com\/fr\/wp-json\/wp\/v2\/users\/2"}],"replies":[{"embeddable":true,"href":"https:\/\/www.europesays.com\/fr\/wp-json\/wp\/v2\/comments?post=300714"}],"version-history":[{"count":0,"href":"https:\/\/www.europesays.com\/fr\/wp-json\/wp\/v2\/posts\/300714\/revisions"}],"wp:featuredmedia":[{"embeddable":true,"href":"https:\/\/www.europesays.com\/fr\/wp-json\/wp\/v2\/media\/300715"}],"wp:attachment":[{"href":"https:\/\/www.europesays.com\/fr\/wp-json\/wp\/v2\/media?parent=300714"}],"wp:term":[{"taxonomy":"category","embeddable":true,"href":"https:\/\/www.europesays.com\/fr\/wp-json\/wp\/v2\/categories?post=300714"},{"taxonomy":"post_tag","embeddable":true,"href":"https:\/\/www.europesays.com\/fr\/wp-json\/wp\/v2\/tags?post=300714"}],"curies":[{"name":"wp","href":"https:\/\/api.w.org\/{rel}","templated":true}]}}