{"id":300716,"date":"2025-08-06T16:04:12","date_gmt":"2025-08-06T16:04:12","guid":{"rendered":"https:\/\/www.europesays.com\/fr\/300716\/"},"modified":"2025-08-06T16:04:12","modified_gmt":"2025-08-06T16:04:12","slug":"pres-de-grenoble-deja-quatre-noyades-mortelles-cet-ete-les-indicateurs-sont-inquietants","status":"publish","type":"post","link":"https:\/\/www.europesays.com\/fr\/300716\/","title":{"rendered":"Pr\u00e8s de Grenoble. D\u00e9j\u00e0 quatre noyades mortelles cet \u00e9t\u00e9 : \u00ab\u00a0Les indicateurs sont inqui\u00e9tants\u00a0\u00bb"},"content":{"rendered":"<p>            Par<br \/>\n        <strong><br \/>\n            <a href=\"https:\/\/actu.fr\/auteur\/lisa-rodrigues\" title=\"Consulter tous les articles de Lisa Rodrigues\" rel=\"nofollow noopener\" target=\"_blank\">Lisa Rodrigues<\/a><br \/>\n        <\/strong><\/p>\n<p>        Publi\u00e9 le<\/p>\n<p>            6 ao\u00fbt 2025 \u00e0 17h19        <\/p>\n<p>Le constat est sans appel : le nombre de <strong>noyades<\/strong> signal\u00e9es en <a href=\"https:\/\/actu.fr\/auvergne-rhone-alpes\/isere_38\" rel=\"nofollow noopener\" target=\"_blank\">Is\u00e8re<\/a> lors de cette saison 2025 est affolant. \u00ab\u00a0Les indicateurs sont inqui\u00e9tants\u00a0\u00bb, confirme Richard-Daniel Boisson, sous-pr\u00e9fet de La Tour-du-Pin, lors d\u2019une conf\u00e9rence de presse sur le sujet \u00e0 Charavines, au bord du lac de Paladru.<br \/>Un site de baignade pris\u00e9 qui a \u00e9t\u00e9 le th\u00e9\u00e2tre, en juin dernier en <a href=\"https:\/\/actu.fr\/meteo\/un-episode-assez-inquietant-canicule-redoutee-cette-semaine-10-jours-de-fortes-chaleurs-les-previsions_62998512.html\" rel=\"nofollow noopener\" target=\"_blank\">pleine p\u00e9riode de canicule<\/a>, de deux noyades dont une mortelle, alors qu\u2019une large partie du lac est interdit \u00e0 la baignade. \u00ab\u00a0Depuis le d\u00e9but de la saison estivale, nous avons eu <strong>cinq noyades<\/strong> sur le d\u00e9partement, <strong>dont quatre mortelles<\/strong>, rappelle le sous-pr\u00e9fet. C\u2019est plus qu\u2019au cours de tout l\u2019\u00e9t\u00e9 2024.\u00a0\u00bb Et la saison 2025 n\u2019est pas termin\u00e9e\u2026<\/p>\n<p>Les consignes \u00e0 respecter<\/p>\n<p class=\" wall-content\">Car comme d\u2019autres <a href=\"https:\/\/actu.fr\/auvergne-rhone-alpes\/grenoble_38185\/canicule-en-isere-voici-5-lieux-ou-se-baigner-gratuitement-pres-de-grenoble_62830944.html\" rel=\"nofollow noopener\" target=\"_blank\">zones de baignade<\/a> dites sauvages, le lac de Paladru est sujet \u00e0 des dangers : variation de courant, diff\u00e9rence de temp\u00e9rature (jusqu\u2019\u00e0 une dizaine de degr\u00e9s d\u2019\u00e9cart entre la surface de l\u2019eau et les profondeurs), des fonds parfois instables avec jusqu\u2019\u00e0 33m de profondeur\u2026<\/p>\n<p class=\" wall-content\">Avec les <a href=\"https:\/\/actu.fr\/auvergne-rhone-alpes\/grenoble_38185\/meteo-la-canicule-annoncee-cette-semaine-a-grenoble-vers-des-temperatures-accablantes_63003814.html\" rel=\"nofollow noopener\" target=\"_blank\">fortes chaleurs<\/a> attendues dans les jours \u00e0 venir, les collectivit\u00e9s et services de secours rappellent les <strong>r\u00e8gles \u00e0 respecter<\/strong> pour limiter les risques de noyade : ne pas se baigner seul ou dans un \u00e9tat alcoolis\u00e9, garder un \u0153il sur les personnes vuln\u00e9rables (notamment les enfants), ne pas surestimer ses capacit\u00e9s\u2026 \u00ab\u00a0Chaque usager est le premier acteur de sa s\u00e9curit\u00e9\u00a0\u00bb, mart\u00e8le le sous-pr\u00e9fet.<\/p>\n<p>    <img   decoding=\"async\" loading=\"lazy\" src=\"https:\/\/www.europesays.com\/fr\/wp-content\/uploads\/2025\/08\/plage-charavines-paladru-6-960x640.jpg\" alt=\"La plage municipale de Charavines sur le lac de Paladru, est la seule plage surveill\u00e9e gratuite des environs. Elle est aussi la plus fr\u00e9quent\u00e9e.\" width=\"960\" height=\"640\"\/><br \/>\n    La plage municipale de Charavines sur le lac de Paladru, est la seule plage surveill\u00e9e gratuite des environs. Elle est aussi la plus fr\u00e9quent\u00e9e. (\u00a9Lisa Rodrigues \/ actu Grenoble)<\/p>\n<p class=\" wall-content\">En cas de danger, le SDIS de l\u2019Is\u00e8re conseille <strong>d\u2019appeler directement le 112<\/strong>. Les \u00e9quipes de secours de proximit\u00e9 et, au besoin, les plongeurs vont ensuite op\u00e9rer entre 2 et 3 heures sur le terrain.<\/p>\n<p class=\" wall-content\">\u00ab\u00a0Au-del\u00e0, si la personne n\u2019a pas \u00e9t\u00e9 retrouv\u00e9e, ce n\u2019est plus une op\u00e9ration de sauvetage, pr\u00e9cise le capitaine Bruno Besora, du SDIS 38. Nous passons la main \u00e0 la gendarmerie [un poste saisonnier de 4 militaires est actif tout l\u2019\u00e9t\u00e9 autour du lac, NDLR], d\u00e9j\u00e0 pour s\u2019assurer qu\u2019il y a bien une personne disparue.\u00a0\u00bb Cela a notamment \u00e9t\u00e9 le cas r\u00e9cemment \u00e0 Paladru, lorsqu\u2019un paddle a \u00e9t\u00e9 retrouv\u00e9 d\u00e9rivant. \u00ab\u00a0Heureusement, il n\u2019y avait personne en situation de noyade.\u00a0\u00bb<\/p>\n<p>Un nombre de noyades en hausse cet \u00e9t\u00e9<\/p>\n<p>Si en Is\u00e8re, le nombre de noyades est en hausse cet \u00e9t\u00e9, la tendance est la m\u00eame au niveau national.<br \/>Selon la sous-pr\u00e9fecture de La Tour-du-Pin, entre le 1er juin et le 31 juillet 2025, 702 noyades ont \u00e9t\u00e9 recens\u00e9es en France (contre 468 en 2024) pour 193 d\u00e9c\u00e8s. Rien que pendant la canicule de fin juin et d\u00e9but juillet 2025, on a d\u00e9plor\u00e9 315 noyades dont 86 mortelles. <br \/>56% des victimes de noyades sont adultes et 29% sont \u00e2g\u00e9es de moins de 6 ans.<\/p>\n<p>\u00ab\u00a0On est oblig\u00e9 de r\u00e9partir nos moyens\u00a0\u00bb<\/p>\n<p class=\" wall-content\">Du c\u00f4t\u00e9 des communes, on tente aussi d\u2019agir contre les <a href=\"https:\/\/actu.fr\/auvergne-rhone-alpes\/charavines_38082\/isere-canicule-sur-cette-plage-prisee-comment-la-mairie-limite-les-risques-de-noyade_62802098.html\" rel=\"nofollow noopener\" target=\"_blank\">risques de noyade<\/a> face \u00e0 une fr\u00e9quentation en hausse en \u00e9t\u00e9.<\/p>\n<blockquote class=\"ac-article-quote wall-content\">\n<p>Le lac de Paladru est \u00e0 la fois un lieu de destination touristique de grand rayonnement et une zone de baignade de proximit\u00e9 de toutes les agglom\u00e9rations voisines.<\/p>\n<p>    <strong>Bruno Guillaud-Bataille<\/strong><br \/>\n        Maire de Charavines.    <\/p><\/blockquote>\n<p class=\" wall-content\">La commune de <a href=\"https:\/\/actu.fr\/auvergne-rhone-alpes\/charavines_38082\" rel=\"nofollow noopener\" target=\"_blank\">Charavines<\/a> a ainsi mis en place depuis 2020 des agents d\u2019accueil, la \u00ab\u00a0brigade orange\u00a0\u00bb, qui assurent la pr\u00e9vention sur terre et dans l\u2019eau, et la m\u00e9diation sur la plage. Une mesure qui co\u00fbte chaque ann\u00e9e environ <strong>25 000 euros<\/strong> \u00e0 la municipalit\u00e9.<\/p>\n<p>    <img   decoding=\"async\" loading=\"lazy\" src=\"https:\/\/www.europesays.com\/fr\/wp-content\/uploads\/2025\/08\/noyades-paladru-charavines-6-960x640.jpg\" alt=\"La mairie de Charavines a cr\u00e9\u00e9 en 2020 une \" width=\"960\" height=\"640\"\/><br \/>\n    La mairie de Charavines a cr\u00e9\u00e9 en 2020 une \u00ab\u00a0brigade orange\u00a0\u00bb, des agents d\u2019accueil sur sa place municipale, qui assure des missions de pr\u00e9vention et de m\u00e9diation aupr\u00e8s des baigneurs. (\u00a9Lisa Rodrigues \/ actu Grenoble)<\/p>\n<p class=\" wall-content\">\u00c0 c\u00f4t\u00e9, il y a les <strong>ma\u00eetres-nageurs<\/strong> pr\u00e9sents uniquement les week-ends et mercredis, faute de budget suffisant. \u00ab\u00a0On est oblig\u00e9 de r\u00e9partir nos moyens : on ne peut pas garantir une \u00e9quipe de ma\u00eetres-nageurs en plus de ce qu\u2019on met en place, souffle Bruno Guillaud-Bataille. On a un accord avec le Pays Voironnais qui nous alloue un budget d\u2019environ 7 000 euros pour recruter des ma\u00eetres-nageurs.\u00a0\u00bb<\/p>\n<p class=\" wall-content\">Et \u00e7a, c\u2019est quand la commune <a href=\"https:\/\/actu.fr\/societe\/en-plein-ete-les-bassins-tres-frequentes-manquent-de-maitres-nageurs_53101429.html\" rel=\"nofollow noopener\" target=\"_blank\">r\u00e9ussit \u00e0 en recruter<\/a>. \u00ab\u00a0Cette ann\u00e9e, il nous a fallu trois ma\u00eetres-nageurs pour couvrir les deux mois d\u2019\u00e9t\u00e9. Le dernier, on l\u2019a recrut\u00e9 \u00e0 J-2 !\u00a0\u00bb<\/p>\n<p class=\" wall-content\">Suivez toute l\u2019actualit\u00e9 de vos villes et m\u00e9dias favoris en vous inscrivant \u00e0 <a href=\"https:\/\/moncompte.actu.fr\" title=\"D\u00e9couvez Mon Actu\" rel=\"nofollow noopener\" data-trk=\"{&quot;cta&quot;:{&quot;action&quot;:&quot;https:\\\/\\\/moncompte.actu.fr&quot;,&quot;category&quot;:&quot;mon compte&quot;,&quot;from&quot;:&quot;article footer&quot;,&quot;name&quot;:&quot;Mon actu&quot;,&quot;type&quot;:&quot;cta&quot;}}\" target=\"_blank\">Mon Actu<\/a>.<\/p>\n","protected":false},"excerpt":{"rendered":"Par Lisa Rodrigues Publi\u00e9 le 6 ao\u00fbt 2025 \u00e0 17h19 Le constat est sans appel : le nombre&hellip;\n","protected":false},"author":2,"featured_media":300717,"comment_status":"","ping_status":"","sticky":false,"template":"","format":"standard","meta":{"footnotes":""},"categories":[9566],"tags":[119,1111,11,2430,1777,674,1011,27,2731,12,1311,25,104,602],"class_list":{"0":"post-300716","1":"post","2":"type-post","3":"status-publish","4":"format-standard","5":"has-post-thumbnail","7":"category-grenoble","8":"tag-accident","9":"tag-actu","10":"tag-actualites","11":"tag-auvergne-rhone-alpes","12":"tag-eu","13":"tag-europe","14":"tag-fr","15":"tag-france","16":"tag-grenoble","17":"tag-news","18":"tag-pompiers","19":"tag-republique-francaise","20":"tag-societe","21":"tag-tourisme"},"share_on_mastodon":{"url":"https:\/\/pubeurope.com\/@fr\/114982673757749287","error":""},"_links":{"self":[{"href":"https:\/\/www.europesays.com\/fr\/wp-json\/wp\/v2\/posts\/300716","targetHints":{"allow":["GET"]}}],"collection":[{"href":"https:\/\/www.europesays.com\/fr\/wp-json\/wp\/v2\/posts"}],"about":[{"href":"https:\/\/www.europesays.com\/fr\/wp-json\/wp\/v2\/types\/post"}],"author":[{"embeddable":true,"href":"https:\/\/www.europesays.com\/fr\/wp-json\/wp\/v2\/users\/2"}],"replies":[{"embeddable":true,"href":"https:\/\/www.europesays.com\/fr\/wp-json\/wp\/v2\/comments?post=300716"}],"version-history":[{"count":0,"href":"https:\/\/www.europesays.com\/fr\/wp-json\/wp\/v2\/posts\/300716\/revisions"}],"wp:featuredmedia":[{"embeddable":true,"href":"https:\/\/www.europesays.com\/fr\/wp-json\/wp\/v2\/media\/300717"}],"wp:attachment":[{"href":"https:\/\/www.europesays.com\/fr\/wp-json\/wp\/v2\/media?parent=300716"}],"wp:term":[{"taxonomy":"category","embeddable":true,"href":"https:\/\/www.europesays.com\/fr\/wp-json\/wp\/v2\/categories?post=300716"},{"taxonomy":"post_tag","embeddable":true,"href":"https:\/\/www.europesays.com\/fr\/wp-json\/wp\/v2\/tags?post=300716"}],"curies":[{"name":"wp","href":"https:\/\/api.w.org\/{rel}","templated":true}]}}