{"id":300718,"date":"2025-08-06T16:05:09","date_gmt":"2025-08-06T16:05:09","guid":{"rendered":"https:\/\/www.europesays.com\/fr\/300718\/"},"modified":"2025-08-06T16:05:09","modified_gmt":"2025-08-06T16:05:09","slug":"interview-cette-agricultrice-pres-de-rennes-est-lune-des-candidates-de-99-a-battre-un-nouveau-jeu-tele-sur-m6","status":"publish","type":"post","link":"https:\/\/www.europesays.com\/fr\/300718\/","title":{"rendered":"Interview. Cette agricultrice pr\u00e8s de Rennes est l&rsquo;une des candidates de \u00ab\u00a099 \u00e0 battre\u00a0\u00bb, un nouveau jeu t\u00e9l\u00e9 sur M6"},"content":{"rendered":"<p>            Par<br \/>\n        <strong><br \/>\n            <a href=\"https:\/\/actu.fr\/auteur\/brian-legoff\" title=\"Consulter tous les articles de Brian Le Goff\" rel=\"nofollow noopener\" target=\"_blank\">Brian Le Goff<\/a><br \/>\n        <\/strong><\/p>\n<p>        Publi\u00e9 le<\/p>\n<p>            6 ao\u00fbt 2025 \u00e0 17h40        <\/p>\n<p><strong>\u00ab\u2009100 candidats, 1 seul gagnant, 100\u2009000\u00a0euros \u00e0 la cl\u00e9.\u2009\u00bb<\/strong> C\u2019est en ces quelques mots que l\u2019on peut r\u00e9sumer le tout nouveau jeu t\u00e9l\u00e9vis\u00e9 de M6, 99 \u00e0 battre, auquel <strong>Marjolaine<\/strong> a pris part. <strong>Habitante de Talensac, <\/strong>\u00e0 l\u2019ouest de Rennes, cette <strong>agricultrice de 33\u00a0ans<\/strong>\u00a0\u00e9tait candidate pour la premi\u00e8re fois \u00e0 la t\u00e9l\u00e9. Pour <a href=\"https:\/\/actu.fr\/rennes\/\" rel=\"nofollow noopener\" target=\"_blank\">actu Rennes<\/a>, elle revient sur son parcours dans \u00ab\u2009le jeu le plus fou de France\u2009\u00bb o\u00f9 <strong>le mot d\u2019ordre est de ne jamais finir dernier<\/strong> au cours des nombreux d\u00e9fis pr\u00e9vus, comme faire voler un avion en papier le plus loin possible, construire un meuble en kit le plus rapidement ou m\u00eame enlever une chemise boutonn\u00e9e \u00e0 une main.<\/p>\n<p class=\"ac-article-content__question wall-content\"><strong class=\"color-primary\">Actu : <\/strong>Comment avez-vous candidat\u00e9 \u00e0 99 \u00e0 Battre ?<\/p>\n<p class=\" wall-content\"><strong class=\"color-primary\">Marjolaine : <\/strong>\u00c7a s&rsquo;est fait par pur hasard. C&rsquo;\u00e9tait l&rsquo;\u00e9t\u00e9 dernier, j&rsquo;\u00e9tais en vacances, puis je suis tomb\u00e9e un matin sur une annonce sur Facebook. Elle disait que la production recherchait des personnes qui exer\u00e7aient un m\u00e9tier artisanal comme des bouchers, fromagers, etc. Je suis \u00e0 la fois agricultrice, mais aussi fromag\u00e8re. Alors, je me suis dit : \u00ab\u00a0Tiens, \u00e7a doit \u00eatre une \u00e9mission sur les m\u00e9tiers d&rsquo;artisanat.\u00a0\u00bb Apr\u00e8s les premiers entretiens, j&rsquo;ai compris que ce n&rsquo;\u00e9tait pas tout \u00e0 fait \u00e7a (rires). Apr\u00e8s avoir pass\u00e9 ces entretiens, j&rsquo;ai eu la confirmation de ma participation en septembre 2024 et le tournage a eu lieu en octobre.<\/p>\n<p class=\"ac-article-content__question wall-content\">C&rsquo;est une aventure in\u00e9dite pour vous ?<\/p>\n<p class=\" wall-content\"><strong class=\"color-primary\">Marjolaine : <\/strong>C&rsquo;est la premi\u00e8re fois que je participe \u00e0 une \u00e9mission de t\u00e9l\u00e9vision. Puis, j&rsquo;ai vite compris pourquoi ils recherchaient des personnes avec un m\u00e9tier d&rsquo;artisanat parce qu&rsquo;il faut un esprit comp\u00e9titif, m\u00eame combatif, dans ce jeu t\u00e9l\u00e9vis\u00e9. On rencontre un ensemble de personnalit\u00e9s et on sort un peu de sa zone de confort.<\/p>\n<p class=\"ac-article-content__question wall-content\">Comment s&rsquo;est pass\u00e9 le tournage ?<\/p>\n<p class=\" wall-content\"><strong class=\"color-primary\">Marjolaine : <\/strong>Il a dur\u00e9 15 jours. Avant les diff\u00e9rentes \u00e9preuves, le producteur nous montrait comment il fallait s&rsquo;y prendre. Il y a beaucoup de jeux d&rsquo;adresse et sportifs. C&rsquo;\u00e9tait un peu stressant de se retrouver parmi 100 autres candidats. Moi, je d\u00e9couvre le monde de la t\u00e9l\u00e9 \u00e0 ce moment-l\u00e0. En tant qu&rsquo;agricultrice, mon quotidien est bien diff\u00e9rent. Je travaille 7 jours sur 7.<br \/>Mais l&rsquo;ambiance \u00e9tait g\u00e9niale malgr\u00e9 le grand nombre que nous \u00e9tions.<\/p>\n<p class=\"ac-article-content__question wall-content\">Que retenez-vous de cette participation ?<\/p>\n<p class=\" wall-content\"><strong class=\"color-primary\">Marjolaine : <\/strong>\u00c0 chaque d\u00e9fi, je me suis dit que j&rsquo;\u00e9tais capable de le faire. Au niveau culture g\u00e9n\u00e9rale, c&rsquo;\u00e9tait moins \u00e7a. Mais tout ce qui est manuel, logique, sportif, j&rsquo;adore.<br \/>Il y a un moment, sur un jeu d&rsquo;adresse, je voyais que tout le monde se levait, j&rsquo;ai cru \u00eatre derni\u00e8re, j&rsquo;ai paniqu\u00e9. Ensuite, \u00e0 chaque \u00e9preuve, j&rsquo;avais une petite appr\u00e9hension.<br \/>Apr\u00e8s le tournage, j&rsquo;ai eu une grosse remise en question. La ferme, c&rsquo;est mon quotidien. Je crois que j&rsquo;ai fait ce jeu t\u00e9l\u00e9vis\u00e9 au moment o\u00f9 il le fallait. J&rsquo;avais besoin de sortir voir autre chose. Depuis, mon \u00e9tat d&rsquo;esprit a chang\u00e9. Je suis plus positive aujourd&rsquo;hui. Et \u00e7a, c&rsquo;est gr\u00e2ce aux gens rencontr\u00e9s sur le tournage. On a pu se raconter nos vies et partager nos exp\u00e9riences et \u00e7a rassure de voir que l&rsquo;on vit tous les m\u00eames choses. Le premier jour, quand je suis partie de chez moi, j&rsquo;avais une conjonctivite. En fait, \u00e7a refl\u00e9tait clairement mon \u00e9tat d&rsquo;esprit. Quand je suis arriv\u00e9e au bus qui emmenait tous les candidats sur le lieu de tournage, j&rsquo;ai envoy\u00e9 un SMS \u00e0 mon mari en lui disant \u00ab\u00a0Qu&rsquo;est-ce que je fous l\u00e0\u00a0\u00bb. Je suis malgr\u00e9 tout mont\u00e9e dans le bus et j&rsquo;ai commenc\u00e9 \u00e0 discuter avec les autres personnes. J&rsquo;ai vite compris que l&rsquo;habit ne fait pas le moine.<\/p>\n<p class=\"ac-article-content__question wall-content\">Qu&rsquo;avez-vous dit \u00e0 vos proches justement quand vous avez su que vous participiez \u00e0 l&rsquo;aventure ?<\/p>\n<p class=\" wall-content\"><strong class=\"color-primary\">Marjolaine : <\/strong>J&rsquo;ai attendu une semaine apr\u00e8s avoir su que j&rsquo;allais passer les entretiens pour le dire \u00e0 mon mari. Il a appel\u00e9 sa s\u0153ur, elle n&rsquo;y croyait pas du tout. Elle lui a r\u00e9pondu : \u00ab\u00a0Tu me fais marcher.\u00a0\u00bb Personne ne me croyait. Aujourd&rsquo;hui, tout le monde me demande \u00ab\u00a0Et alors ?\u00a0\u00bb Je leur dis que c&rsquo;est une exp\u00e9rience \u00e0 vivre.<\/p>\n<p class=\"ac-article-content__question wall-content\">\u00c0 quelques jours de la diffusion du premier \u00e9pisode, jeudi 7 ao\u00fbt \u00e0 21h10 sur M6, vous \u00eates-vous vue \u00e0 l&rsquo;\u00e9cran ?<\/p>\n<p class=\" wall-content\"><strong class=\"color-primary\">Marjolaine : <\/strong>Je n&rsquo;ai rien vu \u00e0 part quelques photos et rapidement dans la derni\u00e8re bande-annonce. \u00c0 pr\u00e9sent, je me dis que je suis fi\u00e8re de moi. J&rsquo;esp\u00e8re que ce sera un petit tremplin pour mon activit\u00e9 de fromag\u00e8re \u00e0 la ferme de Broc\u00e9liande, \u00e0 Talensac, que je g\u00e8re avec mon mari et nos salari\u00e9s. Je veux pouvoir montrer ce que je fais au quotidien dans ma vie.<\/p>\n<p class=\" wall-content\">Suivez toute l\u2019actualit\u00e9 de vos villes et m\u00e9dias favoris en vous inscrivant \u00e0 <a href=\"https:\/\/moncompte.actu.fr\" title=\"D\u00e9couvez Mon Actu\" rel=\"nofollow noopener\" data-trk=\"{&quot;cta&quot;:{&quot;action&quot;:&quot;https:\\\/\\\/moncompte.actu.fr&quot;,&quot;category&quot;:&quot;mon compte&quot;,&quot;from&quot;:&quot;article footer&quot;,&quot;name&quot;:&quot;Mon actu&quot;,&quot;type&quot;:&quot;cta&quot;}}\" target=\"_blank\">Mon Actu<\/a>.<\/p>\n","protected":false},"excerpt":{"rendered":"Par Brian Le Goff Publi\u00e9 le 6 ao\u00fbt 2025 \u00e0 17h40 \u00ab\u2009100 candidats, 1 seul gagnant, 100\u2009000\u00a0euros \u00e0&hellip;\n","protected":false},"author":2,"featured_media":300719,"comment_status":"","ping_status":"","sticky":false,"template":"","format":"standard","meta":{"footnotes":""},"categories":[2821],"tags":[1111,11,829,1777,674,1011,27,1652,12,584,25,252],"class_list":{"0":"post-300718","1":"post","2":"type-post","3":"status-publish","4":"format-standard","5":"has-post-thumbnail","7":"category-rennes","8":"tag-actu","9":"tag-actualites","10":"tag-bretagne","11":"tag-eu","12":"tag-europe","13":"tag-fr","14":"tag-france","15":"tag-loisirs-culture","16":"tag-news","17":"tag-rennes","18":"tag-republique-francaise","19":"tag-television"},"share_on_mastodon":{"url":"https:\/\/pubeurope.com\/@fr\/114982677639134335","error":""},"_links":{"self":[{"href":"https:\/\/www.europesays.com\/fr\/wp-json\/wp\/v2\/posts\/300718","targetHints":{"allow":["GET"]}}],"collection":[{"href":"https:\/\/www.europesays.com\/fr\/wp-json\/wp\/v2\/posts"}],"about":[{"href":"https:\/\/www.europesays.com\/fr\/wp-json\/wp\/v2\/types\/post"}],"author":[{"embeddable":true,"href":"https:\/\/www.europesays.com\/fr\/wp-json\/wp\/v2\/users\/2"}],"replies":[{"embeddable":true,"href":"https:\/\/www.europesays.com\/fr\/wp-json\/wp\/v2\/comments?post=300718"}],"version-history":[{"count":0,"href":"https:\/\/www.europesays.com\/fr\/wp-json\/wp\/v2\/posts\/300718\/revisions"}],"wp:featuredmedia":[{"embeddable":true,"href":"https:\/\/www.europesays.com\/fr\/wp-json\/wp\/v2\/media\/300719"}],"wp:attachment":[{"href":"https:\/\/www.europesays.com\/fr\/wp-json\/wp\/v2\/media?parent=300718"}],"wp:term":[{"taxonomy":"category","embeddable":true,"href":"https:\/\/www.europesays.com\/fr\/wp-json\/wp\/v2\/categories?post=300718"},{"taxonomy":"post_tag","embeddable":true,"href":"https:\/\/www.europesays.com\/fr\/wp-json\/wp\/v2\/tags?post=300718"}],"curies":[{"name":"wp","href":"https:\/\/api.w.org\/{rel}","templated":true}]}}