{"id":300720,"date":"2025-08-06T16:06:37","date_gmt":"2025-08-06T16:06:37","guid":{"rendered":"https:\/\/www.europesays.com\/fr\/300720\/"},"modified":"2025-08-06T16:06:37","modified_gmt":"2025-08-06T16:06:37","slug":"pl-jeremy-jacquet-a-liverpool-rennes-resiste","status":"publish","type":"post","link":"https:\/\/www.europesays.com\/fr\/300720\/","title":{"rendered":"PL : J\u00e9r\u00e9my Jacquet \u00e0 Liverpool, Rennes r\u00e9siste"},"content":{"rendered":"<p><strong>Attraction majeure du Stade Rennais depuis la deuxi\u00e8me moiti\u00e9 de saison derni\u00e8re, J\u00e9r\u00e9my Jacquet s&rsquo;est attir\u00e9 les convoitises de plusieurs g\u00e9ants de Premier League. Apr\u00e8s Arsenal, c&rsquo;est au tour de Liverpool de prendre la temp\u00e9rature.<\/strong><\/p>\n<p>J\u00e9r\u00e9my Jacquet est ind\u00e9niablement la nouvelle sensation issue du centre de formation du <a href=\"https:\/\/www.foot01.com\/equipe\/rennes\/\" rel=\"nofollow noopener\" target=\"_blank\">Stade Rennais<\/a>. Une acad\u00e9mie qui a pris pour habitude de sortir des joueurs au potentiel dingue, lesquels sont r\u00e9guli\u00e8rement valoris\u00e9s par les entra\u00eeneurs de l&rsquo;\u00e9quipe professionnelle. Ce fut par exemple les cas d&rsquo;Eduardo Camavinga, Mathys Tel, D\u00e9sir\u00e9 Dou\u00e9, ou Lesley Ugochukwu, qui ont tous connu des trajectoires radieuses avant m\u00eame d&rsquo;avoir 20 ans. Force est de constater que Jacquet pourrait \u00eatre l&rsquo;un des leurs dans les semaines \u00e0 venir. Le d\u00e9fenseur central n\u00e9 en 2005, qui a d\u00e9j\u00e0 les deux pieds dans l&rsquo;\u00e9quipe premi\u00e8re rennaise, est aux portes d&rsquo;un transfert important vers la Premier League.<\/p>\n<p>Jacquet s&rsquo;attire la Premier League<\/p>\n<blockquote class=\"twitter-tweet\"><p>&#13;<\/p>\n<p lang=\"fr\" dir=\"ltr\">Arsenal et Rennes n\u00e9gocient un \u00e9tonnant transfert <a href=\"https:\/\/t.co\/y8ZpA9brFC\" rel=\"nofollow\">https:\/\/t.co\/y8ZpA9brFC<\/a><\/p>\n<p>&#13;<br \/>\n\u2014 Foot01.com (@Foot01_com) <a href=\"https:\/\/twitter.com\/Foot01_com\/status\/1951966841154273636?ref_src=twsrc%5Etfw\" rel=\"nofollow noopener\" target=\"_blank\">August 3, 2025<\/a><\/p><\/blockquote>\n<p>Ces derniers jours, des int\u00e9r\u00eats venus de clubs d&rsquo;outre-Manche pour J\u00e9r\u00e9my Jacquet \u00e9taient rapport\u00e9s par L&rsquo;Equipe, le quotidien sportif fran\u00e7ais allant m\u00eame jusqu&rsquo;\u00e0 citer Arsenal. Mais ce n&rsquo;est apparemment pas tout. Selon les informations de TBR Football, Liverpool aussi a manifest\u00e9 son int\u00e9r\u00eat pour la nouvelle star rennaise. Les Reds pr\u00e9parent sans aucun doute l&rsquo;avenir, \u00e0 l&rsquo;heure o\u00f9 les rumeurs faisant \u00e9tat d&rsquo;un d\u00e9part d&rsquo;Ibrahima Konat\u00e9 cet \u00e9t\u00e9 ou en 2026 continuent de faire rage. La concurrence ne s&rsquo;arr\u00eate d&rsquo;ailleurs pas l\u00e0 puisque Newcastle aussi a pris des renseignements.<\/p>\n<p>Toutefois, un point commun r\u00e9unit ces trois cadors anglais : tous ont re\u00e7u une r\u00e9ponse n\u00e9gative du Stade Rennais qui leur a fait savoir que J\u00e9r\u00e9my Jacquet n&rsquo;\u00e9tait pas \u00e0 vendre. Les dirigeants bretons savent certainement qu&rsquo;ils ont entre leurs mains un joueur qui peut exploser la saison prochaine et ainsi augmenter sa valeur marchande en vue d&rsquo;un futur march\u00e9 des transferts. Reste \u00e0 savoir si cela suffira pour d\u00e9tourner les regards de clubs richissimes comme Arsenal, Liverpool et Newcastle. En tout cas, pour le joueur, l&rsquo;avenir s&rsquo;annonce radieux.<\/p>\n<p>          <script async src=\"https:\/\/platform.twitter.com\/widgets.js\" charset=\"utf-8\"><\/script><\/p>\n","protected":false},"excerpt":{"rendered":"Attraction majeure du Stade Rennais depuis la deuxi\u00e8me moiti\u00e9 de saison derni\u00e8re, J\u00e9r\u00e9my Jacquet s&rsquo;est attir\u00e9 les convoitises&hellip;\n","protected":false},"author":2,"featured_media":300721,"comment_status":"","ping_status":"","sticky":false,"template":"","format":"standard","meta":{"footnotes":""},"categories":[2821],"tags":[1111,11,829,1777,674,1011,27,12,584,25],"class_list":{"0":"post-300720","1":"post","2":"type-post","3":"status-publish","4":"format-standard","5":"has-post-thumbnail","7":"category-rennes","8":"tag-actu","9":"tag-actualites","10":"tag-bretagne","11":"tag-eu","12":"tag-europe","13":"tag-fr","14":"tag-france","15":"tag-news","16":"tag-rennes","17":"tag-republique-francaise"},"share_on_mastodon":{"url":"https:\/\/pubeurope.com\/@fr\/114982681619603984","error":""},"_links":{"self":[{"href":"https:\/\/www.europesays.com\/fr\/wp-json\/wp\/v2\/posts\/300720","targetHints":{"allow":["GET"]}}],"collection":[{"href":"https:\/\/www.europesays.com\/fr\/wp-json\/wp\/v2\/posts"}],"about":[{"href":"https:\/\/www.europesays.com\/fr\/wp-json\/wp\/v2\/types\/post"}],"author":[{"embeddable":true,"href":"https:\/\/www.europesays.com\/fr\/wp-json\/wp\/v2\/users\/2"}],"replies":[{"embeddable":true,"href":"https:\/\/www.europesays.com\/fr\/wp-json\/wp\/v2\/comments?post=300720"}],"version-history":[{"count":0,"href":"https:\/\/www.europesays.com\/fr\/wp-json\/wp\/v2\/posts\/300720\/revisions"}],"wp:featuredmedia":[{"embeddable":true,"href":"https:\/\/www.europesays.com\/fr\/wp-json\/wp\/v2\/media\/300721"}],"wp:attachment":[{"href":"https:\/\/www.europesays.com\/fr\/wp-json\/wp\/v2\/media?parent=300720"}],"wp:term":[{"taxonomy":"category","embeddable":true,"href":"https:\/\/www.europesays.com\/fr\/wp-json\/wp\/v2\/categories?post=300720"},{"taxonomy":"post_tag","embeddable":true,"href":"https:\/\/www.europesays.com\/fr\/wp-json\/wp\/v2\/tags?post=300720"}],"curies":[{"name":"wp","href":"https:\/\/api.w.org\/{rel}","templated":true}]}}