{"id":300722,"date":"2025-08-06T16:07:11","date_gmt":"2025-08-06T16:07:11","guid":{"rendered":"https:\/\/www.europesays.com\/fr\/300722\/"},"modified":"2025-08-06T16:07:11","modified_gmt":"2025-08-06T16:07:11","slug":"le-cafe-wiccat-ouvre-ses-portes-aux-sorcieres-et-bientot-aux-chats","status":"publish","type":"post","link":"https:\/\/www.europesays.com\/fr\/300722\/","title":{"rendered":"le caf\u00e9 Wiccat\u00a0ouvre ses portes aux sorci\u00e8res et bient\u00f4t aux chats"},"content":{"rendered":"<p>Grimoire, plantes grimpantes, tarot, fauteuils vintage et parquet\u2026 passer la porte du nouveau caf\u00e9 Wiccat, c\u2019est comme traverser l\u2019armoire de Narnia\u00a0: un saut dans un univers fantastique. Ouvert depuis le 12\u00a0juillet, ce caf\u00e9 situ\u00e9 au 23, rue Adolphe-Seyboth, pr\u00e8s de la Grand\u2019rue, offre une atmosph\u00e8re enchanteresse et des recettes uniques en leur genre.<\/p>\n<p>Tout ce qui est propos\u00e9 \u00e0 la carte est fait maison. On y trouve un large choix de boissons dignes de potions magiques, comme le caf\u00e9 des sorci\u00e8res (mocca blanc, lavande), le butterfly latte (caf\u00e9, fleurs de pois papillon, lait), le cherry blossom Matcha (matcha latte, coulis de fraise et mousse&#8230;<\/p>\n","protected":false},"excerpt":{"rendered":"Grimoire, plantes grimpantes, tarot, fauteuils vintage et parquet\u2026 passer la porte du nouveau caf\u00e9 Wiccat, c\u2019est comme traverser&hellip;\n","protected":false},"author":2,"featured_media":300723,"comment_status":"","ping_status":"","sticky":false,"template":"","format":"standard","meta":{"footnotes":""},"categories":[2820],"tags":[1111,11,4406,1687,33,2880,1777,674,107,1011,27,775,12,25,640,2879],"class_list":{"0":"post-300722","1":"post","2":"type-post","3":"status-publish","4":"format-standard","5":"has-post-thumbnail","7":"category-strasbourg","8":"tag-actu","9":"tag-actualites","10":"tag-commerce-et-services","11":"tag-culture-loisirs","12":"tag-economie","13":"tag-edition-strasbourg","14":"tag-eu","15":"tag-europe","16":"tag-fil-info","17":"tag-fr","18":"tag-france","19":"tag-grand-est","20":"tag-news","21":"tag-republique-francaise","22":"tag-strasbourg","23":"tag-strasbourg-ville"},"share_on_mastodon":{"url":"https:\/\/pubeurope.com\/@fr\/114982685473010436","error":""},"_links":{"self":[{"href":"https:\/\/www.europesays.com\/fr\/wp-json\/wp\/v2\/posts\/300722","targetHints":{"allow":["GET"]}}],"collection":[{"href":"https:\/\/www.europesays.com\/fr\/wp-json\/wp\/v2\/posts"}],"about":[{"href":"https:\/\/www.europesays.com\/fr\/wp-json\/wp\/v2\/types\/post"}],"author":[{"embeddable":true,"href":"https:\/\/www.europesays.com\/fr\/wp-json\/wp\/v2\/users\/2"}],"replies":[{"embeddable":true,"href":"https:\/\/www.europesays.com\/fr\/wp-json\/wp\/v2\/comments?post=300722"}],"version-history":[{"count":0,"href":"https:\/\/www.europesays.com\/fr\/wp-json\/wp\/v2\/posts\/300722\/revisions"}],"wp:featuredmedia":[{"embeddable":true,"href":"https:\/\/www.europesays.com\/fr\/wp-json\/wp\/v2\/media\/300723"}],"wp:attachment":[{"href":"https:\/\/www.europesays.com\/fr\/wp-json\/wp\/v2\/media?parent=300722"}],"wp:term":[{"taxonomy":"category","embeddable":true,"href":"https:\/\/www.europesays.com\/fr\/wp-json\/wp\/v2\/categories?post=300722"},{"taxonomy":"post_tag","embeddable":true,"href":"https:\/\/www.europesays.com\/fr\/wp-json\/wp\/v2\/tags?post=300722"}],"curies":[{"name":"wp","href":"https:\/\/api.w.org\/{rel}","templated":true}]}}