{"id":300724,"date":"2025-08-06T16:08:11","date_gmt":"2025-08-06T16:08:11","guid":{"rendered":"https:\/\/www.europesays.com\/fr\/300724\/"},"modified":"2025-08-06T16:08:11","modified_gmt":"2025-08-06T16:08:11","slug":"un-parc-ephemere-compose-de-structures-gonflables-xxl-va-voir-le-jour-a-strasbourg","status":"publish","type":"post","link":"https:\/\/www.europesays.com\/fr\/300724\/","title":{"rendered":"un parc \u00e9ph\u00e9m\u00e8re, compos\u00e9 de structures gonflables XXL, va voir le jour \u00e0 Strasbourg"},"content":{"rendered":"<p>            Par<br \/>\n        <strong><br \/>\n            <a href=\"https:\/\/actu.fr\/auteur\/ivan-capecchi\" title=\"Consulter tous les articles de Ivan CAPECCHI\" rel=\"nofollow noopener\" target=\"_blank\">Ivan CAPECCHI<\/a><br \/>\n        <\/strong><\/p>\n<p>        Publi\u00e9 le<\/p>\n<p>            6 ao\u00fbt 2025 \u00e0 17h51        <\/p>\n<p>Les <strong>6 et 7 septembre 2025<\/strong>, le centre sportif de l\u2019<strong>ASL Robertsau<\/strong>, \u00e0 Strasbourg, accueillera, en collaboration avec l\u2019entreprise Fun Fantaisie Alsace, la toute premi\u00e8re \u00e9dition d\u2019un <strong>parc gonflable \u00e9ph\u00e9m\u00e8re<\/strong>. Install\u00e9 dans la <strong>salle Karabatic<\/strong>, cet \u00e9v\u00e9nement est ouvert au public le <strong>samedi de 10h \u00e0 18h<\/strong> et le <strong>dimanche de 10h \u00e0 17h<\/strong>.<\/p>\n<p>Structures gonflables XXL pour les petits, restauration pour les grands<\/p>\n<p class=\" wall-content\">Pens\u00e9 pour les <a href=\"https:\/\/actu.fr\/tag\/enfants\" rel=\"nofollow noopener\" target=\"_blank\">enfants<\/a> comme pour les familles, le parc proposera des <strong>structures gonflables XXL<\/strong>, des <strong>parcours d\u2019obstacles<\/strong> et des <strong>toboggans g\u00e9ants<\/strong>.<\/p>\n<p class=\" wall-content\">Le tarif est fix\u00e9 \u00e0 <strong>8 euros par participant<\/strong>, avec un acc\u00e8s illimit\u00e9 pour toute la journ\u00e9e. <strong>Les accompagnants n\u2019ont pas \u00e0 payer leur entr\u00e9e<\/strong>, et <strong>un jus de fruit est offert \u00e0 chaque participant<\/strong>.<\/p>\n<p class=\" wall-content\">Une <strong>petite restauration<\/strong> sera disponible sur place, mais les repas tir\u00e9s du sac sont interdits.<\/p>\n<p>Journ\u00e9e portes ouvertes pour l\u2019ASL Robertsau omnisports<\/p>\n<p class=\" wall-content\">L\u2019\u00e9v\u00e9nement co\u00efncide avec les <strong>portes ouvertes de l\u2019ASL<\/strong> le samedi. L\u2019occasion de d\u00e9couvrir les activit\u00e9s sportives et de loisirs propos\u00e9es par l\u2019association.<\/p>\n<p class=\" wall-content\">\u00ab\u00a0Sur proposition d\u2019un de nos membres, on a souhait\u00e9 accueillir un tel \u00e9v\u00e9nement pour attirer une population qui ne serait pas forc\u00e9ment venue d\u2019elle-m\u00eame d\u00e9couvrir notre centre sportif\u00a0\u00bb, explique Alexandre Neu, directeur de l\u2019ASL Robertsau. \u00ab\u00a0Nos portes ouvertes sont <strong>gratuites<\/strong>. Le samedi, les gens pourront ainsi <strong>d\u00e9couvrir plus de 22 activit\u00e9s sportives<\/strong>\u00ab\u00a0, ajoute-t-il.<\/p>\n<p>Lieu : ASL Robertsau (salle Karabatic), 212 route de la Wantzenau, Strasbourg.<br \/>Dates : 6 et 7 septembre.<br \/>Horaires : 10h-18h samedi, 10h-17h dimanche.<br \/>Tarif : 8 \u20ac par participant, gratuit pour les accompagnants.<\/p>\n<p class=\" wall-content\">Suivez toute l\u2019actualit\u00e9 de vos villes et m\u00e9dias favoris en vous inscrivant \u00e0 <a href=\"https:\/\/moncompte.actu.fr\" title=\"D\u00e9couvez Mon Actu\" rel=\"nofollow noopener\" data-trk=\"{&quot;cta&quot;:{&quot;action&quot;:&quot;https:\\\/\\\/moncompte.actu.fr&quot;,&quot;category&quot;:&quot;mon compte&quot;,&quot;from&quot;:&quot;article footer&quot;,&quot;name&quot;:&quot;Mon actu&quot;,&quot;type&quot;:&quot;cta&quot;}}\" target=\"_blank\">Mon Actu<\/a>.<\/p>\n","protected":false},"excerpt":{"rendered":"Par Ivan CAPECCHI Publi\u00e9 le 6 ao\u00fbt 2025 \u00e0 17h51 Les 6 et 7 septembre 2025, le centre&hellip;\n","protected":false},"author":2,"featured_media":300725,"comment_status":"","ping_status":"","sticky":false,"template":"","format":"standard","meta":{"footnotes":""},"categories":[2820],"tags":[1111,11,1063,1719,1777,674,1011,27,775,1652,12,25,640],"class_list":{"0":"post-300724","1":"post","2":"type-post","3":"status-publish","4":"format-standard","5":"has-post-thumbnail","7":"category-strasbourg","8":"tag-actu","9":"tag-actualites","10":"tag-animations","11":"tag-enfants","12":"tag-eu","13":"tag-europe","14":"tag-fr","15":"tag-france","16":"tag-grand-est","17":"tag-loisirs-culture","18":"tag-news","19":"tag-republique-francaise","20":"tag-strasbourg"},"share_on_mastodon":{"url":"https:\/\/pubeurope.com\/@fr\/114982689441386051","error":""},"_links":{"self":[{"href":"https:\/\/www.europesays.com\/fr\/wp-json\/wp\/v2\/posts\/300724","targetHints":{"allow":["GET"]}}],"collection":[{"href":"https:\/\/www.europesays.com\/fr\/wp-json\/wp\/v2\/posts"}],"about":[{"href":"https:\/\/www.europesays.com\/fr\/wp-json\/wp\/v2\/types\/post"}],"author":[{"embeddable":true,"href":"https:\/\/www.europesays.com\/fr\/wp-json\/wp\/v2\/users\/2"}],"replies":[{"embeddable":true,"href":"https:\/\/www.europesays.com\/fr\/wp-json\/wp\/v2\/comments?post=300724"}],"version-history":[{"count":0,"href":"https:\/\/www.europesays.com\/fr\/wp-json\/wp\/v2\/posts\/300724\/revisions"}],"wp:featuredmedia":[{"embeddable":true,"href":"https:\/\/www.europesays.com\/fr\/wp-json\/wp\/v2\/media\/300725"}],"wp:attachment":[{"href":"https:\/\/www.europesays.com\/fr\/wp-json\/wp\/v2\/media?parent=300724"}],"wp:term":[{"taxonomy":"category","embeddable":true,"href":"https:\/\/www.europesays.com\/fr\/wp-json\/wp\/v2\/categories?post=300724"},{"taxonomy":"post_tag","embeddable":true,"href":"https:\/\/www.europesays.com\/fr\/wp-json\/wp\/v2\/tags?post=300724"}],"curies":[{"name":"wp","href":"https:\/\/api.w.org\/{rel}","templated":true}]}}