{"id":300736,"date":"2025-08-06T16:14:10","date_gmt":"2025-08-06T16:14:10","guid":{"rendered":"https:\/\/www.europesays.com\/fr\/300736\/"},"modified":"2025-08-06T16:14:10","modified_gmt":"2025-08-06T16:14:10","slug":"apres-la-serie-deffractions-a-arcachon-deux-hommes-interpelles-a-bordeaux","status":"publish","type":"post","link":"https:\/\/www.europesays.com\/fr\/300736\/","title":{"rendered":"Apr\u00e8s la s\u00e9rie d&rsquo;effractions \u00e0 Arcachon, deux hommes interpell\u00e9s \u00e0 Bordeaux"},"content":{"rendered":"<p>            Par<br \/>\n        <strong><br \/>\n            <a href=\"https:\/\/actu.fr\/auteur\/charlotte-lesprit\" title=\"Consulter tous les articles de Charlotte Lesprit\" rel=\"nofollow noopener\" target=\"_blank\">Charlotte Lesprit<\/a><br \/>\n        <\/strong><\/p>\n<p>        Publi\u00e9 le<\/p>\n<p>            6 ao\u00fbt 2025 \u00e0 17h32        <\/p>\n<p>Les faits se sont d\u00e9roul\u00e9s dans la nuit du mercredi 30 au jeudi 31 juillet, dans le secteur du <strong>boulevard de la Plage \u00e0 Arcachon<\/strong>.<a href=\"https:\/\/actu.fr\/nouvelle-aquitaine\/arcachon_33009\/vitrines-brisees-fonds-de-caisse-voles-des-commerces-du-centre-d-arcachon-ont-ete-victimes-d-effractions_62990226.html\" rel=\"nofollow noopener\" target=\"_blank\"> Plusieurs magasins, dont le th\u00e9\u00e2tre Olympia, ont \u00e9t\u00e9 victimes d\u2019effractions<\/a>. \u00a0Recherch\u00e9s par la police, les individus ont \u00e9t\u00e9 interpell\u00e9s trois jours apr\u00e8s leurs larcins dans le centre-ville de Bordeaux.\u00a0<\/p>\n<p class=\" wall-content\">Des vitrines ont \u00e9t\u00e9 bris\u00e9es et des fonds de caisse d\u00e9rob\u00e9s, avait appris <a href=\"https:\/\/actu.fr\/bordeaux\/\" rel=\"nofollow noopener\" target=\"_blank\">actu Bordeaux<\/a> aupr\u00e8s du commissariat d\u2019Arcachon, qui a pr\u00e9cis\u00e9 que les <strong>cam\u00e9ras de vid\u00e9oprotection<\/strong> install\u00e9es sur la voie publique devaient permettre de faire avancer l\u2019enqu\u00eate.<\/p>\n<p>Interpell\u00e9s rue Sainte-Catherine<\/p>\n<p class=\" wall-content\">Recherch\u00e9s par la police, les auteurs pr\u00e9sum\u00e9s ont \u00e9t\u00e9 interpell\u00e9s trois jours plus tard, le lundi 4 ao\u00fbt, dans le centre-ville de Bordeaux, rue Sainte-Catherine. Il s\u2019agit de<strong> deux jeunes hommes<\/strong> \u00e2g\u00e9s de 18 et 26 ans.<\/p>\n<p class=\" wall-content\">Conduits au commissariat d\u2019Arcachon, ils ont \u00e9t\u00e9 plac\u00e9s en garde \u00e0 vue, puis <strong>d\u00e9f\u00e9r\u00e9s au parquet de Bordeaux<\/strong>.<\/p>\n<p class=\" wall-content\">Suivez toute l\u2019actualit\u00e9 de vos villes et m\u00e9dias favoris en vous inscrivant \u00e0 <a href=\"https:\/\/moncompte.actu.fr\" title=\"D\u00e9couvez Mon Actu\" rel=\"nofollow noopener\" data-trk=\"{&quot;cta&quot;:{&quot;action&quot;:&quot;https:\\\/\\\/moncompte.actu.fr&quot;,&quot;category&quot;:&quot;mon compte&quot;,&quot;from&quot;:&quot;article footer&quot;,&quot;name&quot;:&quot;Mon actu&quot;,&quot;type&quot;:&quot;cta&quot;}}\" target=\"_blank\">Mon Actu<\/a>.<\/p>\n","protected":false},"excerpt":{"rendered":"Par Charlotte Lesprit Publi\u00e9 le 6 ao\u00fbt 2025 \u00e0 17h32 Les faits se sont d\u00e9roul\u00e9s dans la nuit&hellip;\n","protected":false},"author":2,"featured_media":300737,"comment_status":"","ping_status":"","sticky":false,"template":"","format":"standard","meta":{"footnotes":""},"categories":[2817],"tags":[1111,11,1997,215,1777,674,118,1011,27,303,12,2219,25],"class_list":{"0":"post-300736","1":"post","2":"type-post","3":"status-publish","4":"format-standard","5":"has-post-thumbnail","7":"category-bordeaux","8":"tag-actu","9":"tag-actualites","10":"tag-bordeaux","11":"tag-commerce","12":"tag-eu","13":"tag-europe","14":"tag-faits-divers","15":"tag-fr","16":"tag-france","17":"tag-justice","18":"tag-news","19":"tag-nouvelle-aquitaine","20":"tag-republique-francaise"},"share_on_mastodon":{"url":"https:\/\/pubeurope.com\/@fr\/114982713049146215","error":""},"_links":{"self":[{"href":"https:\/\/www.europesays.com\/fr\/wp-json\/wp\/v2\/posts\/300736","targetHints":{"allow":["GET"]}}],"collection":[{"href":"https:\/\/www.europesays.com\/fr\/wp-json\/wp\/v2\/posts"}],"about":[{"href":"https:\/\/www.europesays.com\/fr\/wp-json\/wp\/v2\/types\/post"}],"author":[{"embeddable":true,"href":"https:\/\/www.europesays.com\/fr\/wp-json\/wp\/v2\/users\/2"}],"replies":[{"embeddable":true,"href":"https:\/\/www.europesays.com\/fr\/wp-json\/wp\/v2\/comments?post=300736"}],"version-history":[{"count":0,"href":"https:\/\/www.europesays.com\/fr\/wp-json\/wp\/v2\/posts\/300736\/revisions"}],"wp:featuredmedia":[{"embeddable":true,"href":"https:\/\/www.europesays.com\/fr\/wp-json\/wp\/v2\/media\/300737"}],"wp:attachment":[{"href":"https:\/\/www.europesays.com\/fr\/wp-json\/wp\/v2\/media?parent=300736"}],"wp:term":[{"taxonomy":"category","embeddable":true,"href":"https:\/\/www.europesays.com\/fr\/wp-json\/wp\/v2\/categories?post=300736"},{"taxonomy":"post_tag","embeddable":true,"href":"https:\/\/www.europesays.com\/fr\/wp-json\/wp\/v2\/tags?post=300736"}],"curies":[{"name":"wp","href":"https:\/\/api.w.org\/{rel}","templated":true}]}}