{"id":30074,"date":"2025-04-16T22:03:09","date_gmt":"2025-04-16T22:03:09","guid":{"rendered":"https:\/\/www.europesays.com\/fr\/30074\/"},"modified":"2025-04-16T22:03:09","modified_gmt":"2025-04-16T22:03:09","slug":"les-livres-coups-de-coeur-de-la-redaction-2","status":"publish","type":"post","link":"https:\/\/www.europesays.com\/fr\/30074\/","title":{"rendered":"les livres coups de c\u0153ur de la r\u00e9daction"},"content":{"rendered":"<p>Retrouvez les livres que nos journalistes ont aim\u00e9s\u00a0dans diff\u00e9rents domaines : roman, bande dessin\u00e9e, po\u00e9sie, r\u00e9cit, jeunesse, spiritualit\u00e9.\u00a0La s\u00e9lection de la Semaine sainte !<\/p>\n<p><strong>Coup de c\u0153ur\u00a0<\/strong><br \/><strong>Roman<br \/>Le proc\u00e8s de J\u00e9sus revisit\u00e9<\/strong><\/p>\n<p>Laurent Delvolv\u00e9 retrace le r\u00e9cit de la Passion du Christ en y ajoutant un \u00e9l\u00e9ment inattendu\u2009: et si J\u00e9sus avait eu un avocat\u2009? Quelle aurait \u00e9t\u00e9 la strat\u00e9gie de d\u00e9fense\u2009? Quels auraient \u00e9t\u00e9 les arguments avanc\u00e9s\u2009? \u00c0 partir de cette id\u00e9e f\u00e9conde, l\u2019auteur offre une passionnante r\u00e9flexion non seulement sur le sens de la Passion, mais aussi sur le r\u00f4le d\u2019un avocat. Il n\u2019h\u00e9site pas \u00e0 dresser des parall\u00e8les entre les fondements du christianisme et les principes du droit et de la justice, \u00e0 b\u00e2tir des ponts entre les \u00e9poques. Il imagine comment un avocat juif et citoyen romain tente de d\u00e9fendre le Messie.<\/p>\n","protected":false},"excerpt":{"rendered":"Retrouvez les livres que nos journalistes ont aim\u00e9s\u00a0dans diff\u00e9rents domaines : roman, bande dessin\u00e9e, po\u00e9sie, r\u00e9cit, jeunesse, spiritualit\u00e9.\u00a0La&hellip;\n","protected":false},"author":2,"featured_media":30075,"comment_status":"","ping_status":"","sticky":false,"template":"","format":"standard","meta":{"footnotes":""},"categories":[1357],"tags":[1379,58,59,3805,3799,3803,1011,27,1380,3804,3800,3802,3801],"class_list":{"0":"post-30074","1":"post","2":"type-post","3":"status-publish","4":"format-standard","5":"has-post-thumbnail","7":"category-livres","8":"tag-books","9":"tag-divertissement","10":"tag-entertainment","11":"tag-famille-catholique","12":"tag-famille-chretienne","13":"tag-famille-chretienne-actualites","14":"tag-fr","15":"tag-france","16":"tag-livres","17":"tag-magazine-famille-chretienne","18":"tag-site-catho","19":"tag-site-catholique","20":"tag-site-chretien"},"share_on_mastodon":{"url":"https:\/\/pubeurope.com\/@fr\/114349906770598817","error":""},"_links":{"self":[{"href":"https:\/\/www.europesays.com\/fr\/wp-json\/wp\/v2\/posts\/30074","targetHints":{"allow":["GET"]}}],"collection":[{"href":"https:\/\/www.europesays.com\/fr\/wp-json\/wp\/v2\/posts"}],"about":[{"href":"https:\/\/www.europesays.com\/fr\/wp-json\/wp\/v2\/types\/post"}],"author":[{"embeddable":true,"href":"https:\/\/www.europesays.com\/fr\/wp-json\/wp\/v2\/users\/2"}],"replies":[{"embeddable":true,"href":"https:\/\/www.europesays.com\/fr\/wp-json\/wp\/v2\/comments?post=30074"}],"version-history":[{"count":0,"href":"https:\/\/www.europesays.com\/fr\/wp-json\/wp\/v2\/posts\/30074\/revisions"}],"wp:featuredmedia":[{"embeddable":true,"href":"https:\/\/www.europesays.com\/fr\/wp-json\/wp\/v2\/media\/30075"}],"wp:attachment":[{"href":"https:\/\/www.europesays.com\/fr\/wp-json\/wp\/v2\/media?parent=30074"}],"wp:term":[{"taxonomy":"category","embeddable":true,"href":"https:\/\/www.europesays.com\/fr\/wp-json\/wp\/v2\/categories?post=30074"},{"taxonomy":"post_tag","embeddable":true,"href":"https:\/\/www.europesays.com\/fr\/wp-json\/wp\/v2\/tags?post=30074"}],"curies":[{"name":"wp","href":"https:\/\/api.w.org\/{rel}","templated":true}]}}