{"id":300740,"date":"2025-08-06T16:16:10","date_gmt":"2025-08-06T16:16:10","guid":{"rendered":"https:\/\/www.europesays.com\/fr\/300740\/"},"modified":"2025-08-06T16:16:10","modified_gmt":"2025-08-06T16:16:10","slug":"lequipe-qui-le-reprend-redonnera-vie-a-une-institution-oubliee","status":"publish","type":"post","link":"https:\/\/www.europesays.com\/fr\/300740\/","title":{"rendered":"l&rsquo;\u00e9quipe qui le reprend redonnera vie \u00e0 une institution oubli\u00e9e"},"content":{"rendered":"<p>            Par<br \/>\n        <strong><br \/>\n            <a href=\"https:\/\/actu.fr\/auteur\/mareva-laville-actu-fr\" title=\"Consulter tous les articles de Mar\u00e9va Laville\" target=\"_blank\" rel=\"noopener\">Mar\u00e9va Laville<\/a><br \/>\n        <\/strong><\/p>\n<p>        Publi\u00e9 le<\/p>\n<p>            6 ao\u00fbt 2025 \u00e0 17h06        <\/p>\n<p>Son nom rappellera des souvenirs \u00e0 plus d\u2019un Toulousain. Place du Pont-Neuf, \u00e0 deux pas de la station Esquirol \u00e0 <a href=\"http:\/\/www.actu.fr\/toulouse\" target=\"_blank\" rel=\"noopener\">Toulouse<\/a>, le bar \u00ab\u2009Le Beaucoup\u2009\u00bb rena\u00eetra de ses cendres, apr\u00e8s avoir \u00e9t\u00e9 troqu\u00e9 pour <strong>le \u00ab\u2009Mucho\u2009!\u2009\u00bb<\/strong> en 2017. Ce dernier<strong> vient d\u2019\u00eatre vendu<\/strong> et d\u2019ici \u00e0 quelques mois, il redeviendra\u2026 le fameux Beaucoup\u2009! Et ce n\u2019est pas n\u2019importe qui, qui lui redonne vie. Voici leur projet.<\/p>\n<p>    <a href=\"https:\/\/www.google.com\/maps\/embed?pb=!1m18!1m12!1m3!1d2889.3193099101577!2d1.4384648768819992!3d43.599892755876034!2m3!1f0!2f0!3f0!3m2!1i1024!2i768!4f13.1!3m3!1m2!1s0x12aebb7cd4e537e7%3A0x50997a8982ced20c!2s%C2%A1%20MUCHO%20*21!5e0!3m2!1sfr!2sfr!4v1754476869550!5m2!1sfr!2sfr\" title=\"Ouvrie le lien\" target=\"_blank\" rel=\"noopener\">Cliquez ici pour visualiser le contenu<\/a><\/p>\n<p>Les propri\u00e9taires de Caf\u00e9 Triplette comme acqu\u00e9reurs<\/p>\n<p class=\" wall-content\">Aux commandes de ce projet\u2009? <a href=\"https:\/\/actu.fr\/occitanie\/toulouse_31555\/toulouse-ils-ouvrent-un-bistrot-gourmand-et-festif-au-pied-de-la-basilique-saint-sernin_54667859.html\" target=\"_blank\" rel=\"noopener\">L\u2019\u00e9quipe de Caf\u00e9 Triplette,<\/a> le bistrot-bar qui fait fureur sur la place Saint-Sernin depuis son ouverture en septembre\u00a02022. Dans l\u2019objectif de grandir, les trois associ\u00e9s de Triplette, <strong>Pierre Pertenais, Martin Dunglas et Na\u00efm Bekkaoui<\/strong>, ainsi qu\u2019un quatri\u00e8me associ\u00e9, <strong>Florian Desroches<\/strong>, ont r\u00e9cup\u00e9r\u00e9 les cl\u00e9s du bar \u00e0 tapas \u00ab\u2009Mucho\u2009!\u2009\u00bb le 31\u00a0juillet dernier.<\/p>\n<p class=\" wall-content\">En perspective, <strong>deux mois de travaux<\/strong> pour ouvrir une version 2.0 du Beaucoup d\u2019autrefois, qui \u00ab\u2009\u00e9tait <strong>un gros endroit de bringue\u2009\u00bb<\/strong>, explique Martin Dunglas.<\/p>\n<p>\u00ab\u2009C\u2019\u00e9tait le bar gay de Toulouse\u2009!\u2009\u00bb<\/p>\n<p class=\" wall-content\">\u00ab\u2009C\u2019\u00e9tait le <strong>bar gay de Toulouse<\/strong> \u00e0 l\u2019\u00e9poque, j\u2019y avais fait des bringues\u2009! Les premi\u00e8res gayguettes, c\u2019\u00e9tait l\u00e0-bas\u2009\u00bb, se rem\u00e9more-t-il. Il faut dire que Le Beaucoup, c\u2019\u00e9tait plus de 15\u00a0ans d\u2019histoire, des DJs et des artistes aujourd\u2019hui bien connus tels que <a href=\"https:\/\/actu.fr\/occitanie\/toulouse_31555\/toulouse-20-ans-de-la-mort-de-claude-nougaro-voici-les-lieux-qui-lui-rendent-hommage_60762008.html\" target=\"_blank\" rel=\"noopener\">Claude Nougaro<\/a> ou encore des actrices comme Catherine Deneuve et Marie-France Pisier.<\/p>\n<p class=\" wall-content\">\u00ab\u2009Alors, nous, on ne sera pas un bar gay, mais on accueille tout le monde\u2009!\u2009\u00bb, insiste Martin Dunglas. Outre le nom, dont la reprise ravit l\u2019ancien propri\u00e9taire de cette institution toulousaine, selon les associ\u00e9s, <strong>quelques clins d\u2019\u0153il seront adress\u00e9s au Beaucoup<\/strong> d\u2019autrefois, mais revisit\u00e9s. Dans la d\u00e9coration notamment\u2026<\/p>\n<p>De la couleur pour rappeler l\u2019ancien bar embl\u00e9matique de la place<\/p>\n<p class=\" wall-content\">\u00ab\u2009On va faire une <strong>d\u00e9co sixties \u2013 seventies<\/strong> avec de l\u2019orange bien p\u00eachu. Le Beaucoup \u00e9tait <strong>tr\u00e8s color\u00e9<\/strong>, on devrait retrouver cet esprit dans la direction artistique, a contrario du bar \u00e0 tapas d\u2019avant qui faisait assez sombre.\u2009\u00bb<\/p>\n<p>La m\u00eame formule qu\u2019\u00e0 Triplette<\/p>\n<p class=\" wall-content\">En revanche, dans sa formule, on retrouvera davantage l\u2019esprit Caf\u00e9 Triplette. C\u2019est-\u00e0-dire <strong>bistrot le midi, tapas le soir et f\u00eate<\/strong> pour cl\u00f4turer le tout.<strong> 7\u00a0jours sur 7.<\/strong> Dans l\u2019assiette, \u00ab\u2009on va essayer de proposer quelque chose de diff\u00e9rent quand m\u00eame, qu\u2019on d\u00e9finira avec notre futur chef cuistot\u2009\u00bb, explique Martin Dunglas.<\/p>\n<p class=\" wall-content\">Enfin, c\u00f4t\u00e9 \u00ab\u2009bringue\u2009\u00bb, l\u2019\u00e9quipe du \u00ab\u2009nouveau\u2009\u00bb Beaucoup compte faire appel aux DJs de la sc\u00e8ne toulousaine, comme elle le fait d\u00e9j\u00e0 \u00e0 Caf\u00e9 Triplette. \u00c0 tester \u00e0 partir du mois d\u2019octobre\u2009!<\/p>\n<p class=\" wall-content\">Suivez toute l\u2019actualit\u00e9 de vos villes et m\u00e9dias favoris en vous inscrivant \u00e0 <a href=\"https:\/\/moncompte.actu.fr\" title=\"D\u00e9couvez Mon Actu\" rel=\"nofollow noopener\" data-trk=\"{&quot;cta&quot;:{&quot;action&quot;:&quot;https:\\\/\\\/moncompte.actu.fr&quot;,&quot;category&quot;:&quot;mon compte&quot;,&quot;from&quot;:&quot;article footer&quot;,&quot;name&quot;:&quot;Mon actu&quot;,&quot;type&quot;:&quot;cta&quot;}}\" target=\"_blank\">Mon Actu<\/a>.<\/p>\n","protected":false},"excerpt":{"rendered":"Par Mar\u00e9va Laville Publi\u00e9 le 6 ao\u00fbt 2025 \u00e0 17h06 Son nom rappellera des souvenirs \u00e0 plus d\u2019un&hellip;\n","protected":false},"author":2,"featured_media":300741,"comment_status":"","ping_status":"","sticky":false,"template":"","format":"standard","meta":{"footnotes":""},"categories":[2816],"tags":[1111,11,1777,674,1011,27,12,2849,2680,25,2850,104,1341,2312],"class_list":{"0":"post-300740","1":"post","2":"type-post","3":"status-publish","4":"format-standard","5":"has-post-thumbnail","7":"category-toulouse","8":"tag-actu","9":"tag-actualites","10":"tag-eu","11":"tag-europe","12":"tag-fr","13":"tag-france","14":"tag-news","15":"tag-nouveaux-commerces-a-toulouse","16":"tag-occitanie","17":"tag-republique-francaise","18":"tag-restaurants-de-toulouse","19":"tag-societe","20":"tag-sortir-a-toulouse","21":"tag-toulouse"},"share_on_mastodon":{"url":"https:\/\/pubeurope.com\/@fr\/114982720942538171","error":""},"_links":{"self":[{"href":"https:\/\/www.europesays.com\/fr\/wp-json\/wp\/v2\/posts\/300740","targetHints":{"allow":["GET"]}}],"collection":[{"href":"https:\/\/www.europesays.com\/fr\/wp-json\/wp\/v2\/posts"}],"about":[{"href":"https:\/\/www.europesays.com\/fr\/wp-json\/wp\/v2\/types\/post"}],"author":[{"embeddable":true,"href":"https:\/\/www.europesays.com\/fr\/wp-json\/wp\/v2\/users\/2"}],"replies":[{"embeddable":true,"href":"https:\/\/www.europesays.com\/fr\/wp-json\/wp\/v2\/comments?post=300740"}],"version-history":[{"count":0,"href":"https:\/\/www.europesays.com\/fr\/wp-json\/wp\/v2\/posts\/300740\/revisions"}],"wp:featuredmedia":[{"embeddable":true,"href":"https:\/\/www.europesays.com\/fr\/wp-json\/wp\/v2\/media\/300741"}],"wp:attachment":[{"href":"https:\/\/www.europesays.com\/fr\/wp-json\/wp\/v2\/media?parent=300740"}],"wp:term":[{"taxonomy":"category","embeddable":true,"href":"https:\/\/www.europesays.com\/fr\/wp-json\/wp\/v2\/categories?post=300740"},{"taxonomy":"post_tag","embeddable":true,"href":"https:\/\/www.europesays.com\/fr\/wp-json\/wp\/v2\/tags?post=300740"}],"curies":[{"name":"wp","href":"https:\/\/api.w.org\/{rel}","templated":true}]}}