{"id":300742,"date":"2025-08-06T16:17:08","date_gmt":"2025-08-06T16:17:08","guid":{"rendered":"https:\/\/www.europesays.com\/fr\/300742\/"},"modified":"2025-08-06T16:17:08","modified_gmt":"2025-08-06T16:17:08","slug":"des-milliers-de-disques-vinyles-en-vente-ce-dimanche-a-wazemmes","status":"publish","type":"post","link":"https:\/\/www.europesays.com\/fr\/300742\/","title":{"rendered":"des milliers de disques vinyles en vente ce dimanche \u00e0 Wazemmes"},"content":{"rendered":"<p>            Par<br \/>\n        <strong><br \/>\n            <a href=\"https:\/\/actu.fr\/auteur\/redaction-lille\" title=\"Consulter tous les articles de R\u00e9daction Lille\" rel=\"nofollow noopener\" target=\"_blank\">R\u00e9daction Lille<\/a><br \/>\n        <\/strong><\/p>\n<p>        Publi\u00e9 le<\/p>\n<p>            6 ao\u00fbt 2025 \u00e0 18h00        <\/p>\n<p>L\u2019<b>h\u00f4tel Jost de Lille<\/b> accueillera pour une sixi\u00e8me \u00e9dition le <b>Jost Vinyl Market<\/b>, une <b>brocante<\/b> o\u00f9 des <b>milliers de disques vinyles<\/b> seront mis en vente. <b>Genres et artistes vari\u00e9s<\/b> seront \u00e0 d\u00e9couvrir ce <b>dimanche 10\u00a0ao\u00fbt 2025<\/b>.<\/p>\n<p>\u00ab\u2009Tous les styles \u00e0 prix styl\u00e9s\u2009\u00bb<\/p>\n<p class=\" wall-content\">Les vinyles peuvent parfois \u00eatre difficiles \u00e0 trouver \u00e0 petit prix. Heureusement, une grande brocante de ces grands disques noirs aura lieu le dimanche 10\u00a0ao\u00fbt dans le quartier de Wazemmes. <a href=\"https:\/\/actu.fr\/hauts-de-france\/lille_59350\/lille-food-court-bar-200-evenements-par-an-lhotel-jost-va-faire-vibrer-wazemmes-des-mi-juillet_61195954.html\" rel=\"nofollow noopener\" target=\"_blank\">L\u2019h\u00f4tel Jost<\/a> (Joy Of Staying Together \u2013 le plaisir de rester ensemble) invite cette vente dans une ambiance musicale vari\u00e9e et d\u00e9tendue. Le bar ainsi que le restaurant de l\u2019\u00e9tablissement seront ouverts pour offrir un maximum de convivialit\u00e9.<\/p>\n<p class=\" wall-content\">Cette sixi\u00e8me \u00e9dition du Jost Vinyl Market mettra dans les paniers <b>tous les styles musicaux<\/b>. Au programme, \u00ab\u2009des <b>milliers de disques<\/b> et toujours la m\u00eame devise\u2009: <b>tous les styles \u00e0 prix styl\u00e9s<\/b>\u2009\u00bb, annonce l\u2019organisateur.<\/p>\n<p class=\" wall-content\">De la Pop au M\u00e9tal en passant par l\u2019\u00c9lectro, le Hip-Hop ou le Jazz, et tous les artistes, Black Sabbath, Michel Berger ou encore Britney Spears\u2026 Il y aura du choix\u2009!<\/p>\n<p class=\" wall-content\">Ce march\u00e9 aura lieu dimanche 10\u00a0ao\u00fbt, de 13\u2009h \u00e0 18\u2009h, dans l\u2019\u00e9tablissement h\u00f4telier, situ\u00e9 au 10 rue Meurein. L\u2019entr\u00e9e de la brocante est gratuite et ouverte \u00e0 tous. Plus d\u2019infos en cliquant <a href=\"https:\/\/www.facebook.com\/events\/590833494075142\" rel=\"nofollow noopener\" target=\"_blank\">sur le lien suivant<\/a>.<\/p>\n<p class=\" wall-content\"><b>Dimitri Petit<\/b><\/p>\n<p class=\" wall-content\">Suivez toute l\u2019actualit\u00e9 de vos villes et m\u00e9dias favoris en vous inscrivant \u00e0 <a href=\"https:\/\/moncompte.actu.fr\" title=\"D\u00e9couvez Mon Actu\" rel=\"nofollow noopener\" data-trk=\"{&quot;cta&quot;:{&quot;action&quot;:&quot;https:\\\/\\\/moncompte.actu.fr&quot;,&quot;category&quot;:&quot;mon compte&quot;,&quot;from&quot;:&quot;article footer&quot;,&quot;name&quot;:&quot;Mon actu&quot;,&quot;type&quot;:&quot;cta&quot;}}\" target=\"_blank\">Mon Actu<\/a>.<\/p>\n<ul class=\"ac-article-tag wall-content\">\n<li><a href=\"https:\/\/actu.fr\/tag\/bon-plan-a-lille\" data-trk=\"{&quot;cta&quot;:{&quot;action&quot;:&quot;Bon plan \\u00e0 Lille&quot;,&quot;category&quot;:&quot;tag&quot;,&quot;from&quot;:&quot;article footer&quot;,&quot;name&quot;:&quot;Bon plan \\u00e0 Lille&quot;,&quot;type&quot;:&quot;cta&quot;}}\" rel=\"nofollow noopener\" target=\"_blank\">#Bon plan \u00e0 Lille<\/a><\/li>\n<li><a href=\"https:\/\/actu.fr\/tag\/brocante\" data-trk=\"{&quot;cta&quot;:{&quot;action&quot;:&quot;Brocante&quot;,&quot;category&quot;:&quot;tag&quot;,&quot;from&quot;:&quot;article footer&quot;,&quot;name&quot;:&quot;Brocante&quot;,&quot;type&quot;:&quot;cta&quot;}}\" rel=\"nofollow noopener\" target=\"_blank\">#Brocante<\/a><\/li>\n<\/ul>\n","protected":false},"excerpt":{"rendered":"Par R\u00e9daction Lille Publi\u00e9 le 6 ao\u00fbt 2025 \u00e0 18h00 L\u2019h\u00f4tel Jost de Lille accueillera pour une sixi\u00e8me&hellip;\n","protected":false},"author":2,"featured_media":300743,"comment_status":"","ping_status":"","sticky":false,"template":"","format":"standard","meta":{"footnotes":""},"categories":[2815],"tags":[1111,11,6557,6961,1777,674,1011,27,811,1307,1652,12,25],"class_list":{"0":"post-300742","1":"post","2":"type-post","3":"status-publish","4":"format-standard","5":"has-post-thumbnail","7":"category-lille","8":"tag-actu","9":"tag-actualites","10":"tag-bon-plan-a-lille","11":"tag-brocante","12":"tag-eu","13":"tag-europe","14":"tag-fr","15":"tag-france","16":"tag-hauts-de-france","17":"tag-lille","18":"tag-loisirs-culture","19":"tag-news","20":"tag-republique-francaise"},"share_on_mastodon":{"url":"https:\/\/pubeurope.com\/@fr\/114982724980511236","error":""},"_links":{"self":[{"href":"https:\/\/www.europesays.com\/fr\/wp-json\/wp\/v2\/posts\/300742","targetHints":{"allow":["GET"]}}],"collection":[{"href":"https:\/\/www.europesays.com\/fr\/wp-json\/wp\/v2\/posts"}],"about":[{"href":"https:\/\/www.europesays.com\/fr\/wp-json\/wp\/v2\/types\/post"}],"author":[{"embeddable":true,"href":"https:\/\/www.europesays.com\/fr\/wp-json\/wp\/v2\/users\/2"}],"replies":[{"embeddable":true,"href":"https:\/\/www.europesays.com\/fr\/wp-json\/wp\/v2\/comments?post=300742"}],"version-history":[{"count":0,"href":"https:\/\/www.europesays.com\/fr\/wp-json\/wp\/v2\/posts\/300742\/revisions"}],"wp:featuredmedia":[{"embeddable":true,"href":"https:\/\/www.europesays.com\/fr\/wp-json\/wp\/v2\/media\/300743"}],"wp:attachment":[{"href":"https:\/\/www.europesays.com\/fr\/wp-json\/wp\/v2\/media?parent=300742"}],"wp:term":[{"taxonomy":"category","embeddable":true,"href":"https:\/\/www.europesays.com\/fr\/wp-json\/wp\/v2\/categories?post=300742"},{"taxonomy":"post_tag","embeddable":true,"href":"https:\/\/www.europesays.com\/fr\/wp-json\/wp\/v2\/tags?post=300742"}],"curies":[{"name":"wp","href":"https:\/\/api.w.org\/{rel}","templated":true}]}}