{"id":300744,"date":"2025-08-06T16:18:11","date_gmt":"2025-08-06T16:18:11","guid":{"rendered":"https:\/\/www.europesays.com\/fr\/300744\/"},"modified":"2025-08-06T16:18:11","modified_gmt":"2025-08-06T16:18:11","slug":"lille-venise-premiers-buts-pour-giroud-chevalier-titulaire","status":"publish","type":"post","link":"https:\/\/www.europesays.com\/fr\/300744\/","title":{"rendered":"Lille-Venise\u00a0: premiers buts pour Giroud, Chevalier titulaire"},"content":{"rendered":"<p class=\"paragraph text_align_left lp-f-body-02\">Aussit\u00f4t arriv\u00e9, aussit\u00f4t remarqu\u00e9. Ce mercredi 6 ao\u00fbt, <a href=\"https:\/\/www.leparisien.fr\/sports\/football\/ligue-1\/retrouver-un-pays-que-jaime-et-lamour-des-francais-les-premiers-mots-dolivier-giroud-a-lille-02-07-2025-6J3GVVCW55GELGFRO5NMU5O3MQ.php\" target=\"_self\" rel=\"nofollow noopener\">Olivier Giroud<\/a> a inscrit ses deux premiers buts sous les couleurs du LOSC. <\/p>\n<p class=\"paragraph text_align_left lp-f-body-02\">Pour leur cinqui\u00e8me et avant-dernier match de pr\u00e9-saison, les Lillois affrontent le Venezia FC, \u00e9voluant en Serie B, au Domaine de Luchin, fief des Dogues. Convoit\u00e9 par le <a href=\"https:\/\/www.leparisien.fr\/sports\/football\/psg\/\" target=\"_blank\" rel=\"noreferrer nofollow noopener\">PSG<\/a>, <a href=\"https:\/\/www.leparisien.fr\/sports\/football\/psg\/mercato-psg-lucas-chevalier-a-paris-des-la-semaine-prochaine-28-07-2025-RACTR4A6G5EUJAWQ4C2DHQQW2M.php\" target=\"_self\" rel=\"nofollow noopener\">Lucas Chevalier<\/a> a de nouveau \u00e9t\u00e9 titularis\u00e9 pour garder les cages nordistes. <\/p>\n<p class=\"paragraph text_align_left lp-f-body-02\">\u00c0 la 20e minute, Olivier Giroud, seul dans la surface, a ouvert le score, gr\u00e2ce \u00e0 une passe de l\u2019Islandais H\u00e1kon Arnar Haraldsson.<\/p>\n<p class=\"paragraph text_align_left lp-f-body-02\">Dix-sept minutes plus tard, le meilleur buteur de l\u2019histoire des Bleus (57 buts) met le ballon \u00e0 nouveau au fond des filets, sur une offrande du Belge Thomas Meunier, auteur d\u2019un d\u00e9bordement incisif.<\/p>\n<p class=\"paragraph text_align_left lp-f-body-02\">Prochain rendez-vous pour le LOSC : une derni\u00e8re r\u00e9p\u00e9tition g\u00e9n\u00e9rale contre West Ham, samedi 9 ao\u00fbt, au Stade olympique de Londres. La <a href=\"https:\/\/www.leparisien.fr\/sports\/football\/ligue-1\/\" target=\"_self\" rel=\"nofollow noopener\">Ligue 1<\/a>, elle, reprendra le 17 ao\u00fbt \u00e0 15 heures pour les Lillois, avec un d\u00e9placement sur la pelouse du Stade Brestois.<\/p>\n","protected":false},"excerpt":{"rendered":"Aussit\u00f4t arriv\u00e9, aussit\u00f4t remarqu\u00e9. Ce mercredi 6 ao\u00fbt, Olivier Giroud a inscrit ses deux premiers buts sous les&hellip;\n","protected":false},"author":2,"featured_media":300745,"comment_status":"","ping_status":"","sticky":false,"template":"","format":"standard","meta":{"footnotes":""},"categories":[2815],"tags":[1111,11,1777,674,63,1011,27,811,66,1307,12,25,60],"class_list":{"0":"post-300744","1":"post","2":"type-post","3":"status-publish","4":"format-standard","5":"has-post-thumbnail","7":"category-lille","8":"tag-actu","9":"tag-actualites","10":"tag-eu","11":"tag-europe","12":"tag-football","13":"tag-fr","14":"tag-france","15":"tag-hauts-de-france","16":"tag-ligue-1","17":"tag-lille","18":"tag-news","19":"tag-republique-francaise","20":"tag-sports"},"share_on_mastodon":{"url":"https:\/\/pubeurope.com\/@fr\/114982728788734918","error":""},"_links":{"self":[{"href":"https:\/\/www.europesays.com\/fr\/wp-json\/wp\/v2\/posts\/300744","targetHints":{"allow":["GET"]}}],"collection":[{"href":"https:\/\/www.europesays.com\/fr\/wp-json\/wp\/v2\/posts"}],"about":[{"href":"https:\/\/www.europesays.com\/fr\/wp-json\/wp\/v2\/types\/post"}],"author":[{"embeddable":true,"href":"https:\/\/www.europesays.com\/fr\/wp-json\/wp\/v2\/users\/2"}],"replies":[{"embeddable":true,"href":"https:\/\/www.europesays.com\/fr\/wp-json\/wp\/v2\/comments?post=300744"}],"version-history":[{"count":0,"href":"https:\/\/www.europesays.com\/fr\/wp-json\/wp\/v2\/posts\/300744\/revisions"}],"wp:featuredmedia":[{"embeddable":true,"href":"https:\/\/www.europesays.com\/fr\/wp-json\/wp\/v2\/media\/300745"}],"wp:attachment":[{"href":"https:\/\/www.europesays.com\/fr\/wp-json\/wp\/v2\/media?parent=300744"}],"wp:term":[{"taxonomy":"category","embeddable":true,"href":"https:\/\/www.europesays.com\/fr\/wp-json\/wp\/v2\/categories?post=300744"},{"taxonomy":"post_tag","embeddable":true,"href":"https:\/\/www.europesays.com\/fr\/wp-json\/wp\/v2\/tags?post=300744"}],"curies":[{"name":"wp","href":"https:\/\/api.w.org\/{rel}","templated":true}]}}