{"id":300750,"date":"2025-08-06T16:21:11","date_gmt":"2025-08-06T16:21:11","guid":{"rendered":"https:\/\/www.europesays.com\/fr\/300750\/"},"modified":"2025-08-06T16:21:11","modified_gmt":"2025-08-06T16:21:11","slug":"video-saison-2-de-la-serie-mercredi-netflix-fait-le-buzz-a-lyon","status":"publish","type":"post","link":"https:\/\/www.europesays.com\/fr\/300750\/","title":{"rendered":"[VID\u00c9O] Saison 2 de la s\u00e9rie \u201cMercredi\u201d : Netflix fait le buzz \u00e0 Lyon"},"content":{"rendered":"<p>Pour promouvoir la saison 2 de la s\u00e9rie \u201cMercredi\u201d, qui sort ce mercredi 6 ao\u00fbt, Netflix a install\u00e9 une immense affiche publicitaire sur la place place Bellecour, \u00e0 Lyon.<\/p>\n<p>\u00c0 l&rsquo;occasion de la<b> sortie de la saison 2 de \u201cMercredi\u201d<\/b>, la plateforme de streaming a fait installer une \u00e9norme affiche publicitaire sur la place Bellecour, <b>en plein c\u0153ur de Lyon<\/b>.\u00a0<\/p>\n<p>On peut y voir Jenna Ortega (qui interpr\u00e8te<b>\u00a0Mercredi Addams)<\/b>\u00a0avec ce slogan taquin envers les supporters de l&rsquo;OL :\u00a0\u00ab\u00a0Certains enterraient d\u00e9j\u00e0 votre club\u2026 Moi, j&rsquo;ai toujours cru aux revenants.\u00a0\u00bb<br \/>Une r\u00e9f\u00e9rence \u00e0 la situation du club, qui\u00a0n&rsquo;est pas pass\u00e9 loin de descendre en Ligue 2 il y a quelques semaines, \u00e0 cause de ses d\u00e9boires financiers.\u00a0<br \/>[fb https:\/\/www.facebook.com\/RadioScoopLyon\/videos\/1313583203660117?locale=fr_FR\u00a0<\/p>\n<p>Un clin d&rsquo;\u0153il malin \u00e0 l&rsquo;OL \u00e0 Bellecour<\/p>\n<p>Pour rappel, le club de foot lyonnais a finalement \u00e9t\u00e9 maintenu en Ligue 1, apr\u00e8s son appel lanc\u00e9 aupr\u00e8s de la DNCG.<\/p>\n<p>Un retournement de situation qui a donc inspir\u00e9 le storytelling de Netflix. La plateforme a choisi le timing et le lieu id\u00e9al pour faire sa promotion.<\/p>\n<p>Une publicit\u00e9 qui a globalement amus\u00e9 les supporters lyonnais sur les r\u00e9seaux sociaux.\u00a0<\/p>\n<p><img loading=\"lazy\" decoding=\"async\" src=\"https:\/\/www.europesays.com\/fr\/wp-content\/uploads\/2025\/08\/1754497271_791_img\" width=\"350\" height=\"200\" border=\"0\" title=\"Le stade de l'OL.\"\/><\/p>\n<p>\u25baFootball<\/p>\n<p style=\"font-size: 22px;\"><b>Maintien en L1 ou r\u00e9trogradation confirm\u00e9e : l&rsquo;OL joue son avenir devant la DNCG<\/b><\/p>\n<p>Journ\u00e9e cruciale pour les dirigeants de l&rsquo;Olympique&#8230;<\/p>\n<p><\/p>\n","protected":false},"excerpt":{"rendered":"Pour promouvoir la saison 2 de la s\u00e9rie \u201cMercredi\u201d, qui sort ce mercredi 6 ao\u00fbt, Netflix a install\u00e9&hellip;\n","protected":false},"author":2,"featured_media":300751,"comment_status":"","ping_status":"","sticky":false,"template":"","format":"standard","meta":{"footnotes":""},"categories":[1889],"tags":[1111,11,2430,5272,1777,674,63,1011,27,5878,2428,6774,127,12,978,25],"class_list":{"0":"post-300750","1":"post","2":"type-post","3":"status-publish","4":"format-standard","5":"has-post-thumbnail","7":"category-lyon","8":"tag-actu","9":"tag-actualites","10":"tag-auvergne-rhone-alpes","11":"tag-bellecour","12":"tag-eu","13":"tag-europe","14":"tag-football","15":"tag-fr","16":"tag-france","17":"tag-jenna-ortega","18":"tag-lyon","19":"tag-mercredi","20":"tag-netflix","21":"tag-news","22":"tag-olympique-lyonnais","23":"tag-republique-francaise"},"share_on_mastodon":{"url":"https:\/\/pubeurope.com\/@fr\/114982740617905010","error":""},"_links":{"self":[{"href":"https:\/\/www.europesays.com\/fr\/wp-json\/wp\/v2\/posts\/300750","targetHints":{"allow":["GET"]}}],"collection":[{"href":"https:\/\/www.europesays.com\/fr\/wp-json\/wp\/v2\/posts"}],"about":[{"href":"https:\/\/www.europesays.com\/fr\/wp-json\/wp\/v2\/types\/post"}],"author":[{"embeddable":true,"href":"https:\/\/www.europesays.com\/fr\/wp-json\/wp\/v2\/users\/2"}],"replies":[{"embeddable":true,"href":"https:\/\/www.europesays.com\/fr\/wp-json\/wp\/v2\/comments?post=300750"}],"version-history":[{"count":0,"href":"https:\/\/www.europesays.com\/fr\/wp-json\/wp\/v2\/posts\/300750\/revisions"}],"wp:featuredmedia":[{"embeddable":true,"href":"https:\/\/www.europesays.com\/fr\/wp-json\/wp\/v2\/media\/300751"}],"wp:attachment":[{"href":"https:\/\/www.europesays.com\/fr\/wp-json\/wp\/v2\/media?parent=300750"}],"wp:term":[{"taxonomy":"category","embeddable":true,"href":"https:\/\/www.europesays.com\/fr\/wp-json\/wp\/v2\/categories?post=300750"},{"taxonomy":"post_tag","embeddable":true,"href":"https:\/\/www.europesays.com\/fr\/wp-json\/wp\/v2\/tags?post=300750"}],"curies":[{"name":"wp","href":"https:\/\/api.w.org\/{rel}","templated":true}]}}