{"id":300754,"date":"2025-08-06T16:24:12","date_gmt":"2025-08-06T16:24:12","guid":{"rendered":"https:\/\/www.europesays.com\/fr\/300754\/"},"modified":"2025-08-06T16:24:12","modified_gmt":"2025-08-06T16:24:12","slug":"a-la-surprise-generale-et-malgre-la-fronde-le-conseil-detat-valide-le-projet","status":"publish","type":"post","link":"https:\/\/www.europesays.com\/fr\/300754\/","title":{"rendered":"\u00e0 la surprise g\u00e9n\u00e9rale et malgr\u00e9 la fronde, le Conseil d\u2019\u00c9tat valide le projet"},"content":{"rendered":"<p>            Par<br \/>\n        <strong><br \/>\n            <a href=\"https:\/\/actu.fr\/auteur\/ines-cussac-actu-fr\" title=\"Consulter tous les articles de In\u00e8s Cussac\" rel=\"nofollow noopener\" target=\"_blank\">In\u00e8s Cussac<\/a><br \/>\n        <\/strong><\/p>\n<p>        Publi\u00e9 le<\/p>\n<p>            6 ao\u00fbt 2025 \u00e0 17h10        <\/p>\n<p>\u00c9ni\u00e8me revers. Le projet de centre p\u00e9nitentiaire de Noiseau (Val-de-Marne) <a href=\"https:\/\/actu.fr\/ile-de-france\/noiseau_94053\/le-projet-de-construction-de-prison-a-noiseau-confirme-par-l-etat-nous-sommes-estomaques_59771706.html\" rel=\"nofollow noopener\" target=\"_blank\">est de retour sur la table<\/a>. Mardi 10\u00a0juin 2025, le Conseil d\u2019\u00c9tat a valid\u00e9 par d\u00e9cret le Sch\u00e9ma directeur de la R\u00e9gion \u00cele-de-France (SRDIF-E) avant de le rendre public. Ce <a href=\"https:\/\/www.iledefrance.fr\/presse\/le-sdrif-e-officiellement-valide-une-etape-decisive-pour-lavenir-de-lile-de-france\" rel=\"nofollow noopener\" target=\"_blank\">document d\u2019urbanisme<\/a> donne les grandes lignes des projets d\u2019am\u00e9nagement du territoire jusqu\u2019en 2040. Parmi les dossiers phares du programme figure, \u00e0 la surprise g\u00e9n\u00e9rale, celui de <strong>la prison de Noiseau<\/strong>.<\/p>\n<p>\u00ab\u00a0Modification notoire\u00a0\u00bb<\/p>\n<p class=\" wall-content\">\u00ab\u2009Apr\u00e8s un avis favorable sans r\u00e9serve \u00e9mis par la commission d\u2019enqu\u00eate, la d\u00e9cision du Conseil d\u2019\u00c9tat valide la totalit\u00e9 des dispositions du SDRIF-E, avec pour seule demande de modification notoire l\u2019ajout d\u2019une pastille d\u2019artificialisation pour le projet d\u00e9clar\u00e9 d\u2019int\u00e9r\u00eat g\u00e9n\u00e9ral par arr\u00eat\u00e9 pr\u00e9fectoral du 18\u00a0mai 2024 de la nouvelle prison de Noiseau\u2009\u00bb, indique la R\u00e9gion qui s\u2019\u00e9tait pourtant oppos\u00e9e au projet et militait pour <a href=\"https:\/\/actu.fr\/ile-de-france\/noiseau_94053\/future-prison-a-noiseau-face-a-la-fronde-valerie-pecresse-plaide-pour-agrandir-celle-de-fresnes_61559873.html\" rel=\"nofollow noopener\" target=\"_blank\">agrandir la prison de Fresnes<\/a>. \u00ab\u2009Cet ajout constitue <strong>une d\u00e9faite consid\u00e9rable pour la droite r\u00e9gionale<\/strong> qui s\u2019\u00e9tait engag\u00e9e devant la population \u00e0 mettre un coup d\u2019arr\u00eat \u00e0 cette implantation, rejet\u00e9e avec force par les habitants et les \u00e9lus locaux mobilis\u00e9s de mani\u00e8re transpartisane\u2009\u00bb, s\u2019est agac\u00e9 la pr\u00e9sidente du groupe de gauche au Conseil r\u00e9gional, C\u00e9line Malais\u00e9, dans un communiqu\u00e9.<\/p>\n<p class=\" wall-content\">Cette volte-face suscite de vives r\u00e9actions \u00e9galement chez les \u00e9lus du D\u00e9partement. \u00ab\u2009Ce revirement marque un revers pour la droite val-de-marnaise, pourtant engag\u00e9e publiquement contre le projet et fragilise ses propres soutiens locaux\u2009\u00bb, d\u00e9noncent les \u00e9lus d\u2019opposition du Conseil d\u00e9partemental.<\/p>\n<p>28 hectares de terres agricoles<\/p>\n<p class=\" wall-content\">Pour rappel, <strong>l\u2019\u00e9tablissement p\u00e9nitentiaire voulu de longue date par l\u2019\u00c9tat<\/strong> doit \u00eatre construit \u00e0 cheval sur la commune de Noiseau et celle de La Queue-en-Brie. Mais ni les villes voisines, ni les administr\u00e9s ni les exploitants agricoles, ni le conseil d\u00e9partemental n\u2019en veulent.<\/p>\n<p class=\" wall-content\">L\u2019un des arguments avanc\u00e9 \u00e9tait celui de l\u2019\u00e9cologie. Le projet entra\u00eenerait effectivement l\u2019artificialisation de pr\u00e8s de 28 hectares de terres agricoles figurant parmi les derni\u00e8res du d\u00e9partement. En octobre dernier, le conseil d\u00e9partemental avait tent\u00e9 de stopper la construction du nouvel \u00e9tablissement p\u00e9nitentiaire en engageant <a href=\"https:\/\/actu.fr\/ile-de-france\/noiseau_94053\/future-prison-de-noiseau-le-departement-du-val-de-marne-lance-une-guerilla-en-justice-contre-l-etat_61781726.html\" rel=\"nofollow noopener\" target=\"_blank\">une v\u00e9ritable \u00ab\u2009gu\u00e9rilla juridique\u2009\u00bb.<\/a> Il avait engag\u00e9 un recours contentieux contre l\u2019arr\u00eat\u00e9 pr\u00e9fectoral de mai\u00a02024 stipulant que la construction de ce b\u00e2timent de 800 places pour l\u2019horizon 2027 est un projet d\u2019int\u00e9r\u00eat r\u00e9gional.\u00a0L\u2019\u00c9tat estime que l\u2019emplacement r\u00e9pond aux besoins de surface, d\u2019\u00e9loignement avec les habitations et les capacit\u00e9s de desserte.<\/p>\n<p class=\" wall-content\">L\u2019int\u00e9gration du projet de prison de Noiseau dans la nouvelle version du SDRIF-E exasp\u00e8re d\u2019autant plus que celui de Magnanville (Yvelines) a, lui, \u00e9t\u00e9 retir\u00e9. \u00ab\u2009Il s\u2019agit d\u2019une bonne nouvelle qui salue l\u2019engagement du maire et de la population de cette commune. Toutefois, nous nous \u00e9tonnons de constater que ce qui est possible dans les Yvelines, terre d\u2019\u00e9lection de Val\u00e9rie P\u00e9cresse, <strong>ne l\u2019est pas dans le Val-de-Marne<\/strong>\u2009\u00bb, pointe le groupe de gauche du D\u00e9partement.<\/p>\n<p class=\" wall-content\">Suivez toute l\u2019actualit\u00e9 de vos villes et m\u00e9dias favoris en vous inscrivant \u00e0 <a href=\"https:\/\/moncompte.actu.fr\" title=\"D\u00e9couvez Mon Actu\" rel=\"nofollow noopener\" data-trk=\"{&quot;cta&quot;:{&quot;action&quot;:&quot;https:\\\/\\\/moncompte.actu.fr&quot;,&quot;category&quot;:&quot;mon compte&quot;,&quot;from&quot;:&quot;article footer&quot;,&quot;name&quot;:&quot;Mon actu&quot;,&quot;type&quot;:&quot;cta&quot;}}\" target=\"_blank\">Mon Actu<\/a>.<\/p>\n","protected":false},"excerpt":{"rendered":"Par In\u00e8s Cussac Publi\u00e9 le 6 ao\u00fbt 2025 \u00e0 17h10 \u00c9ni\u00e8me revers. Le projet de centre p\u00e9nitentiaire de&hellip;\n","protected":false},"author":2,"featured_media":300755,"comment_status":"","ping_status":"","sticky":false,"template":"","format":"standard","meta":{"footnotes":""},"categories":[1592],"tags":[1111,11,2760,1777,674,1011,27,662,12,626,899,25,104],"class_list":{"0":"post-300754","1":"post","2":"type-post","3":"status-publish","4":"format-standard","5":"has-post-thumbnail","7":"category-ile-de-france","8":"tag-actu","9":"tag-actualites","10":"tag-conseil-detat","11":"tag-eu","12":"tag-europe","13":"tag-fr","14":"tag-france","15":"tag-ile-de-france","16":"tag-news","17":"tag-paris","18":"tag-prisons","19":"tag-republique-francaise","20":"tag-societe"},"share_on_mastodon":{"url":"https:\/\/pubeurope.com\/@fr\/114982752345697864","error":""},"_links":{"self":[{"href":"https:\/\/www.europesays.com\/fr\/wp-json\/wp\/v2\/posts\/300754","targetHints":{"allow":["GET"]}}],"collection":[{"href":"https:\/\/www.europesays.com\/fr\/wp-json\/wp\/v2\/posts"}],"about":[{"href":"https:\/\/www.europesays.com\/fr\/wp-json\/wp\/v2\/types\/post"}],"author":[{"embeddable":true,"href":"https:\/\/www.europesays.com\/fr\/wp-json\/wp\/v2\/users\/2"}],"replies":[{"embeddable":true,"href":"https:\/\/www.europesays.com\/fr\/wp-json\/wp\/v2\/comments?post=300754"}],"version-history":[{"count":0,"href":"https:\/\/www.europesays.com\/fr\/wp-json\/wp\/v2\/posts\/300754\/revisions"}],"wp:featuredmedia":[{"embeddable":true,"href":"https:\/\/www.europesays.com\/fr\/wp-json\/wp\/v2\/media\/300755"}],"wp:attachment":[{"href":"https:\/\/www.europesays.com\/fr\/wp-json\/wp\/v2\/media?parent=300754"}],"wp:term":[{"taxonomy":"category","embeddable":true,"href":"https:\/\/www.europesays.com\/fr\/wp-json\/wp\/v2\/categories?post=300754"},{"taxonomy":"post_tag","embeddable":true,"href":"https:\/\/www.europesays.com\/fr\/wp-json\/wp\/v2\/tags?post=300754"}],"curies":[{"name":"wp","href":"https:\/\/api.w.org\/{rel}","templated":true}]}}