{"id":300758,"date":"2025-08-06T16:26:11","date_gmt":"2025-08-06T16:26:11","guid":{"rendered":"https:\/\/www.europesays.com\/fr\/300758\/"},"modified":"2025-08-06T16:26:11","modified_gmt":"2025-08-06T16:26:11","slug":"le-plus-grand-incendie-de-lete-en-france-a-depasse-la-taille-de-paris","status":"publish","type":"post","link":"https:\/\/www.europesays.com\/fr\/300758\/","title":{"rendered":"Le plus grand incendie de l&rsquo;\u00e9t\u00e9 en France a d\u00e9pass\u00e9 la taille de Paris"},"content":{"rendered":"<p>Le plus grand incendie de for\u00eat de l&rsquo;\u00e9t\u00e9 en France s&rsquo;est rapidement propag\u00e9 mercredi dans une r\u00e9gion m\u00e9diterran\u00e9enne proche de la fronti\u00e8re espagnole, apr\u00e8s avoir fait un mort, ont indiqu\u00e9 les autorit\u00e9s. L&rsquo;incendie a ravag\u00e9 une zone plus vaste que Paris.<\/p>\n<p>Environ 2000 pompiers et plusieurs avions bombardiers d&rsquo;eau ont lutt\u00e9 contre l&rsquo;incendie qui s&rsquo;est d\u00e9clar\u00e9 mardi apr\u00e8s-midi dans le village de Ribaute, dans l&rsquo;Aude, une zone rurale et bois\u00e9e abritant des domaines viticoles.<\/p>\n<p>L&rsquo;incendie, qui a ravag\u00e9 13 000 hectares, restait \u00abtr\u00e8s actif\u00bb mercredi, a indiqu\u00e9 la municipalit\u00e9 dans un communiqu\u00e9.<\/p>\n<p>Le temps \u00e9tait chaud, sec et venteux, ce qui a rendu difficile la ma\u00eetrise de l&rsquo;incendie.<\/p>\n<p>Une personne est d\u00e9c\u00e9d\u00e9e \u00e0 son domicile, neuf autres ont \u00e9t\u00e9 bless\u00e9es, dont sept pompiers, et au moins une personne est port\u00e9e disparue, selon le communiqu\u00e9.<\/p>\n<p>Jacques Piraux, maire du village de Jonqui\u00e8res, a relat\u00e9 que tous les habitants avaient \u00e9t\u00e9 \u00e9vacu\u00e9s.<\/p>\n<p>\u00abC&rsquo;est un spectacle qui est d&rsquo;une tristesse, d&rsquo;une d\u00e9solation\u00bb, a-t-il d\u00e9plor\u00e9 en entrevue avec le r\u00e9seau BFMTV.<\/p>\n<p>\u00abC&rsquo;est lunaire, tout est br\u00fbl\u00e9, plus de la moiti\u00e9 ou les trois quarts de la surface de la commune a br\u00fbl\u00e9. C&rsquo;est dantesque\u00bb, a-t-il racont\u00e9, tr\u00e8s \u00e9mu.<\/p>\n<p>Les habitants et les touristes des environs ont \u00e9t\u00e9 pri\u00e9s de rester chez eux, sauf avis contraire. Deux campings ont \u00e9t\u00e9 \u00e9vacu\u00e9s par mesure de pr\u00e9caution.<\/p>\n<p>Le premier ministre fran\u00e7ais, Fran\u00e7ois Bayrou, \u00e9tait attendu mercredi apr\u00e8s-midi, selon son bureau.<\/p>\n<p>Le minist\u00e8re de l&rsquo;Environnement a indiqu\u00e9 que l&rsquo;Aude connaissait une s\u00e9cheresse ce mois-ci, avec des restrictions d&rsquo;utilisation de l&rsquo;eau en vigueur. Le manque de pr\u00e9cipitations de ces derniers mois \u00aba jou\u00e9 un r\u00f4le majeur dans la propagation de l&rsquo;incendie, car la v\u00e9g\u00e9tation est tr\u00e8s s\u00e8che\u00bb, selon le communiqu\u00e9.<\/p>\n<p>L&rsquo;Europe du Sud a connu plusieurs incendies de grande ampleur cet \u00e9t\u00e9. Les scientifiques avertissent que le changement climatique exacerbe la fr\u00e9quence et l&rsquo;intensit\u00e9 de la chaleur et de la s\u00e9cheresse, rendant la r\u00e9gion plus vuln\u00e9rable aux incendies de for\u00eat. Le mois dernier, un incendie de for\u00eat qui a atteint le port de Marseille, deuxi\u00e8me ville de France, a fait environ 300 bless\u00e9s.<\/p>\n<p>L&rsquo;Europe est le continent qui se r\u00e9chauffe le plus rapidement au monde, avec des temp\u00e9ratures augmentant deux fois plus vite que la moyenne mondiale depuis les ann\u00e9es 1980, selon le Service Copernicus sur le changement climatique de l&rsquo;Union europ\u00e9enne.<\/p>\n<p>Sylvie Corbet, The Associated Press<\/p>\n","protected":false},"excerpt":{"rendered":"Le plus grand incendie de for\u00eat de l&rsquo;\u00e9t\u00e9 en France s&rsquo;est rapidement propag\u00e9 mercredi dans une r\u00e9gion m\u00e9diterran\u00e9enne&hellip;\n","protected":false},"author":2,"featured_media":300759,"comment_status":"","ping_status":"","sticky":false,"template":"","format":"standard","meta":{"footnotes":""},"categories":[1888],"tags":[1111,1928,11,1927,1777,674,1011,27,30312,38646,44089,12,1926,626,1925,25],"class_list":{"0":"post-300758","1":"post","2":"type-post","3":"status-publish","4":"format-standard","5":"has-post-thumbnail","7":"category-paris","8":"tag-actu","9":"tag-actu-paris","10":"tag-actualites","11":"tag-actualites-paris","12":"tag-eu","13":"tag-europe","14":"tag-fr","15":"tag-france","16":"tag-incendies-de-foret","17":"tag-le-temps","18":"tag-lutte-contre-lincendie","19":"tag-news","20":"tag-news-paris","21":"tag-paris","22":"tag-paris-news","23":"tag-republique-francaise"},"share_on_mastodon":{"url":"https:\/\/pubeurope.com\/@fr\/114982760307925363","error":""},"_links":{"self":[{"href":"https:\/\/www.europesays.com\/fr\/wp-json\/wp\/v2\/posts\/300758","targetHints":{"allow":["GET"]}}],"collection":[{"href":"https:\/\/www.europesays.com\/fr\/wp-json\/wp\/v2\/posts"}],"about":[{"href":"https:\/\/www.europesays.com\/fr\/wp-json\/wp\/v2\/types\/post"}],"author":[{"embeddable":true,"href":"https:\/\/www.europesays.com\/fr\/wp-json\/wp\/v2\/users\/2"}],"replies":[{"embeddable":true,"href":"https:\/\/www.europesays.com\/fr\/wp-json\/wp\/v2\/comments?post=300758"}],"version-history":[{"count":0,"href":"https:\/\/www.europesays.com\/fr\/wp-json\/wp\/v2\/posts\/300758\/revisions"}],"wp:featuredmedia":[{"embeddable":true,"href":"https:\/\/www.europesays.com\/fr\/wp-json\/wp\/v2\/media\/300759"}],"wp:attachment":[{"href":"https:\/\/www.europesays.com\/fr\/wp-json\/wp\/v2\/media?parent=300758"}],"wp:term":[{"taxonomy":"category","embeddable":true,"href":"https:\/\/www.europesays.com\/fr\/wp-json\/wp\/v2\/categories?post=300758"},{"taxonomy":"post_tag","embeddable":true,"href":"https:\/\/www.europesays.com\/fr\/wp-json\/wp\/v2\/tags?post=300758"}],"curies":[{"name":"wp","href":"https:\/\/api.w.org\/{rel}","templated":true}]}}