{"id":300762,"date":"2025-08-06T16:28:18","date_gmt":"2025-08-06T16:28:18","guid":{"rendered":"https:\/\/www.europesays.com\/fr\/300762\/"},"modified":"2025-08-06T16:28:18","modified_gmt":"2025-08-06T16:28:18","slug":"pourquoi-le-paris-saint-germain-pourrait-entrer-dans-lhistoire-du-prestigieux-trophee","status":"publish","type":"post","link":"https:\/\/www.europesays.com\/fr\/300762\/","title":{"rendered":"pourquoi le Paris Saint-Germain pourrait entrer dans l&rsquo;histoire du prestigieux troph\u00e9e ?"},"content":{"rendered":"<p class=\"article-p mdl\">Ce jeudi 7 ao\u00fbt, la liste des 30 nomm\u00e9s pour le Ballon d&rsquo;Or sera r\u00e9v\u00e9l\u00e9e par France Football, un mois avant la tant attendue c\u00e9r\u00e9monie pr\u00e9vue le 22 septembre 2025 au Th\u00e9\u00e2tre du Ch\u00e2telet (Ier arr. de Paris). Si Ousmane Demb\u00e9l\u00e9, Lamine Yamal ou encore Raphinha sont attendus comme les favoris \u00e0 la victoire finale, <strong>d&rsquo;autres acteurs majeurs de la saison 2024-2025<\/strong> seront pr\u00e9sents parmi les 30 nomm\u00e9s.<\/p>\n<p class=\"article-p mdl\"><a class=\"link\" href=\"https:\/\/www.rtl.fr\/sport\/football\/ballon-d-or-2025-la-ceremonie-se-tiendra-le-22-septembre-a-paris-7900506838\" target=\"_blank\" rel=\"noopener\">Le troph\u00e9e<\/a>, qui sera d\u00e9cern\u00e9 sur la base des r\u00e9sultats de la saison, allant de 1er ao\u00fbt 2024 au 31 juillet 2025, verra <strong>de nombreux Parisiens pr\u00e9sents<\/strong>. Club marquant de la saison 2024-2025 avec un quadrupl\u00e9 historique Ligue 1, Coupe de France, Troph\u00e9e des Champions, Ligue des champions, ainsi qu&rsquo;une finale de Coupe du Monde des Clubs face \u00e0 Chelsea (perdue 3-0), le PSG a des chances d&rsquo;y faire figurer quelques beaux noms.<\/p>\n<p class=\"article-p mdl\">Et si c&rsquo;\u00e9tait son 11 complet ?<strong>\u00a0C&rsquo;est la folle prouesse que peut r\u00e9aliser le PSG d\u00e8s ce jeudi.<\/strong> Raflant la quasi-totalit\u00e9 des troph\u00e9es pr\u00e9sents sur son passage cette saison,\u00a0<a class=\"link\" href=\"https:\/\/www.rtl.fr\/sport\/football\/psg-qui-est-khvicha-kvaratskhelia-la-nouvelle-recrue-du-club-7900462666\" target=\"_blank\" rel=\"noopener\">Khvicha Kvaratskhelia<\/a>\u00a0(attaquant), Gianluigi Donnarumma (gardien de but), D\u00e9sir\u00e9 Dou\u00e9 (attaquant), Vitinha (milieu de terrain),\u00a0<a class=\"link\" href=\"https:\/\/www.rtl.fr\/actu\/justice-faits-divers\/achraf-hakimi-un-proces-pour-viol-requis-contre-le-joueur-du-psg-7900527562\" target=\"_blank\" rel=\"noopener\">Achraf Hakimi<\/a>\u00a0et Nuno Mendes (d\u00e9fenseurs) devraient rejoindre Ousmane Demb\u00e9l\u00e9 dans la liste.<\/p>\n<p class=\"article-p mdl\">Ajout\u00e9s \u00e0 ces noms, le doute persiste encore sur la pr\u00e9sence du Fran\u00e7ais Bradley Barcola (attaquant), de Fabian Ruiz et Jo\u00e3o Neves (millieux de terrain), ainsi que Willian Pacho (d\u00e9fenseur). Un <strong>potentiel total de onze joueurs d&rsquo;une m\u00eame \u00e9quipe nomm\u00e9s<\/strong>, du jamais vu dans l&rsquo;histoire de la c\u00e9r\u00e9monie existante depuis 1956. Jamais un club n&rsquo;a r\u00e9ussi \u00e0 placer plus de huit joueurs lors d&rsquo;une m\u00eame c\u00e9r\u00e9monie.<\/p>\n<p>    La r\u00e9daction vous recommande<\/p>\n<p class=\"s-newsletter__title\">\n                L\u2019actualit\u00e9 par la r\u00e9daction de RTL dans votre bo\u00eete mail.\n            <\/p>\n<p class=\"s-newsletter__subtitle\">\n                Gr\u00e2ce \u00e0 votre compte RTL abonnez-vous \u00e0 la newsletter RTL info pour suivre toute l&rsquo;actualit\u00e9 au quotidien\n            <\/p>\n<p>\n                                    Lire la suite\n                                <\/p>\n","protected":false},"excerpt":{"rendered":"Ce jeudi 7 ao\u00fbt, la liste des 30 nomm\u00e9s pour le Ballon d&rsquo;Or sera r\u00e9v\u00e9l\u00e9e par France Football,&hellip;\n","protected":false},"author":2,"featured_media":300763,"comment_status":"","ping_status":"","sticky":false,"template":"","format":"standard","meta":{"footnotes":""},"categories":[1888],"tags":[11,454,1777,674,107,2619,63,1011,27,12,626,91,362,360,25],"class_list":{"0":"post-300762","1":"post","2":"type-post","3":"status-publish","4":"format-standard","5":"has-post-thumbnail","7":"category-paris","8":"tag-actualites","9":"tag-ballon-dor","10":"tag-eu","11":"tag-europe","12":"tag-fil-info","13":"tag-fil-sport","14":"tag-football","15":"tag-fr","16":"tag-france","17":"tag-news","18":"tag-paris","19":"tag-paris-saint-germain","20":"tag-replay","21":"tag-replay-integral","22":"tag-republique-francaise"},"share_on_mastodon":{"url":"https:\/\/pubeurope.com\/@fr\/114982768031182769","error":""},"_links":{"self":[{"href":"https:\/\/www.europesays.com\/fr\/wp-json\/wp\/v2\/posts\/300762","targetHints":{"allow":["GET"]}}],"collection":[{"href":"https:\/\/www.europesays.com\/fr\/wp-json\/wp\/v2\/posts"}],"about":[{"href":"https:\/\/www.europesays.com\/fr\/wp-json\/wp\/v2\/types\/post"}],"author":[{"embeddable":true,"href":"https:\/\/www.europesays.com\/fr\/wp-json\/wp\/v2\/users\/2"}],"replies":[{"embeddable":true,"href":"https:\/\/www.europesays.com\/fr\/wp-json\/wp\/v2\/comments?post=300762"}],"version-history":[{"count":0,"href":"https:\/\/www.europesays.com\/fr\/wp-json\/wp\/v2\/posts\/300762\/revisions"}],"wp:featuredmedia":[{"embeddable":true,"href":"https:\/\/www.europesays.com\/fr\/wp-json\/wp\/v2\/media\/300763"}],"wp:attachment":[{"href":"https:\/\/www.europesays.com\/fr\/wp-json\/wp\/v2\/media?parent=300762"}],"wp:term":[{"taxonomy":"category","embeddable":true,"href":"https:\/\/www.europesays.com\/fr\/wp-json\/wp\/v2\/categories?post=300762"},{"taxonomy":"post_tag","embeddable":true,"href":"https:\/\/www.europesays.com\/fr\/wp-json\/wp\/v2\/tags?post=300762"}],"curies":[{"name":"wp","href":"https:\/\/api.w.org\/{rel}","templated":true}]}}