{"id":300764,"date":"2025-08-06T16:29:09","date_gmt":"2025-08-06T16:29:09","guid":{"rendered":"https:\/\/www.europesays.com\/fr\/300764\/"},"modified":"2025-08-06T16:29:09","modified_gmt":"2025-08-06T16:29:09","slug":"gaza-ukraine-les-pressions-internationales-peuvent-elles-forcer-la-paix","status":"publish","type":"post","link":"https:\/\/www.europesays.com\/fr\/300764\/","title":{"rendered":"Gaza, Ukraine\u00a0: les pressions internationales peuvent-elles forcer la paix\u00a0?"},"content":{"rendered":"<p class=\"PopSlotParagraph qg-tx2 qg-xtra-lh svelte-1r0pyek\">Deux conflits concentrent aujourd&rsquo;hui l&rsquo;attention de notre monde occidental\u00a0: Gaza o\u00f9 le gouvernement isra\u00e9lien m\u00e8ne une guerre sans merci en repr\u00e9sailles de l&rsquo;attaque du 7 octobre et l&rsquo;Ukraine o\u00f9 la Russie poursuit sa tentative de conqu\u00eate&#8230; Deux conflits auxquels les bellig\u00e9rants ne semblent pas pr\u00e8s de mettre fin spontan\u00e9ment et dont les images bouleversent les opinions publiques .<\/p>\n<p class=\"PopSlotParagraph qg-tx2 qg-xtra-lh svelte-1r0pyek\">Dans ce contexte, fait d&rsquo;\u00e9motion et de jusqu&rsquo;au boutisme militaire, les diplomates et les dirigeants europ\u00e9ens et am\u00e9ricains tentent diff\u00e9rentes pressions\u00a0: diplomatiques, \u00e9conomiques ou militaires&#8230; Ils agissent ou tentent d&rsquo;agir ou font semblant d&rsquo;agir nous en discuterons&#8230; avec quelle efficacit\u00e9\u00a0?<\/p>\n","protected":false},"excerpt":{"rendered":"Deux conflits concentrent aujourd&rsquo;hui l&rsquo;attention de notre monde occidental\u00a0: Gaza o\u00f9 le gouvernement isra\u00e9lien m\u00e8ne une guerre sans&hellip;\n","protected":false},"author":2,"featured_media":300765,"comment_status":"","ping_status":"","sticky":false,"template":"","format":"standard","meta":{"footnotes":""},"categories":[1591],"tags":[11,1887,12,1885,1886,132],"class_list":{"0":"post-300764","1":"post","2":"type-post","3":"status-publish","4":"format-standard","5":"has-post-thumbnail","7":"category-russie","8":"tag-actualites","9":"tag-federation-de-russie","10":"tag-news","11":"tag-russia","12":"tag-russian-federation","13":"tag-russie"},"share_on_mastodon":{"url":"https:\/\/pubeurope.com\/@fr\/114982772002096499","error":""},"_links":{"self":[{"href":"https:\/\/www.europesays.com\/fr\/wp-json\/wp\/v2\/posts\/300764","targetHints":{"allow":["GET"]}}],"collection":[{"href":"https:\/\/www.europesays.com\/fr\/wp-json\/wp\/v2\/posts"}],"about":[{"href":"https:\/\/www.europesays.com\/fr\/wp-json\/wp\/v2\/types\/post"}],"author":[{"embeddable":true,"href":"https:\/\/www.europesays.com\/fr\/wp-json\/wp\/v2\/users\/2"}],"replies":[{"embeddable":true,"href":"https:\/\/www.europesays.com\/fr\/wp-json\/wp\/v2\/comments?post=300764"}],"version-history":[{"count":0,"href":"https:\/\/www.europesays.com\/fr\/wp-json\/wp\/v2\/posts\/300764\/revisions"}],"wp:featuredmedia":[{"embeddable":true,"href":"https:\/\/www.europesays.com\/fr\/wp-json\/wp\/v2\/media\/300765"}],"wp:attachment":[{"href":"https:\/\/www.europesays.com\/fr\/wp-json\/wp\/v2\/media?parent=300764"}],"wp:term":[{"taxonomy":"category","embeddable":true,"href":"https:\/\/www.europesays.com\/fr\/wp-json\/wp\/v2\/categories?post=300764"},{"taxonomy":"post_tag","embeddable":true,"href":"https:\/\/www.europesays.com\/fr\/wp-json\/wp\/v2\/tags?post=300764"}],"curies":[{"name":"wp","href":"https:\/\/api.w.org\/{rel}","templated":true}]}}