{"id":300767,"date":"2025-08-06T16:31:11","date_gmt":"2025-08-06T16:31:11","guid":{"rendered":"https:\/\/www.europesays.com\/fr\/300767\/"},"modified":"2025-08-06T16:31:11","modified_gmt":"2025-08-06T16:31:11","slug":"aux-etats-unis-donald-trump-triche-avec-la-carte-electorale-pour-contourner-le-suffrage-universel-et-rafler-les-elections-de-mi-mandat","status":"publish","type":"post","link":"https:\/\/www.europesays.com\/fr\/300767\/","title":{"rendered":"Aux \u00c9tats-Unis, Donald Trump triche avec la carte \u00e9lectorale pour contourner le suffrage universel et rafler les \u00e9lections de mi-mandat"},"content":{"rendered":"<p>Comment gagner une \u00e9lection en \u00e9tant minoritaire en voix\u00a0? La r\u00e9ponse de Donald Trump est simple\u00a0: en changeant les r\u00e8gles du jeu et en pi\u00e9tinant le principe du suffrage universel.<\/p>\n<p>Anticipant une d\u00e9faite aux \u00e9lections l\u00e9gislatives interm\u00e9diaires, dites de mi-mandat, en novembre 2026,<a href=\"https:\/\/www.humanite.fr\/monde\/allemagne\/droits-de-douane-cet-accord-cest-une-veritable-vassalisation-de-lue-par-rapport-aux-etats-unis\" rel=\"nofollow noopener\" target=\"_blank\"> le pr\u00e9sident \u00e9tats-unien<\/a> a lanc\u00e9 une offensive afin que les \u00e9lus r\u00e9publicains proc\u00e8dent en urgence \u00e0 des red\u00e9coupages \u00e9lectoraux favorables \u00e0 leurs int\u00e9r\u00eats.<\/p>\n<p>Tout a commenc\u00e9 par un coup de fil pass\u00e9 par l\u2019h\u00f4te de la Maison-Blanche \u00e0 Greg Abbott, gouverneur du Texas, deuxi\u00e8me \u00c9tat le plus peupl\u00e9 du pays et place forte du Grand Old Party (surnom du Parti r\u00e9publicain). En substance\u00a0: trouvez-moi cinq si\u00e8ges de plus.<\/p>\n<p>Une carte \u00e9lectorale qui dilue le vote des minorit\u00e9s noires et latinos<\/p>\n<p>Aussit\u00f4t ordonn\u00e9, aussit\u00f4t r\u00e9alis\u00e9. La majorit\u00e9 r\u00e9publicaine \u00e0 l\u2019Assembl\u00e9e d\u2019\u00c9tat a mis au point une nouvelle carte \u00e9lectorale qui fait m\u00e9caniquement passer le nombre d\u2019\u00e9lus r\u00e9publicains de 25 \u00e0 30 alors que les d\u00e9mocrates n\u2019en disposeraient&#8230;<\/p>\n","protected":false},"excerpt":{"rendered":"Comment gagner une \u00e9lection en \u00e9tant minoritaire en voix\u00a0? La r\u00e9ponse de Donald Trump est simple\u00a0: en changeant&hellip;\n","protected":false},"author":2,"featured_media":300768,"comment_status":"","ping_status":"","sticky":false,"template":"","format":"standard","meta":{"footnotes":""},"categories":[1589],"tags":[11,75,73,1866,12,770,1864,1865,1863,308],"class_list":{"0":"post-300767","1":"post","2":"type-post","3":"status-publish","4":"format-standard","5":"has-post-thumbnail","7":"category-etats-unis","8":"tag-actualites","9":"tag-donald-trump","10":"tag-etats-unis","11":"tag-etats-unis-damerique","12":"tag-news","13":"tag-u00e9tats-unis","14":"tag-united-states","15":"tag-united-states-of-america","16":"tag-us","17":"tag-usa"},"share_on_mastodon":{"url":"https:\/\/pubeurope.com\/@fr\/114982779813988050","error":""},"_links":{"self":[{"href":"https:\/\/www.europesays.com\/fr\/wp-json\/wp\/v2\/posts\/300767","targetHints":{"allow":["GET"]}}],"collection":[{"href":"https:\/\/www.europesays.com\/fr\/wp-json\/wp\/v2\/posts"}],"about":[{"href":"https:\/\/www.europesays.com\/fr\/wp-json\/wp\/v2\/types\/post"}],"author":[{"embeddable":true,"href":"https:\/\/www.europesays.com\/fr\/wp-json\/wp\/v2\/users\/2"}],"replies":[{"embeddable":true,"href":"https:\/\/www.europesays.com\/fr\/wp-json\/wp\/v2\/comments?post=300767"}],"version-history":[{"count":0,"href":"https:\/\/www.europesays.com\/fr\/wp-json\/wp\/v2\/posts\/300767\/revisions"}],"wp:featuredmedia":[{"embeddable":true,"href":"https:\/\/www.europesays.com\/fr\/wp-json\/wp\/v2\/media\/300768"}],"wp:attachment":[{"href":"https:\/\/www.europesays.com\/fr\/wp-json\/wp\/v2\/media?parent=300767"}],"wp:term":[{"taxonomy":"category","embeddable":true,"href":"https:\/\/www.europesays.com\/fr\/wp-json\/wp\/v2\/categories?post=300767"},{"taxonomy":"post_tag","embeddable":true,"href":"https:\/\/www.europesays.com\/fr\/wp-json\/wp\/v2\/tags?post=300767"}],"curies":[{"name":"wp","href":"https:\/\/api.w.org\/{rel}","templated":true}]}}