{"id":300769,"date":"2025-08-06T16:32:22","date_gmt":"2025-08-06T16:32:22","guid":{"rendered":"https:\/\/www.europesays.com\/fr\/300769\/"},"modified":"2025-08-06T16:32:22","modified_gmt":"2025-08-06T16:32:22","slug":"la-tempete-floris-frappe-le-pays-avec-une-force-inhabituelle-pour-la-saison","status":"publish","type":"post","link":"https:\/\/www.europesays.com\/fr\/300769\/","title":{"rendered":"la temp\u00eate Floris frappe le pays avec une force \u00ab\u00a0inhabituelle\u00a0\u00bb pour la saison"},"content":{"rendered":"<p>Trains perturb\u00e9s, routes coup\u00e9es, \u00e9v\u00e9nements annul\u00e9s\u00a0: la temp\u00eate Floris frappe l\u2019\u00c9cosse\u00a0et le nord de l\u2019Angleterre lundi, avec une force \u00ab\u00a0inhabituelle\u00a0\u00bb pour un mois d\u2019ao\u00fbt, selon l\u2019office national britannique de m\u00e9t\u00e9orologie. Le Met Office a plac\u00e9 la quasi-totalit\u00e9 de l\u2019\u00c9cosse, une destination particuli\u00e8rement touristique en \u00e9t\u00e9, au niveau d\u2019alerte \u00ab\u00a0ambre\u00a0\u00bb, le 2e sur 3.<\/p>\n<p>\u00ab\u00a0La temp\u00eate Floris est une temp\u00eate inhabituellement forte pour cette \u00e9poque de l\u2019ann\u00e9e\u00a0\u00bb, a soulign\u00e9 le Met Office dans un communiqu\u00e9, ajoutant que c\u2019est seulement la deuxi\u00e8me fois depuis 2011 qu\u2019il \u00e9met une alerte aux vents violents de ce niveau en ao\u00fbt.<\/p>\n<p>Dans la soir\u00e9e, le vent a ainsi atteint 132\u00a0km\/h \u00e0 Wick dans l\u2019extr\u00eame nord de l\u2019\u00c9cosse, devenant le nouveau record pour un mois d\u2019ao\u00fbt dans cette nation britannique, a indiqu\u00e9 le Met Office sur X.<\/p>\n<p>De nombreuses perturbations ont \u00e9t\u00e9 enregistr\u00e9es, en particulier sur le r\u00e9seau de chemin de fer, o\u00f9 des trains ont \u00e9t\u00e9 annul\u00e9s, selon l\u2019op\u00e9rateur Network Rail Scotland. La chute d\u2019un arbre a caus\u00e9 un incendie sur les rails pr\u00e8s de Glasgow.<\/p>\n<p>Des vols ont \u00e9galement \u00e9t\u00e9 annul\u00e9s dans certains a\u00e9roports, en particulier celui d\u2019Aberdeen (nord-est). Environ 22\u00a0500 foyers \u00e9taient sans \u00e9lectricit\u00e9 dans l\u2019apr\u00e8s-midi, selon l\u2019op\u00e9rateur du r\u00e9seau Scottish and Southern Electricity Networks (SSEN).<\/p>\n<p>Une force amplifi\u00e9e par le changement climatique<\/p>\n<p>\u00ab\u00a0En plein \u00e9t\u00e9, nous d\u00e9ployons une op\u00e9ration comparable en taille \u00e0 celles que nous mobilisons lorsqu\u2019une temp\u00eate frappe au c\u0153ur de l\u2019hiver\u00a0\u00bb, a soulign\u00e9 Andy Smith, responsable des op\u00e9rations de SSEN.<\/p>\n<p>\u00c0 \u00c9dimbourg, le c\u00e9l\u00e8bre festival d\u2019arts de la sc\u00e8ne Fringe, qui accueille plus de 2\u00a0millions de personnes par an, a d\u00fb annuler une centaine de repr\u00e9sentations \u00e0 cause de la temp\u00eate, a indiqu\u00e9 \u00e0 Sky News son directeur Tony Lankester. Le zoo de cette ville restera ferm\u00e9 pour la journ\u00e9e. Le domaine de Balmoral, r\u00e9sidence estivale du roi Charles III situ\u00e9e dans le nord de l\u2019\u00c9cosse, a \u00e9galement ferm\u00e9 ses portes lundi aux visiteurs.<\/p>\n<p>Sur l\u2019\u00eele de Skye, tr\u00e8s touristique, des camping-cars ont \u00e9t\u00e9 emport\u00e9s sous l\u2019effet des fortes rafales, a rapport\u00e9 la police locale, qui recommande aux vacanciers de se mettre \u00e0 l\u2019abri. Le Met Office a pr\u00e9venu que des pr\u00e9cipitations intenses pourraient s\u2019ajouter aux vents violents. L\u2019alerte reste en vigueur jusqu\u2019\u00e0 23\u00a0h\u00a000 locale.<\/p>\n<p>La temp\u00eate a \u00e9galement touch\u00e9 l\u2019\u00eele d\u2019Irlande, o\u00f9 environ 2\u00a0700 foyers \u00e9taient priv\u00e9s d\u2019\u00e9lectricit\u00e9 en fin de journ\u00e9e, selon l\u2019op\u00e9rateur ESB Networks. La temp\u00eate Floris est la sixi\u00e8me \u00e0 frapper le Royaume-Uni depuis septembre dernier, qui marque habituellement le d\u00e9but du calendrier pour le d\u00e9compte de ce type d\u2019\u00e9v\u00e9nement climatique, dont la force est amplifi\u00e9e <a href=\"https:\/\/www.la-croix.com\/planete\/comment-le-changement-climatique-rend-les-seismes-plus-nombreux-et-plus-devastateurs-20250730\" data-tracking=\"inpage_click\" data-tracking-action=\"suivre un lien dans l&#039;article\" data-tracking-category=\"engagement\" rel=\"nofollow noopener\" target=\"_blank\">par le changement climatique<\/a>.<\/p>\n","protected":false},"excerpt":{"rendered":"Trains perturb\u00e9s, routes coup\u00e9es, \u00e9v\u00e9nements annul\u00e9s\u00a0: la temp\u00eate Floris frappe l\u2019\u00c9cosse\u00a0et le nord de l\u2019Angleterre lundi, avec une&hellip;\n","protected":false},"author":2,"featured_media":300770,"comment_status":"","ping_status":"","sticky":false,"template":"","format":"standard","meta":{"footnotes":""},"categories":[1588],"tags":[11,1777,674,12,473,1853,1851,1850,1852],"class_list":{"0":"post-300769","1":"post","2":"type-post","3":"status-publish","4":"format-standard","5":"has-post-thumbnail","7":"category-royaume-uni","8":"tag-actualites","9":"tag-eu","10":"tag-europe","11":"tag-news","12":"tag-royaume-uni","13":"tag-royaume-uni-de-grande-bretagne-et-dirlande-du-nord","14":"tag-uk","15":"tag-united-kingdom","16":"tag-united-kingdom-of-great-britain-and-northern-ireland"},"share_on_mastodon":{"url":"https:\/\/pubeurope.com\/@fr\/114982783778263465","error":""},"_links":{"self":[{"href":"https:\/\/www.europesays.com\/fr\/wp-json\/wp\/v2\/posts\/300769","targetHints":{"allow":["GET"]}}],"collection":[{"href":"https:\/\/www.europesays.com\/fr\/wp-json\/wp\/v2\/posts"}],"about":[{"href":"https:\/\/www.europesays.com\/fr\/wp-json\/wp\/v2\/types\/post"}],"author":[{"embeddable":true,"href":"https:\/\/www.europesays.com\/fr\/wp-json\/wp\/v2\/users\/2"}],"replies":[{"embeddable":true,"href":"https:\/\/www.europesays.com\/fr\/wp-json\/wp\/v2\/comments?post=300769"}],"version-history":[{"count":0,"href":"https:\/\/www.europesays.com\/fr\/wp-json\/wp\/v2\/posts\/300769\/revisions"}],"wp:featuredmedia":[{"embeddable":true,"href":"https:\/\/www.europesays.com\/fr\/wp-json\/wp\/v2\/media\/300770"}],"wp:attachment":[{"href":"https:\/\/www.europesays.com\/fr\/wp-json\/wp\/v2\/media?parent=300769"}],"wp:term":[{"taxonomy":"category","embeddable":true,"href":"https:\/\/www.europesays.com\/fr\/wp-json\/wp\/v2\/categories?post=300769"},{"taxonomy":"post_tag","embeddable":true,"href":"https:\/\/www.europesays.com\/fr\/wp-json\/wp\/v2\/tags?post=300769"}],"curies":[{"name":"wp","href":"https:\/\/api.w.org\/{rel}","templated":true}]}}