{"id":300771,"date":"2025-08-06T16:33:18","date_gmt":"2025-08-06T16:33:18","guid":{"rendered":"https:\/\/www.europesays.com\/fr\/300771\/"},"modified":"2025-08-06T16:33:18","modified_gmt":"2025-08-06T16:33:18","slug":"lallemagne-supprime-la-taxe-sur-le-stockage-du-gaz","status":"publish","type":"post","link":"https:\/\/www.europesays.com\/fr\/300771\/","title":{"rendered":"L&rsquo;Allemagne supprime la taxe sur le stockage du gaz"},"content":{"rendered":"<p>Le gouvernement allemand a approuv\u00e9 mercredi un projet de loi visant \u00e0 supprimer la taxe sur le stockage du gaz pour l&rsquo;ensemble des consommateurs, dans le but de faire baisser le co\u00fbt de l&rsquo;\u00e9nergie.<\/p>\n<p>\nApr\u00e8s des d\u00e9cennies de d\u00e9pendance au gaz russe bon march\u00e9, la premi\u00e8re \u00e9conomie europ\u00e9enne est confront\u00e9e \u00e0 des co\u00fbts \u00e9nerg\u00e9tiques \u00e9lev\u00e9s, qui p\u00e8sent lourdement sur ses industries d&rsquo;exportation et \u00e0 forte intensit\u00e9 \u00e9nerg\u00e9tique, telles que la chimie et la m\u00e9tallurgie.<\/p>\n<p>\nLa taxe avait \u00e9t\u00e9 instaur\u00e9e en 2022 afin de compenser le surco\u00fbt li\u00e9 au remplacement du gaz russe, suite \u00e0 la r\u00e9duction des livraisons par Moscou.<\/p>\n<p>\nAlors qu&rsquo;elle \u00e9tait initialement destin\u00e9e \u00e0 \u00eatre partag\u00e9e plus largement, la pression des voisins de l&rsquo;Allemagne a conduit Berlin \u00e0 faire peser cette charge uniquement sur les consommateurs allemands.<\/p>\n<p>\nSelon les estimations du gouvernement, la suppression de la taxe repr\u00e9sentera un all\u00e9gement d&rsquo;environ 3,4 milliards d&rsquo;euros (3,93 milliards de dollars) pour les clients finaux, permettant \u00e0 un foyer moyen de quatre personnes d&rsquo;\u00e9conomiser entre 30 et 60 euros par an.<\/p>\n<p>\n($1 = 0,8655 euro)<\/p>\n<p><\/p>\n","protected":false},"excerpt":{"rendered":"Le gouvernement allemand a approuv\u00e9 mercredi un projet de loi visant \u00e0 supprimer la taxe sur le stockage&hellip;\n","protected":false},"author":2,"featured_media":300772,"comment_status":"","ping_status":"","sticky":false,"template":"","format":"standard","meta":{"footnotes":""},"categories":[1587],"tags":[11,672,340,1804,1805,1803,1777,674,1801,12,1802],"class_list":{"0":"post-300771","1":"post","2":"type-post","3":"status-publish","4":"format-standard","5":"has-post-thumbnail","7":"category-allemagne","8":"tag-actualites","9":"tag-allemagne","10":"tag-bourse","11":"tag-bundesrepublik-deutschland","12":"tag-de","13":"tag-deutschland","14":"tag-eu","15":"tag-europe","16":"tag-germany","17":"tag-news","18":"tag-republique-federale-dallemagne"},"share_on_mastodon":{"url":"https:\/\/pubeurope.com\/@fr\/114982787702176603","error":""},"_links":{"self":[{"href":"https:\/\/www.europesays.com\/fr\/wp-json\/wp\/v2\/posts\/300771","targetHints":{"allow":["GET"]}}],"collection":[{"href":"https:\/\/www.europesays.com\/fr\/wp-json\/wp\/v2\/posts"}],"about":[{"href":"https:\/\/www.europesays.com\/fr\/wp-json\/wp\/v2\/types\/post"}],"author":[{"embeddable":true,"href":"https:\/\/www.europesays.com\/fr\/wp-json\/wp\/v2\/users\/2"}],"replies":[{"embeddable":true,"href":"https:\/\/www.europesays.com\/fr\/wp-json\/wp\/v2\/comments?post=300771"}],"version-history":[{"count":0,"href":"https:\/\/www.europesays.com\/fr\/wp-json\/wp\/v2\/posts\/300771\/revisions"}],"wp:featuredmedia":[{"embeddable":true,"href":"https:\/\/www.europesays.com\/fr\/wp-json\/wp\/v2\/media\/300772"}],"wp:attachment":[{"href":"https:\/\/www.europesays.com\/fr\/wp-json\/wp\/v2\/media?parent=300771"}],"wp:term":[{"taxonomy":"category","embeddable":true,"href":"https:\/\/www.europesays.com\/fr\/wp-json\/wp\/v2\/categories?post=300771"},{"taxonomy":"post_tag","embeddable":true,"href":"https:\/\/www.europesays.com\/fr\/wp-json\/wp\/v2\/tags?post=300771"}],"curies":[{"name":"wp","href":"https:\/\/api.w.org\/{rel}","templated":true}]}}