{"id":300783,"date":"2025-08-06T16:39:18","date_gmt":"2025-08-06T16:39:18","guid":{"rendered":"https:\/\/www.europesays.com\/fr\/300783\/"},"modified":"2025-08-06T16:39:18","modified_gmt":"2025-08-06T16:39:18","slug":"rory-mcilroy-visera-une-septieme-couronne-a-dubai-au-mois-de-novembre","status":"publish","type":"post","link":"https:\/\/www.europesays.com\/fr\/300783\/","title":{"rendered":"Rory McIlroy visera une septi\u00e8me couronne \u00e0 Duba\u00ef au mois de novembre"},"content":{"rendered":"<p>\t\t\t\t\t\t<img width=\"770\" height=\"550\" src=\"https:\/\/www.europesays.com\/fr\/wp-content\/uploads\/2025\/08\/afp__20241117__2185226506__v1__highres__dpworldtourchampionship2024dayfour-770x550.jpg\" class=\"img-responsive wp-post-image\" alt=\"\" decoding=\"async\" fetchpriority=\"high\"  \/>\t\t\t\t\t<\/p>\n<p>\t\t\t\t\t\t Partager cet article <\/p>\n<p class=\"screen-reader-text juiz_sps_maybe_hidden_text\">Partager la publication \u00ab\u00a0Rory McIlroy visera une septi\u00e8me couronne \u00e0 Duba\u00ef au mois de novembre\u00a0\u00bb<\/p>\n<p><strong>Rory McIlroy vient de confirmer sa pr\u00e9sence au Jumeirah Golf Estates, h\u00f4te du 13 au 16 novembre du dernier tournoi de la saison 2024-25 du DP World Tour, le DP World Tour Championship (10 millions de dollars de dotation). Le Nord-Irlandais aura comme objectif de d\u00e9crocher un septi\u00e8me titre de la Race to Duba\u00ef, le quatri\u00e8me cons\u00e9cutivement.\u00a0<\/strong><\/p>\n<p>\t\t\t\t\t<a id=\"180479\" href=\"https:\/\/www.swing.fr\/voyage\/35-14eme-edition-des-doubles-gosset-by-beachcomber\" target=\"_blank\" rel=\"sponsorised nofollow noopener\"><img decoding=\"async\" src=\"data:image\/svg+xml,%3Csvg%20xmlns=\" http:=\"\" class=\"img-responsive\" alt=\"\" data-lazy-src=\"https:\/\/www.europesays.com\/fr\/wp-content\/uploads\/2025\/07\/beachcomber-e01-doubles-gosset-26-1170x275-1.jpg\"\/><\/a><\/p>\n<p>Difficile d\u2019imaginer la finale de la Race (13-16 novembre au <strong>Jumeirah Golf Estates<\/strong> de Duba\u00ef) sans <strong>Rory McIlroy<\/strong>. Cela tombe bien, l\u2019actuel n\u00b02 mondial, <a href=\"https:\/\/www.golfplanete.com\/actualites\/pourquoi-mcilroy-ne-sera-pas-la-pour-la-premiere-etape-des-playoffs\/\" target=\"_blank\" rel=\"noopener nofollow\">qui a d\u00e9cid\u00e9 de ne pas prendre le d\u00e9part du premier des trois volets des Playoffs de la FedEx Cup sur le PGA Tour cette semaine \u00e0 Memphis<\/a>, a confirm\u00e9 qu\u2019il sera bien pr\u00e9sent aux Emirats arabes unis cet automne.\u00a0<\/p>\n<p>Le Nord-Irlandais, vainqueur l\u2019an pass\u00e9 de son 3e <strong>DP World Tour Championship<\/strong> apr\u00e8s 2012 et 2015, tentera de d\u00e9crocher un 7e sacre \u00e0 la Race apr\u00e8s ceux de 2012, 2014, 2015, 2022, 2023 et 2024. L\u2019an pass\u00e9, McIlroy avait \u00e9gal\u00e9 les six succ\u00e8s du regrett\u00e9 <strong>Seve Ballesteros<\/strong> et n\u2019est plus, depuis, qu\u2019\u00e0 deux longueurs du recordman absolu, l\u2019Ecossais <strong>Colin Montgomerie<\/strong>.\u00a0<\/p>\n<p>\t\t\t\t\t<a id=\"181452\" href=\"https:\/\/www.fourseasonsmegevecollectionproam.com\/\" target=\"_blank\" rel=\"sponsorised nofollow noopener\"><img decoding=\"async\" src=\"data:image\/svg+xml,%3Csvg%20xmlns=\" http:=\"\" class=\"img-responsive\" alt=\"\" data-lazy-src=\"https:\/\/www.europesays.com\/fr\/wp-content\/uploads\/2025\/08\/swing-e05-proam-megeve25-1170x275-1.gif\"\/><\/a><br \/>\nSur les grands rendez-vous europ\u00e9ens de d\u00e9but septembre<\/p>\n<p><a href=\"https:\/\/www.golfplanete.com\/actualites\/masters-augusta-un-masters-legendaire-rory-mcilroy-pour-leternite\/\" target=\"_blank\" rel=\"noopener nofollow\">Vainqueur du Masters en avril dernier<\/a> et d\u00e9sormais d\u00e9tenteur du Grand Chelem en carri\u00e8re (\u00e0 savoir remporter les quatre Majeurs), le Britannique, 36 ans, occupe actuellement <a href=\"https:\/\/www.europeantour.com\/dpworld-tour\/rankings\/overview\/rankings\/\" target=\"_blank\" rel=\"noopener nofollow\">la t\u00eate de cette m\u00eame Race 2024-25<\/a> avec 3 157,16 points, soit 1 109 points d\u2019avance sur son dauphin, l\u2019Anglais <strong>Tyrrell Hatton<\/strong>.\u00a0<\/p>\n<p>Rory McIlroy a pour l\u2019instant disput\u00e9 deux tournois au calendrier propre du DP World Tour, le <strong>Hero Duba\u00ef Desert Classic<\/strong> o\u00f9 il a pris la 4e place finale, et le <strong>Genesis Scottish Open<\/strong>, co-sanctionn\u00e9 avec le <strong>PGA Tour<\/strong>, o\u00f9 il a fini 2e juste derri\u00e8re l\u2019Am\u00e9ricain <strong>Chris Gotterup<\/strong>. On le retrouvera au <strong>K-Club<\/strong> pour l\u2019<strong>Amgen Irish Open<\/strong> (4-7 septembre) puis \u00e0 <strong>Wentworth<\/strong> (Angleterre) pour le <strong>BMW PGA Championship<\/strong> (14-17 septembre), 3e <strong>Rolex Series<\/strong> de la saison.<\/p>\n<p>Il sera aussi au d\u00e9part de l\u2019<strong>Abu Dhabi HSBC Championship<\/strong>, premier des deux Play-offs de la Race regroupant du 6 au 9 novembre les 70 meilleurs joueurs de la saison. Seuls les 50 premiers \u00e0 l\u2019issue de ce 4e et avant-dernier Rolex Series de l\u2019ann\u00e9e se qualifieront pour la finale \u00e0 Duba\u00ef.\u00a0<\/p>\n<p>\t\t\t\t\t<a id=\"181442\" href=\"https:\/\/www.formigolf.fr\/voyage-pays~fairplay_golf__spa_resort_5etoiles_cadiz~199~espagne\" target=\"_blank\" rel=\"sponsorised nofollow noopener\"><img decoding=\"async\" src=\"data:image\/svg+xml,%3Csvg%20xmlns=\" http:=\"\" class=\"img-responsive\" alt=\"\" data-lazy-src=\"https:\/\/www.europesays.com\/fr\/wp-content\/uploads\/2025\/08\/formigolf-e08-andalousie-cadiz-1170x275-1.gif\"\/><\/a><\/p>\n<p>Photo : David Cannon Collection \/ Getty Images via AFP<\/p>\n<p>\t\t\t\t\t<a id=\"177181\" href=\"http:\/\/charleskent-golf.com\/andalucia-majors\/\" target=\"_blank\" rel=\"sponsorised nofollow noopener\"><img decoding=\"async\" src=\"data:image\/svg+xml,%3Csvg%20xmlns=\" http:=\"\" class=\"img-responsive\" alt=\"\" data-lazy-src=\"https:\/\/www.europesays.com\/fr\/wp-content\/uploads\/2025\/06\/charleskent-e03-andalucia-majors-1170x275-1.gif\"\/><\/a><\/p>\n","protected":false},"excerpt":{"rendered":"Partager cet article Partager la publication \u00ab\u00a0Rory McIlroy visera une septi\u00e8me couronne \u00e0 Duba\u00ef au mois de novembre\u00a0\u00bb&hellip;\n","protected":false},"author":2,"featured_media":300784,"comment_status":"","ping_status":"","sticky":false,"template":"","format":"standard","meta":{"footnotes":""},"categories":[1418],"tags":[1011,27,1472,60],"class_list":{"0":"post-300783","1":"post","2":"type-post","3":"status-publish","4":"format-standard","5":"has-post-thumbnail","7":"category-golf","8":"tag-fr","9":"tag-france","10":"tag-golf","11":"tag-sports"},"share_on_mastodon":{"url":"https:\/\/pubeurope.com\/@fr\/114982811240856965","error":""},"_links":{"self":[{"href":"https:\/\/www.europesays.com\/fr\/wp-json\/wp\/v2\/posts\/300783","targetHints":{"allow":["GET"]}}],"collection":[{"href":"https:\/\/www.europesays.com\/fr\/wp-json\/wp\/v2\/posts"}],"about":[{"href":"https:\/\/www.europesays.com\/fr\/wp-json\/wp\/v2\/types\/post"}],"author":[{"embeddable":true,"href":"https:\/\/www.europesays.com\/fr\/wp-json\/wp\/v2\/users\/2"}],"replies":[{"embeddable":true,"href":"https:\/\/www.europesays.com\/fr\/wp-json\/wp\/v2\/comments?post=300783"}],"version-history":[{"count":0,"href":"https:\/\/www.europesays.com\/fr\/wp-json\/wp\/v2\/posts\/300783\/revisions"}],"wp:featuredmedia":[{"embeddable":true,"href":"https:\/\/www.europesays.com\/fr\/wp-json\/wp\/v2\/media\/300784"}],"wp:attachment":[{"href":"https:\/\/www.europesays.com\/fr\/wp-json\/wp\/v2\/media?parent=300783"}],"wp:term":[{"taxonomy":"category","embeddable":true,"href":"https:\/\/www.europesays.com\/fr\/wp-json\/wp\/v2\/categories?post=300783"},{"taxonomy":"post_tag","embeddable":true,"href":"https:\/\/www.europesays.com\/fr\/wp-json\/wp\/v2\/tags?post=300783"}],"curies":[{"name":"wp","href":"https:\/\/api.w.org\/{rel}","templated":true}]}}