{"id":300787,"date":"2025-08-06T16:42:10","date_gmt":"2025-08-06T16:42:10","guid":{"rendered":"https:\/\/www.europesays.com\/fr\/300787\/"},"modified":"2025-08-06T16:42:10","modified_gmt":"2025-08-06T16:42:10","slug":"atp-wta-nouveau-couple-en-vue-a-lus-open-zverev-a-trouve-sa-partenaire","status":"publish","type":"post","link":"https:\/\/www.europesays.com\/fr\/300787\/","title":{"rendered":"ATP &#8211; WTA > Nouveau couple en vue \u00e0 l&rsquo;US Open, Zverev a trouv\u00e9 sa partenaire"},"content":{"rendered":"<p>Cette ann\u00e9e, le tournoi de double mixte de l\u2019US Open fait \u00e9nor\u00adm\u00e9\u00adment parler de lui, aussi bien chez les fans que chez les joueurs.<\/p>\n<p>Le casting se d\u00e9voi\u00adlant petit \u00e0 petit, on apprend cette fois\u2010ci la forma\u00adtion d\u2019une paire qui risque de tenir t\u00eate \u00e0 de nombreuses \u00e9quipes lors de ce tournoi.<\/p>\n<blockquote class=\"twitter-tweet\" data-width=\"550\" data-dnt=\"true\">\n<p lang=\"en\" dir=\"ltr\">Former Olympics singles cham\u00adpions, Belinda Bencic and\u00a0Alexander Zverev, are part\u00adne\u00adring up in New York in hopes of taking home the Mixed Doubles title\u202f! \ud83c\udfc6<a href=\"https:\/\/t.co\/JHA7fnuwvx\" data-wpel-link=\"external\" target=\"_blank\" rel=\"nofollow external noopener\">https:\/\/t.co\/JHA7fnuwvx<\/a><\/p>\n<p>\u2014 US Open Tennis (@usopen) <a href=\"https:\/\/twitter.com\/usopen\/status\/1953097683041734799?ref_src=twsrc%5Etfw\" data-wpel-link=\"external\" target=\"_blank\" rel=\"nofollow external noopener\">August 6,\u00a02025<\/a><\/p><\/blockquote>\n<p>En effet, l\u2019or\u00adga\u00adni\u00adsa\u00adtion de l\u2019US Open vient d\u2019an\u00adnoncer via son compte X qu\u2019Alexander Zverev et Belinda Bencic feront \u00e9quipe lors du double mixte 2025 de l\u2019US\u00a0Open.<\/p>\n<p>Les deux joueurs avaient chacun remport\u00e9 les Jeux olym\u00adpiques de Tokyo en simple, et ont d\u00e9cid\u00e9 cette fois\u2010ci de s\u2019associer en double.<\/p>\n<p>Les meilleurs joueurs et joueuses mondiaux parti\u00adcipent \u00e0 ce tournoi, il n\u2019est donc pas surpre\u00adnant de voir l\u2019Allemand \u00e0 New York, \u00e0 la fin de l\u2019\u00e9t\u00e9, aux c\u00f4t\u00e9s de la Suissesse.<\/p>\n<p class=\"post-published-date\" style=\"color: silver; font-size: 75%; text-align: left;\">Publi\u00e9 le mercredi 6 ao\u00fbt 2025 \u00e0 17:45<\/p>\n<p><script async src=\"https:\/\/platform.twitter.com\/widgets.js\" charset=\"utf-8\"><\/script><\/p>\n","protected":false},"excerpt":{"rendered":"Cette ann\u00e9e, le tournoi de double mixte de l\u2019US Open fait \u00e9nor\u00adm\u00e9\u00adment parler de lui, aussi bien chez&hellip;\n","protected":false},"author":2,"featured_media":300788,"comment_status":"","ping_status":"","sticky":false,"template":"","format":"standard","meta":{"footnotes":""},"categories":[1415],"tags":[42846,1011,27,60,1467,4542],"class_list":{"0":"post-300787","1":"post","2":"type-post","3":"status-publish","4":"format-standard","5":"has-post-thumbnail","7":"category-tennis","8":"tag-bencic","9":"tag-fr","10":"tag-france","11":"tag-sports","12":"tag-tennis","13":"tag-zverev"},"share_on_mastodon":{"url":"https:\/\/pubeurope.com\/@fr\/114982823043162221","error":""},"_links":{"self":[{"href":"https:\/\/www.europesays.com\/fr\/wp-json\/wp\/v2\/posts\/300787","targetHints":{"allow":["GET"]}}],"collection":[{"href":"https:\/\/www.europesays.com\/fr\/wp-json\/wp\/v2\/posts"}],"about":[{"href":"https:\/\/www.europesays.com\/fr\/wp-json\/wp\/v2\/types\/post"}],"author":[{"embeddable":true,"href":"https:\/\/www.europesays.com\/fr\/wp-json\/wp\/v2\/users\/2"}],"replies":[{"embeddable":true,"href":"https:\/\/www.europesays.com\/fr\/wp-json\/wp\/v2\/comments?post=300787"}],"version-history":[{"count":0,"href":"https:\/\/www.europesays.com\/fr\/wp-json\/wp\/v2\/posts\/300787\/revisions"}],"wp:featuredmedia":[{"embeddable":true,"href":"https:\/\/www.europesays.com\/fr\/wp-json\/wp\/v2\/media\/300788"}],"wp:attachment":[{"href":"https:\/\/www.europesays.com\/fr\/wp-json\/wp\/v2\/media?parent=300787"}],"wp:term":[{"taxonomy":"category","embeddable":true,"href":"https:\/\/www.europesays.com\/fr\/wp-json\/wp\/v2\/categories?post=300787"},{"taxonomy":"post_tag","embeddable":true,"href":"https:\/\/www.europesays.com\/fr\/wp-json\/wp\/v2\/tags?post=300787"}],"curies":[{"name":"wp","href":"https:\/\/api.w.org\/{rel}","templated":true}]}}