{"id":300791,"date":"2025-08-06T16:45:12","date_gmt":"2025-08-06T16:45:12","guid":{"rendered":"https:\/\/www.europesays.com\/fr\/300791\/"},"modified":"2025-08-06T16:45:12","modified_gmt":"2025-08-06T16:45:12","slug":"verstappen-ne-croit-plus-a-la-victoire-mekies-plus-optimiste","status":"publish","type":"post","link":"https:\/\/www.europesays.com\/fr\/300791\/","title":{"rendered":"Verstappen ne croit plus \u00e0 la victoire, Mekies plus optimiste"},"content":{"rendered":"<p>Vainqueur \u00e0 Suzuka et Imola en d\u00e9but de saison, <a href=\"https:\/\/fr.motorsport.com\/driver\/max-verstappen\/93029\/\" target=\"_blank\" rel=\"noopener\">Max Verstappen<\/a> ne s&rsquo;imagine pas faire d&rsquo;autres miracles d&rsquo;ici la fin de la saison. <a href=\"https:\/\/fr.motorsport.com\/team\/red-bull\/553\/\" target=\"_blank\" rel=\"noopener\">Red Bull<\/a> a v\u00e9cu un week-end p\u00e9nible au Hungaroring o\u00f9, interrog\u00e9 sur ses chances de gagner un autre Grand Prix dans des circonstances \u00ab\u00a0normales\u00a0\u00bb en 2025, le N\u00e9erlandais s&rsquo;est montr\u00e9 tr\u00e8s pessimiste.\u00a0\u00ab\u00a0Non, pas dans la situation actuelle. C&rsquo;est tout simplement comme \u00e7a et c&rsquo;est \u00e9vident\u00a0\u00bb, a-t-il r\u00e9pondu, s&rsquo;estimant par ailleurs exclu de la course au titre.\u00a0<\/p>\n<p>Pourtant, le pessimisme du quadruple champion du monde n&rsquo;est pas partag\u00e9 par son nouveau patron, Laurent Mekies, qui a succ\u00e9d\u00e9 le mois dernier \u00e0 Christian Horner. Si la RB21 est apparue en tr\u00e8s grande d\u00e9licatesse lors du Grand Prix de Hongrie, le Fran\u00e7ais y voit plut\u00f4t un cas isol\u00e9 qui ne pr\u00e9figure pas forc\u00e9ment d&rsquo;une deuxi\u00e8me partie de saison d\u00e9sastreuse.\u00a0<\/p>\n<p>\u00ab\u00a0C&rsquo;\u00e9tait un week-end difficile\u00a0\u00bb, reconna\u00eet-il volontiers devant les propos formul\u00e9s par son pilote. \u00ab\u00a0Je ne pense pas que ce qu&rsquo;on a vu ce week-end refl\u00e8te r\u00e9ellement le niveau de la voiture. Nous acceptons le fait de ne probablement pas \u00eatre tr\u00e8s performants sur des circuits comme celui-ci, mais ce que nous avons vu aujourd&rsquo;hui [dimanche] \u00e9tait frappant.\u00a0\u00bb <\/p>\n<p>\u00ab\u00a0Si l&rsquo;on regarde bien, oui, <a href=\"https:\/\/fr.motorsport.com\/team\/mclaren\/609\/\" target=\"_blank\" rel=\"noopener\">McLaren<\/a> est plus rapide, c&rsquo;est ind\u00e9niable. Mais prenez Spa\u00a0: Max a \u00e9t\u00e9 capable de se battre, notamment le samedi, et de surprendre tout le monde lors de la course sprint. Donc on verra. La saison est encore tr\u00e8s longue.\u00a0\u00bb <\/p>\n<p>\u00ab\u00a0M\u00eame si le d\u00e9veloppement de la voiture va fortement ralentir, voire \u00eatre quasiment gel\u00e9 \u00e0 partir de maintenant, on a encore beaucoup de choses \u00e0 apprendre, comme ce week-end l&rsquo;a montr\u00e9. Et \u00e0 travers \u00e7a, aussi difficile et inconfortable que ce soit, c&rsquo;est dans ce genre de week-ends qu&rsquo;on apprend le plus, fondamentalement. Autant le vivre maintenant. On va apprendre, et si on parvient \u00e0 tirer un peu plus de la voiture gr\u00e2ce \u00e0 des week-ends comme celui-ci, alors on pourra peut-\u00eatre offrir un meilleur combat.\u00a0\u00bb<\/p>\n<p>Laurent Mekies rejoint davantage <a href=\"https:\/\/fr.motorsport.com\/f1\/news\/red-bull-rejouir-pas-pris-tour-marko\/10748167\/\" target=\"_self\" rel=\"noopener\">le point de vue d&rsquo;Helmut Marko<\/a>, selon qui l&rsquo;\u00e9curie de Milton Keynes a identifi\u00e9 ce qui n&rsquo;avait pas fonctionn\u00e9 du tout \u00e0 Budapest avec l&rsquo;espoir d\u00e9j\u00e0 affich\u00e9 de ne pas voir cette situation se reproduire.\u00a0<\/p>\n<p>\u00ab\u00a0Je suis moi aussi assez confiant pour que ce ne soit qu&rsquo;un cas isol\u00e9\u00a0\u00bb, acquiesce-t-il. \u00ab\u00a0Cela ne change pas le fait que nous avons une fen\u00eatre d&rsquo;exploitation tr\u00e8s \u00e9troite. Mais \u00eatre aussi loin de cette fen\u00eatre, de mani\u00e8re aussi marqu\u00e9e, au vu de tous les tests effectu\u00e9s ce week-end, y compris en course&#8230; Je suis confiant pour que cela reste un cas isol\u00e9.\u00a0\u00bb <\/p>\n<p>\u00ab\u00a0Et pour rebondir sur ce que disait Helmut, c&rsquo;est vrai que le probl\u00e8me venait principalement des virages lents et interm\u00e9diaires. Cela indique donc davantage une question de gestion et de fonctionnement des pneus plut\u00f4t qu&rsquo;un souci de performance pure.\u00a0\u00bb<\/p>\n<p>\u00a0<br \/>\n<img decoding=\"async\" class=\"sizer\" draggable=\"false\" src=\"data:image\/png;base64,iVBORw0KGgoAAAANSUhEUgAAABAAAAAJCAYAAAA7KqwyAAAAGXRFWHRTb2Z0d2FyZQBBZG9iZSBJbWFnZVJlYWR5ccllPAAAABpJREFUeNpi\/P\/\/PwMlgImBQjBqwLAwACDAAOVfAw9\/ZDvcAAAAAElFTkSuQmCC\" alt=\"\" loading=\"lazy\"\/><\/p>\n<p class=\"title\">VID\u00c9O &#8211; R\u00c9SUM\u00c9 : Les meilleurs moments du GP de Hongrie<\/p>\n<p>Dans cet article<\/p>\n<p>Soyez le premier inform\u00e9 et souscrivez aux alertes mails pour recevoir les infos en temps r\u00e9el<\/p>\n<p>    S&rsquo;abonner aux alertes de news<\/p>\n","protected":false},"excerpt":{"rendered":"Vainqueur \u00e0 Suzuka et Imola en d\u00e9but de saison, Max Verstappen ne s&rsquo;imagine pas faire d&rsquo;autres miracles d&rsquo;ici&hellip;\n","protected":false},"author":2,"featured_media":300792,"comment_status":"","ping_status":"","sticky":false,"template":"","format":"standard","meta":{"footnotes":""},"categories":[1412],"tags":[1451,1452,1453,1454,1455,1011,27,26916,2236,44091,2255,60,44090],"class_list":{"0":"post-300791","1":"post","2":"type-post","3":"status-publish","4":"format-standard","5":"has-post-thumbnail","7":"category-f1","8":"tag-f1","9":"tag-formula-1","10":"tag-formula1","11":"tag-formule-1","12":"tag-formule1","13":"tag-fr","14":"tag-france","15":"tag-laurent-mekies","16":"tag-max-verstappen","17":"tag-mekies-plus-optimiste","18":"tag-red-bull","19":"tag-sports","20":"tag-verstappen-ne-croit-plus-u00e0-la-victoire"},"share_on_mastodon":{"url":"https:\/\/pubeurope.com\/@fr\/114982834898196876","error":""},"_links":{"self":[{"href":"https:\/\/www.europesays.com\/fr\/wp-json\/wp\/v2\/posts\/300791","targetHints":{"allow":["GET"]}}],"collection":[{"href":"https:\/\/www.europesays.com\/fr\/wp-json\/wp\/v2\/posts"}],"about":[{"href":"https:\/\/www.europesays.com\/fr\/wp-json\/wp\/v2\/types\/post"}],"author":[{"embeddable":true,"href":"https:\/\/www.europesays.com\/fr\/wp-json\/wp\/v2\/users\/2"}],"replies":[{"embeddable":true,"href":"https:\/\/www.europesays.com\/fr\/wp-json\/wp\/v2\/comments?post=300791"}],"version-history":[{"count":0,"href":"https:\/\/www.europesays.com\/fr\/wp-json\/wp\/v2\/posts\/300791\/revisions"}],"wp:featuredmedia":[{"embeddable":true,"href":"https:\/\/www.europesays.com\/fr\/wp-json\/wp\/v2\/media\/300792"}],"wp:attachment":[{"href":"https:\/\/www.europesays.com\/fr\/wp-json\/wp\/v2\/media?parent=300791"}],"wp:term":[{"taxonomy":"category","embeddable":true,"href":"https:\/\/www.europesays.com\/fr\/wp-json\/wp\/v2\/categories?post=300791"},{"taxonomy":"post_tag","embeddable":true,"href":"https:\/\/www.europesays.com\/fr\/wp-json\/wp\/v2\/tags?post=300791"}],"curies":[{"name":"wp","href":"https:\/\/api.w.org\/{rel}","templated":true}]}}