{"id":300799,"date":"2025-08-06T16:49:10","date_gmt":"2025-08-06T16:49:10","guid":{"rendered":"https:\/\/www.europesays.com\/fr\/300799\/"},"modified":"2025-08-06T16:49:10","modified_gmt":"2025-08-06T16:49:10","slug":"lartiste-corse-mario-sepulcre-celebre-ses-trente-ans-datelier-a-villanova-en-corse-du-sud","status":"publish","type":"post","link":"https:\/\/www.europesays.com\/fr\/300799\/","title":{"rendered":"L&rsquo;artiste corse Mario Sepulcre c\u00e9l\u00e8bre ses trente ans d&rsquo;atelier \u00e0 Villanova en Corse-du-Sud"},"content":{"rendered":"<p>Des natures mortes, des drap\u00e9s, des sujets religieux, mythologiques, ou encore des dessins. Pour sa prochaine exposition, qui aura lieu du 8 au 10\u00a0ao\u00fbt prochains \u00e0 Villanova, Mario Sepulcre a s\u00e9lectionn\u00e9 une cinquantaine de ses \u0153uvres r\u00e9alis\u00e9es au cours des trente derni\u00e8res ann\u00e9es.<\/p>\n<p>\u00ab\u00a0Il s&rsquo;agit de proposer un \u00e9ventail de mes recherches et de mes th\u00e8mes de pr\u00e9dilection, de l&rsquo;art sacr\u00e9 au symbolisme, en passant par les citrons, explique l&rsquo;artiste. Cette exposition est particuli\u00e8re, car elle repr\u00e9sente un remerciement envers la commune de Villanova, qui m&rsquo;a permis d&rsquo;occuper l&rsquo;atelier situ\u00e9 dans le b\u00e2timent de la mairie, \u00e0 l&rsquo;\u00e9tage au-dessus de cette pi\u00e8ce o\u00f9 les toiles seront pr\u00e9sent\u00e9es au public. Sans ce lieu, depuis trente ans, je n&rsquo;aurais pas pu stabiliser mon travail sur le long terme\u00a0\u00bb.<\/p>\n<p>\u00ab\u00a0Plus de trois cents tableaux r\u00e9alis\u00e9s ici\u00a0\u00bb<\/p>\n<p>Originaire de Loreto-di-Casinca par sa m\u00e8re, le peintre \u00e2g\u00e9 de 68 ans s&rsquo;installe en 1994 dans le village de Villanova, qu&rsquo;il n&rsquo;a plus quitt\u00e9 depuis. \u00ab\u00a0Cette m\u00eame ann\u00e9e, le maire de l&rsquo;\u00e9poque, Pierrot Carette, m&rsquo;a permis d&rsquo;investir l&rsquo;atelier communal, relate-t-il. Ses successeurs, Dum\u00e9 Bianchi, puis Antoine Vincileoni, ont maintenu \u00e0 leur tour cette d\u00e9cision, m&rsquo;offrant ainsi des conditions id\u00e9ales pour cr\u00e9er. Ici, j&rsquo;ai r\u00e9alis\u00e9 plus de trois cents tableaux, que je dois stocker par ailleurs pour des questions de place\u00a0\u00bb.<\/p>\n","protected":false},"excerpt":{"rendered":"Des natures mortes, des drap\u00e9s, des sujets religieux, mythologiques, ou encore des dessins. Pour sa prochaine exposition, qui&hellip;\n","protected":false},"author":2,"featured_media":300800,"comment_status":"","ping_status":"","sticky":false,"template":"","format":"standard","meta":{"footnotes":""},"categories":[1358],"tags":[17,1348,1384,1385,3010,2517,1687,1386,58,59,1011,27,12420,10601,44092,2407,27670],"class_list":{"0":"post-300799","1":"post","2":"type-post","3":"status-publish","4":"format-standard","5":"has-post-thumbnail","7":"category-arts-et-design","8":"tag-17","9":"tag-arts","10":"tag-arts-and-design","11":"tag-arts-et-design","12":"tag-celebre","13":"tag-corse","14":"tag-culture-loisirs","15":"tag-design","16":"tag-divertissement","17":"tag-entertainment","18":"tag-fr","19":"tag-france","20":"tag-lartiste","21":"tag-mario","22":"tag-sepulcre","23":"tag-ses","24":"tag-trente"},"share_on_mastodon":{"url":"https:\/\/pubeurope.com\/@fr\/114982850636820188","error":""},"_links":{"self":[{"href":"https:\/\/www.europesays.com\/fr\/wp-json\/wp\/v2\/posts\/300799","targetHints":{"allow":["GET"]}}],"collection":[{"href":"https:\/\/www.europesays.com\/fr\/wp-json\/wp\/v2\/posts"}],"about":[{"href":"https:\/\/www.europesays.com\/fr\/wp-json\/wp\/v2\/types\/post"}],"author":[{"embeddable":true,"href":"https:\/\/www.europesays.com\/fr\/wp-json\/wp\/v2\/users\/2"}],"replies":[{"embeddable":true,"href":"https:\/\/www.europesays.com\/fr\/wp-json\/wp\/v2\/comments?post=300799"}],"version-history":[{"count":0,"href":"https:\/\/www.europesays.com\/fr\/wp-json\/wp\/v2\/posts\/300799\/revisions"}],"wp:featuredmedia":[{"embeddable":true,"href":"https:\/\/www.europesays.com\/fr\/wp-json\/wp\/v2\/media\/300800"}],"wp:attachment":[{"href":"https:\/\/www.europesays.com\/fr\/wp-json\/wp\/v2\/media?parent=300799"}],"wp:term":[{"taxonomy":"category","embeddable":true,"href":"https:\/\/www.europesays.com\/fr\/wp-json\/wp\/v2\/categories?post=300799"},{"taxonomy":"post_tag","embeddable":true,"href":"https:\/\/www.europesays.com\/fr\/wp-json\/wp\/v2\/tags?post=300799"}],"curies":[{"name":"wp","href":"https:\/\/api.w.org\/{rel}","templated":true}]}}