{"id":300801,"date":"2025-08-06T16:50:09","date_gmt":"2025-08-06T16:50:09","guid":{"rendered":"https:\/\/www.europesays.com\/fr\/300801\/"},"modified":"2025-08-06T16:50:09","modified_gmt":"2025-08-06T16:50:09","slug":"essai-temoignage-et-petits-gens-a-la-page-2001","status":"publish","type":"post","link":"https:\/\/www.europesays.com\/fr\/300801\/","title":{"rendered":"essai, t\u00e9moignage et \u00ab\u00a0petits gens\u00a0\u00bb \u00e0 La Page 2001"},"content":{"rendered":"<p>            Par<br \/>\n        <strong><br \/>\n            <a href=\"https:\/\/actu.fr\/auteur\/journaliste-rg\" title=\"Consulter tous les articles de R\u00e9daction Pontoise\" rel=\"nofollow noopener\" target=\"_blank\">R\u00e9daction Pontoise<\/a><br \/>\n        <\/strong><\/p>\n<p>        Publi\u00e9 le<\/p>\n<p>            6 ao\u00fbt 2025 \u00e0 18h30        <\/p>\n<p>\u00c0 la page 2001 \u00e0 <a href=\"https:\/\/actu.fr\/ile-de-france\/saint-leu-la-foret_95563\" rel=\"nofollow noopener\" target=\"_blank\">Saint-Leu-la-For\u00eat<\/a> (<b>Val-d\u2019Oise<\/b>), Nadia, libraire, et Nelly, responsable de l\u2019association <b>Les amis de la page<\/b>, travaillent ensemble pour faire vivre le lieu. Avec l\u2019appui des adh\u00e9rents, elles ont concoct\u00e9 une s\u00e9lection de trois ouvrages marquants \u00e0 glisser dans un sac pour les vacances.<\/p>\n<p>Maladie mentale<\/p>\n<p class=\" wall-content\">Premier livre d\u2019Ad\u00e8le Yon, Mon vrai nom est Elisabeth est difficile \u00e0 classer. \u00ab\u00a0C\u2019est son premier livre, c\u2019est \u00e0 la fois un essai, une recherche et des rencontres.\u00a0\u00bb<\/p>\n<p class=\" wall-content\">Un livre hybride qui \u00e9voque la maladie mentale, le tabou dans les familles et les r\u00e9percussions sur les g\u00e9n\u00e9rations futures. Il n\u2019y a pas de jugement, mais des faits, v\u00e9cus soit par la narratrice, soit par sa famille. Cette derni\u00e8re est dans la peur d\u2019avoir aussi une maladie mentale.<\/p>\n<p class=\" wall-content\">\u00ab\u00a0C\u2019est tr\u00e8s \u00e9mouvant. Et le style est g\u00e9nial. \u00c7a alterne des passages presque journalistiques avec des narrations.\u00a0\u00bb<\/p>\n<p>R\u00e9cit frontal<\/p>\n<p class=\" wall-content\">Avec Un historien \u00e0 Gaza, Jean-Pierre Filiu, historien sp\u00e9cialiste du Moyen-Orient, livre bien plus qu\u2019un simple t\u00e9moignage : il pousse un cri. Un r\u00e9cit \u00e0 la fois personnel, historique et humanitaire apr\u00e8s son s\u00e9jour d\u2019un mois dans la bande de Gaza durant l\u2019hiver dernier au sein d\u2019une mission de M\u00e9decins sans fronti\u00e8res.<\/p>\n<p class=\" wall-content\">Ni journal de bord, ni chronique, ce r\u00e9cit frontal raconte ce que les mots ne peuvent souvent qu\u2019effleurer : l\u2019horreur, l\u2019injustice, la sid\u00e9ration. \u00ab\u00a0C\u2019est un cas de conscience\u00a0\u00bb, ajoute Nadia.<\/p>\n<p>Campagne profonde<\/p>\n<p class=\" wall-content\">Dans Loin du soleil, Fran\u00e7oise Henry nous emm\u00e8ne dans un hameau d\u2019une campagne profonde, quelque part en France, \u00ab\u00a0les h\u00e9ros\u00a0\u00bb de cette histoire, racont\u00e9e par Greta (la voisine), son Lo\u00efc, le fils de la ferme d\u2019\u00e0 c\u00f4t\u00e9, ses parents, Augustin, plombier zingueur, un peu brut de d\u00e9coffrage et la belle Nadine, qui mourra pr\u00e9matur\u00e9ment \u00e0 26 ans.<\/p>\n<p class=\" wall-content\">Dans une langue d\u2019une simplicit\u00e9 lumineuse, Fran\u00e7oise Henry dessine des figures humaines d\u2019une justesse poignante. Elle donne une voix \u00e0 ceux qu\u2019on ne remarque pas : \u00ab\u00a0les petits gens\u00a0\u00bb, comme elle les appelle.<\/p>\n<p class=\" wall-content\">\u00ab\u00a0On l\u2019a fait venir \u00e0 la librairie\u2026 Onze livres et une tr\u00e8s belle plume. Dans ses livres, elle s\u2019int\u00e9resse aux petits gens, aux personnes qui paraissent insignifiantes, mais qu\u2019elle arrive \u00e0 transformer en de vrais personnages.\u00a0\u00bb<\/p>\n<p class=\" wall-content\">Matthias JEAN<\/p>\n<p>    <a href=\"https:\/\/maps.google.com\/maps?q=49.017718108599034,2.2457902463493173&amp;z=15&amp;output=embed\" title=\"Ouvrie le lien\" rel=\"nofollow noopener\" target=\"_blank\">Cliquez ici pour visualiser le contenu<\/a><\/p>\n<p>\u00c0 La Page 2001, 16, rue du G\u00e9n\u00e9ral-Leclerc, \u00e0 Saint-Leu-la-For\u00eat.<\/p>\n<p class=\" wall-content\">Suivez toute l\u2019actualit\u00e9 de vos villes et m\u00e9dias favoris en vous inscrivant \u00e0 <a href=\"https:\/\/moncompte.actu.fr\" title=\"D\u00e9couvez Mon Actu\" rel=\"nofollow noopener\" data-trk=\"{&quot;cta&quot;:{&quot;action&quot;:&quot;https:\\\/\\\/moncompte.actu.fr&quot;,&quot;category&quot;:&quot;mon compte&quot;,&quot;from&quot;:&quot;article footer&quot;,&quot;name&quot;:&quot;Mon actu&quot;,&quot;type&quot;:&quot;cta&quot;}}\" target=\"_blank\">Mon Actu<\/a>.<\/p>\n","protected":false},"excerpt":{"rendered":"Par R\u00e9daction Pontoise Publi\u00e9 le 6 ao\u00fbt 2025 \u00e0 18h30 \u00c0 la page 2001 \u00e0 Saint-Leu-la-For\u00eat (Val-d\u2019Oise), Nadia,&hellip;\n","protected":false},"author":2,"featured_media":300802,"comment_status":"","ping_status":"","sticky":false,"template":"","format":"standard","meta":{"footnotes":""},"categories":[1357],"tags":[1379,58,59,1011,27,1380,1652],"class_list":{"0":"post-300801","1":"post","2":"type-post","3":"status-publish","4":"format-standard","5":"has-post-thumbnail","7":"category-livres","8":"tag-books","9":"tag-divertissement","10":"tag-entertainment","11":"tag-fr","12":"tag-france","13":"tag-livres","14":"tag-loisirs-culture"},"share_on_mastodon":{"url":"https:\/\/pubeurope.com\/@fr\/114982854657751856","error":""},"_links":{"self":[{"href":"https:\/\/www.europesays.com\/fr\/wp-json\/wp\/v2\/posts\/300801","targetHints":{"allow":["GET"]}}],"collection":[{"href":"https:\/\/www.europesays.com\/fr\/wp-json\/wp\/v2\/posts"}],"about":[{"href":"https:\/\/www.europesays.com\/fr\/wp-json\/wp\/v2\/types\/post"}],"author":[{"embeddable":true,"href":"https:\/\/www.europesays.com\/fr\/wp-json\/wp\/v2\/users\/2"}],"replies":[{"embeddable":true,"href":"https:\/\/www.europesays.com\/fr\/wp-json\/wp\/v2\/comments?post=300801"}],"version-history":[{"count":0,"href":"https:\/\/www.europesays.com\/fr\/wp-json\/wp\/v2\/posts\/300801\/revisions"}],"wp:featuredmedia":[{"embeddable":true,"href":"https:\/\/www.europesays.com\/fr\/wp-json\/wp\/v2\/media\/300802"}],"wp:attachment":[{"href":"https:\/\/www.europesays.com\/fr\/wp-json\/wp\/v2\/media?parent=300801"}],"wp:term":[{"taxonomy":"category","embeddable":true,"href":"https:\/\/www.europesays.com\/fr\/wp-json\/wp\/v2\/categories?post=300801"},{"taxonomy":"post_tag","embeddable":true,"href":"https:\/\/www.europesays.com\/fr\/wp-json\/wp\/v2\/tags?post=300801"}],"curies":[{"name":"wp","href":"https:\/\/api.w.org\/{rel}","templated":true}]}}